{"id":50113,"date":"2025-12-03T22:25:43","date_gmt":"2025-12-03T22:25:43","guid":{"rendered":"https:\/\/historiografija.hr\/?p=50113"},"modified":"2026-03-28T22:02:22","modified_gmt":"2026-03-28T22:02:22","slug":"promocija-knjige-dragana-popovica-gubljenje-ljudskosti-srebrenica-kao-istorijska-cinjenica-u-puli","status":"publish","type":"post","link":"https:\/\/historiografija.hr\/?p=50113","title":{"rendered":"Promocija knjige Dragana Popovi\u0107a &#8220;Gubljenje ljudskosti. Srebrenica kao istorijska \u010dinjenica\u201d u Puli"},"content":{"rendered":"\n<p>SENSE Centar u Puli u nedjelju 7.12.2025. u 17.00 predstavlja knjigu Dragana Popovi\u0107a &#8220;Gubljenje ljudskosti&#8221;, studiju koja ve\u0107 svojim naslovom nadilazi neposredan predmet autorovog izu\u010davanja navedenog u podnaslovu &#8211; \u201cSrebrenica kao istorijska \u010dinjenica\u201d.<\/p>\n\n\n\n<p>Temeljena na bogatim materijalima iz arhiva Me\u0111unarodnog kaznenog suda za biv\u0161u Jugoslaviju (MKSJ), knjiga na pristupa\u010dan na\u010din otvara prostor za razumijevanje mehanizma dehumanizacije i poricanja, tema koje su i dalje izrazito aktualne u na\u0161em okru\u017eenju.<\/p>\n\n\n\n<p>Izdavanje i promociju knjige pomogla je organizacija ProPeace.de, a pored autora Dragana Popovi\u0107a o knjizi \u0107e govoriti Jovana Kolari\u0107, istra\u017eiva\u010dica iz Beograda i profesor Branimir Jankovi\u0107, histori\u010dar sa Filozofskog fakulteta Sveu\u010dili\u0161ta u Zagrebu. Moderirat \u0107e Mina Vidakovi\u0107, voditeljica SENSE Centra.<\/p>\n\n\n\n<p>Pridru\u017eite nam se i budite dio ve\u010deri koja poti\u010de razmi\u0161ljanje, empatiju i odgovornost.<\/p>\n\n\n\n<hr class=\"wp-block-separator has-alpha-channel-opacity\"\/>\n\n\n\n<p>Izvori i dodatne obavijesti:<\/p>\n\n\n\n<p><a href=\"https:\/\/www.facebook.com\/SENSETJC\">https:\/\/www.facebook.com\/SENSETJC<\/a><\/p>\n\n\n\n<p><a href=\"https:\/\/www.facebook.com\/events\/706383158792101\">https:\/\/www.facebook.com\/events\/706383158792101<\/a><\/p>\n\n\n\n<p><a href=\"https:\/\/historiografija.ba\/historija-u-javnosti\/dogadjaji\/u-puli-ce-biti-predstavljena-knjiga-o-genocidu-u-srebrenici\">https:\/\/historiografija.ba\/historija-u-javnosti\/dogadjaji\/u-puli-ce-biti-predstavljena-knjiga-o-genocidu-u-srebrenici<\/a><\/p>\n\n\n\n<p><a href=\"https:\/\/www.istra24.hr\/kultura\/predstavljanje-knjige-gubljenje-ljudskosti-autora-dragana-popovica\">https:\/\/www.istra24.hr\/kultura\/predstavljanje-knjige-gubljenje-ljudskosti-autora-dragana-popovica<\/a><\/p>\n\n\n\n<hr class=\"wp-block-separator has-alpha-channel-opacity\"\/>\n\n\n\n<figure class=\"wp-block-embed is-type-video is-provider-youtube wp-block-embed-youtube wp-embed-aspect-16-9 wp-has-aspect-ratio\"><div class=\"wp-block-embed__wrapper\">\n<span class=\"embed-youtube\" style=\"text-align:center; display: block;\"><iframe loading=\"lazy\" class=\"youtube-player\" width=\"860\" height=\"484\" src=\"https:\/\/www.youtube.com\/embed\/7Bg1CloDdC4?version=3&#038;rel=1&#038;showsearch=0&#038;showinfo=1&#038;iv_load_policy=1&#038;fs=1&#038;hl=hr&#038;autohide=2&#038;wmode=transparent\" allowfullscreen=\"true\" style=\"border:0;\" sandbox=\"allow-scripts allow-same-origin allow-popups allow-presentation allow-popups-to-escape-sandbox\"><\/iframe><\/span>\n<\/div><\/figure>\n\n\n\n<hr class=\"wp-block-separator has-alpha-channel-opacity\"\/>\n\n\n\n<p>Prethodne obavijesti na portalu Historiografija.hr:<\/p>\n\n\n\n<figure class=\"wp-block-embed is-type-wp-embed is-provider-historiografija-hr wp-block-embed-historiografija-hr\"><div class=\"wp-block-embed__wrapper\">\n<blockquote class=\"wp-embedded-content\" data-secret=\"M14euTEM0s\"><a href=\"https:\/\/historiografija.hr\/?p=46741\">Razgovor o knjizi Dragana Popovi\u0107a o genocidu u Srebrenici \u201eGubljenje ljudskosti\u201c u Novom Sadu<\/a><\/blockquote><iframe loading=\"lazy\" class=\"wp-embedded-content\" sandbox=\"allow-scripts\" security=\"restricted\" style=\"position: absolute; visibility: hidden;\" title=\"&#8220;Razgovor o knjizi Dragana Popovi\u0107a o genocidu u Srebrenici \u201eGubljenje ljudskosti\u201c u Novom Sadu&#8221; &#8212; Historiografija.hr\" src=\"https:\/\/historiografija.hr\/?p=46741&#038;embed=true#?secret=JDeZOVngQh#?secret=M14euTEM0s\" data-secret=\"M14euTEM0s\" width=\"600\" height=\"338\" frameborder=\"0\" marginwidth=\"0\" marginheight=\"0\" scrolling=\"no\"><\/iframe>\n<\/div><\/figure>\n\n\n\n<hr class=\"wp-block-separator has-alpha-channel-opacity\"\/>\n\n\n\n<figure class=\"wp-block-embed is-type-wp-embed is-provider-historiografija-hr wp-block-embed-historiografija-hr\"><div class=\"wp-block-embed__wrapper\">\n<blockquote class=\"wp-embedded-content\" data-secret=\"40upIoXyGw\"><a href=\"https:\/\/historiografija.hr\/?p=47355\">Mario \u0160imunkovi\u0107 \u2013 prikaz knjige \u2013 Dragan Popovi\u0107, \u201eGubljenje ljudskosti \u2013 Srebrenica kao istorijska \u010dinjenica\u201c, 2025.<\/a><\/blockquote><iframe loading=\"lazy\" class=\"wp-embedded-content\" sandbox=\"allow-scripts\" security=\"restricted\" style=\"position: absolute; visibility: hidden;\" title=\"&#8220;Mario \u0160imunkovi\u0107 \u2013 prikaz knjige \u2013 Dragan Popovi\u0107, \u201eGubljenje ljudskosti \u2013 Srebrenica kao istorijska \u010dinjenica\u201c, 2025.&#8221; &#8212; Historiografija.hr\" src=\"https:\/\/historiografija.hr\/?p=47355&#038;embed=true#?secret=TdLuuFQhuS#?secret=40upIoXyGw\" data-secret=\"40upIoXyGw\" width=\"600\" height=\"338\" frameborder=\"0\" marginwidth=\"0\" marginheight=\"0\" scrolling=\"no\"><\/iframe>\n<\/div><\/figure>\n\n\n\n<hr class=\"wp-block-separator has-alpha-channel-opacity\"\/>\n","protected":false},"excerpt":{"rendered":"","protected":false},"author":2,"featured_media":50114,"comment_status":"open","ping_status":"open","sticky":false,"template":"","format":"standard","meta":{"_acf_changed":false,"jetpack_post_was_ever_published":false,"_jetpack_newsletter_access":"","_jetpack_dont_email_post_to_subs":false,"_jetpack_newsletter_tier_id":0,"_jetpack_memberships_contains_paywalled_content":false,"_jetpack_memberships_contains_paid_content":false,"footnotes":"","jetpack_publicize_message":"","jetpack_publicize_feature_enabled":true,"jetpack_social_post_already_shared":true,"jetpack_social_options":{"image_generator_settings":{"template":"highway","default_image_id":0,"font":"","enabled":false},"version":2}},"categories":[3],"tags":[],"class_list":["post-50113","post","type-post","status-publish","format-standard","has-post-thumbnail","hentry","category-novosti"],"acf":{"facebook_opis":""},"jetpack_publicize_connections":[],"jetpack_featured_media_url":"https:\/\/i0.wp.com\/historiografija.hr\/wp-content\/uploads\/2025\/12\/Promocija_Popovic.jpg?fit=960%2C540&ssl=1","jetpack_sharing_enabled":true,"jetpack-related-posts":[],"_links":{"self":[{"href":"https:\/\/historiografija.hr\/index.php?rest_route=\/wp\/v2\/posts\/50113","targetHints":{"allow":["GET"]}}],"collection":[{"href":"https:\/\/historiografija.hr\/index.php?rest_route=\/wp\/v2\/posts"}],"about":[{"href":"https:\/\/historiografija.hr\/index.php?rest_route=\/wp\/v2\/types\/post"}],"author":[{"embeddable":true,"href":"https:\/\/historiografija.hr\/index.php?rest_route=\/wp\/v2\/users\/2"}],"replies":[{"embeddable":true,"href":"https:\/\/historiografija.hr\/index.php?rest_route=%2Fwp%2Fv2%2Fcomments&post=50113"}],"version-history":[{"count":4,"href":"https:\/\/historiografija.hr\/index.php?rest_route=\/wp\/v2\/posts\/50113\/revisions"}],"predecessor-version":[{"id":52157,"href":"https:\/\/historiografija.hr\/index.php?rest_route=\/wp\/v2\/posts\/50113\/revisions\/52157"}],"wp:featuredmedia":[{"embeddable":true,"href":"https:\/\/historiografija.hr\/index.php?rest_route=\/wp\/v2\/media\/50114"}],"wp:attachment":[{"href":"https:\/\/historiografija.hr\/index.php?rest_route=%2Fwp%2Fv2%2Fmedia&parent=50113"}],"wp:term":[{"taxonomy":"category","embeddable":true,"href":"https:\/\/historiografija.hr\/index.php?rest_route=%2Fwp%2Fv2%2Fcategories&post=50113"},{"taxonomy":"post_tag","embeddable":true,"href":"https:\/\/historiografija.hr\/index.php?rest_route=%2Fwp%2Fv2%2Ftags&post=50113"}],"curies":[{"name":"wp","href":"https:\/\/api.w.org\/{rel}","templated":true}]}}