{"id":50110,"date":"2025-12-03T22:13:55","date_gmt":"2025-12-03T22:13:55","guid":{"rendered":"https:\/\/historiografija.hr\/?p=50110"},"modified":"2025-12-19T23:20:29","modified_gmt":"2025-12-19T23:20:29","slug":"hrff-panel-rasprava-mjesta-sjecanja-i-zaborava-goli-otok-i-sv-grgur-danas","status":"publish","type":"post","link":"https:\/\/historiografija.hr\/?p=50110","title":{"rendered":"HRFF &#8211; Panel rasprava: Mjesta sje\u0107anja i zaborava: Goli otok i Sv. Grgur danas"},"content":{"rendered":"\n<p>23. Human Rights Film Festival<\/p>\n\n\n\n<p>Petak, 5.12. I 17:00 I KIC<\/p>\n\n\n\n<p>Panel rasprava <strong>\u201cMjesta sje\u0107anja i zaborava: Goli otok i Sv. Grgur danas\u201d<\/strong> okupit \u0107e umjetnice, istra\u017eiva\u010dice, povjesni\u010dare u zajedni\u010dkom promi\u0161ljanju pitanja statusa i uloge dvaju klju\u010dnih, ali sustavno zanemarenih mjesta hrvatske povijesti 20. stolje\u0107a.<br>\u200d<br>Goli otok i Sv. Grgur, nekada\u0161nji logori, prepu\u0161teni su propadanju. Ostaju na rubovima javnog interesa, premda predstavljaju jedno od najva\u017enijih upori\u0161ta kolektivnog sje\u0107anja na vrijeme politi\u010dkog nasilja, dr\u017eavne represije u vrijeme jugoslavenskog socijalizma i brojnih neispri\u010danih pri\u010da.<br><br>Izborom razli\u010ditih perspektiva, panelom bismo \u017eeljeli potaknuti promi\u0161ljanje kako otoke za\u0161tititi kao kulturno dobro i posjete njima uklju\u010diti u javnu i obrazovnu sferu. Razgovor \u0107e se posebno baviti pitanjem na koji na\u010din umjetnost, znanstvena istra\u017eivanja, studijske posjete i obrazovni programi mogu doprinijeti revitalizaciji kulture sje\u0107anja i stvaranju prostora empatije i dijaloga o mjestima obilje\u017eenim traumom.<br><br>Istovremeno, kroz raspravu i mogu\u0107nost uklju\u010denja publike, otvorit \u0107e se pitanje institucionalne odgovornosti za o\u010duvanje Golog otoka i Sv. Grgura: tko bi trebao preuzeti brigu o ovim lokalitetima i je li mogu\u0107e razviti odr\u017eiv model suradnje izme\u0111u dr\u017eave, lokalne zajednice i civilnih aktera. Cilj je zajedni\u010dkim promi\u0161ljanjem do\u0107i do konkretnih, provedivih prijedloga koji bi dugoro\u010dno mogli osigurati sustavnu za\u0161titu otoka te njihovu afirmaciju kao mjesta sje\u0107anja, u\u010denja i me\u0111ugeneracijskog razumijevanja.<br>\u200d<br>Govorit \u0107e:<br><strong>Andreja Kulun\u010di\u0107<\/strong> || umjetnica, autorica izlo\u017ebe <em>Vi ste Partiju izdale onda kada je trebalo da joj pomognete<\/em><br><strong>Renata Jambre\u0161i\u0107 Kirin<\/strong> || znanstvena savjetnica, Institut za etnologiju i folkloristiku<br><strong>Darko Bavoljak<\/strong> || predsjednik Udruge Goli otok \u201eAnte Zemljar\u201c<br><strong>Branimir Jankovi\u0107<\/strong> || izvanredni profesor, Odsjek za povijest, Filozofski fakultet u Zagrebu<br><strong>Martin Previ\u0161i\u0107<\/strong> || izvanredni profesor, Odsjek za povijest, Filozofski fakultet u Zagrebu<br><strong>Vesna Ter\u0161eli\u010d<\/strong> (moderatorica) || voditeljica Documente<\/p>\n\n\n\n<p>Raspravu organizira Documenta \u2013 Centar za suo\u010davanje s pro\u0161lo\u0161\u0107u u sklopu projekta &#8220;(Ne)vidljivi tragovi.Umjetni\u010dka sje\u0107anja na Hladni rat&#8221; koji financira Europska unija iz programa Kreativna Europa.<\/p>\n\n\n\n<hr class=\"wp-block-separator has-alpha-channel-opacity\"\/>\n\n\n\n<p>Izvori:<\/p>\n\n\n\n<p><a href=\"https:\/\/www.humanrightsfestival.org\/program\/panel-rasprava-mjesta-sjecanja-i-zaborava-goli-otok-i-sv-grgur-danas\">https:\/\/www.humanrightsfestival.org\/program\/panel-rasprava-mjesta-sjecanja-i-zaborava-goli-otok-i-sv-grgur-danas<\/a><\/p>\n\n\n\n<p><a href=\"https:\/\/www.kic.hr\/program\/mjesta-sjecanja-i-zaborava-goli-otok-i-sv-grgur-danas\">https:\/\/www.kic.hr\/program\/mjesta-sjecanja-i-zaborava-goli-otok-i-sv-grgur-danas<\/a><\/p>\n\n\n\n<hr class=\"wp-block-separator has-alpha-channel-opacity\"\/>\n\n\n\n<p>Op\u0161irnije:<\/p>\n\n\n\n<p><a href=\"https:\/\/www.portalnovosti.com\/borba-za-sprecavanje-zaborava\">https:\/\/www.portalnovosti.com\/borba-za-sprecavanje-zaborava<\/a><\/p>\n\n\n\n<hr class=\"wp-block-separator has-alpha-channel-opacity\"\/>\n\n\n\n<figure class=\"wp-block-embed is-type-video is-provider-youtube wp-block-embed-youtube wp-embed-aspect-16-9 wp-has-aspect-ratio\"><div class=\"wp-block-embed__wrapper\">\n<span class=\"embed-youtube\" style=\"text-align:center; display: block;\"><iframe loading=\"lazy\" class=\"youtube-player\" width=\"860\" height=\"484\" src=\"https:\/\/www.youtube.com\/embed\/ehdMw6N7PdY?version=3&#038;rel=1&#038;showsearch=0&#038;showinfo=1&#038;iv_load_policy=1&#038;fs=1&#038;hl=hr&#038;autohide=2&#038;wmode=transparent\" allowfullscreen=\"true\" style=\"border:0;\" sandbox=\"allow-scripts allow-same-origin allow-popups allow-presentation allow-popups-to-escape-sandbox\"><\/iframe><\/span>\n<\/div><\/figure>\n\n\n\n<hr class=\"wp-block-separator has-alpha-channel-opacity\"\/>\n","protected":false},"excerpt":{"rendered":"","protected":false},"author":2,"featured_media":50111,"comment_status":"open","ping_status":"open","sticky":false,"template":"","format":"standard","meta":{"_acf_changed":false,"jetpack_post_was_ever_published":false,"_jetpack_newsletter_access":"","_jetpack_dont_email_post_to_subs":false,"_jetpack_newsletter_tier_id":0,"_jetpack_memberships_contains_paywalled_content":false,"_jetpack_memberships_contains_paid_content":false,"footnotes":"","jetpack_publicize_message":"","jetpack_publicize_feature_enabled":true,"jetpack_social_post_already_shared":true,"jetpack_social_options":{"image_generator_settings":{"template":"highway","default_image_id":0,"font":"","enabled":false},"version":2}},"categories":[3],"tags":[],"class_list":["post-50110","post","type-post","status-publish","format-standard","has-post-thumbnail","hentry","category-novosti"],"acf":{"facebook_opis":""},"jetpack_publicize_connections":[],"jetpack_featured_media_url":"https:\/\/i0.wp.com\/historiografija.hr\/wp-content\/uploads\/2025\/12\/Goli-otok-i-Sv.-Grgur-danas.jpg?fit=1600%2C1004&ssl=1","jetpack_sharing_enabled":true,"jetpack-related-posts":[],"_links":{"self":[{"href":"https:\/\/historiografija.hr\/index.php?rest_route=\/wp\/v2\/posts\/50110","targetHints":{"allow":["GET"]}}],"collection":[{"href":"https:\/\/historiografija.hr\/index.php?rest_route=\/wp\/v2\/posts"}],"about":[{"href":"https:\/\/historiografija.hr\/index.php?rest_route=\/wp\/v2\/types\/post"}],"author":[{"embeddable":true,"href":"https:\/\/historiografija.hr\/index.php?rest_route=\/wp\/v2\/users\/2"}],"replies":[{"embeddable":true,"href":"https:\/\/historiografija.hr\/index.php?rest_route=%2Fwp%2Fv2%2Fcomments&post=50110"}],"version-history":[{"count":3,"href":"https:\/\/historiografija.hr\/index.php?rest_route=\/wp\/v2\/posts\/50110\/revisions"}],"predecessor-version":[{"id":50431,"href":"https:\/\/historiografija.hr\/index.php?rest_route=\/wp\/v2\/posts\/50110\/revisions\/50431"}],"wp:featuredmedia":[{"embeddable":true,"href":"https:\/\/historiografija.hr\/index.php?rest_route=\/wp\/v2\/media\/50111"}],"wp:attachment":[{"href":"https:\/\/historiografija.hr\/index.php?rest_route=%2Fwp%2Fv2%2Fmedia&parent=50110"}],"wp:term":[{"taxonomy":"category","embeddable":true,"href":"https:\/\/historiografija.hr\/index.php?rest_route=%2Fwp%2Fv2%2Fcategories&post=50110"},{"taxonomy":"post_tag","embeddable":true,"href":"https:\/\/historiografija.hr\/index.php?rest_route=%2Fwp%2Fv2%2Ftags&post=50110"}],"curies":[{"name":"wp","href":"https:\/\/api.w.org\/{rel}","templated":true}]}}