{"id":50107,"date":"2025-12-03T22:08:52","date_gmt":"2025-12-03T22:08:52","guid":{"rendered":"https:\/\/historiografija.hr\/?p=50107"},"modified":"2025-12-03T22:08:52","modified_gmt":"2025-12-03T22:08:52","slug":"faktograf-hr-reakcije-vladajucih-na-antifasisticke-skupove-neutemeljene-optuzbe-o-stvaranju-nove-jugoslavije","status":"publish","type":"post","link":"https:\/\/historiografija.hr\/?p=50107","title":{"rendered":"Faktograf.hr: Reakcije vladaju\u0107ih na antifa\u0161isti\u010dke skupove: neutemeljene optu\u017ebe o stvaranju nove Jugoslavije"},"content":{"rendered":"\n<p>Na platformi Faktograf.hr objavljen je 2. prosinca 2025. prilog Sanje Despot \u201eReakcije vladaju\u0107ih na antifa\u0161isti\u010dke skupove: neutemeljene optu\u017ebe o stvaranju nove Jugoslavije\u201d.<\/p>\n\n\n\n<hr class=\"wp-block-separator has-alpha-channel-opacity\"\/>\n\n\n\n<p>Prilog je dostupan na sljede\u0107oj poveznici:<\/p>\n\n\n\n<figure class=\"wp-block-embed is-type-wp-embed is-provider-faktograf-hr wp-block-embed-faktograf-hr\"><div class=\"wp-block-embed__wrapper\">\n<blockquote class=\"wp-embedded-content\" data-secret=\"bIErBoyuij\"><a href=\"https:\/\/faktograf.hr\/2025\/12\/02\/reakcije-vladajucih-na-antifasisticke-skupove-neutemeljene-optuzbe-o-stvaranju-nove-jugoslavije\/\">Reakcije vladaju\u0107ih na antifa\u0161isti\u010dke skupove: neutemeljene optu\u017ebe o stvaranju nove Jugoslavije<\/a><\/blockquote><iframe loading=\"lazy\" class=\"wp-embedded-content\" sandbox=\"allow-scripts\" security=\"restricted\" style=\"position: absolute; visibility: hidden;\" title=\"&#8220;Reakcije vladaju\u0107ih na antifa\u0161isti\u010dke skupove: neutemeljene optu\u017ebe o stvaranju nove Jugoslavije&#8221; &#8212; Faktograf.hr\" src=\"https:\/\/faktograf.hr\/2025\/12\/02\/reakcije-vladajucih-na-antifasisticke-skupove-neutemeljene-optuzbe-o-stvaranju-nove-jugoslavije\/embed\/#?secret=yF6QVezDwj#?secret=bIErBoyuij\" data-secret=\"bIErBoyuij\" width=\"600\" height=\"338\" frameborder=\"0\" marginwidth=\"0\" marginheight=\"0\" scrolling=\"no\"><\/iframe>\n<\/div><\/figure>\n\n\n\n<hr class=\"wp-block-separator has-alpha-channel-opacity\"\/>\n","protected":false},"excerpt":{"rendered":"","protected":false},"author":2,"featured_media":50108,"comment_status":"open","ping_status":"open","sticky":false,"template":"","format":"standard","meta":{"_acf_changed":false,"jetpack_post_was_ever_published":false,"_jetpack_newsletter_access":"","_jetpack_dont_email_post_to_subs":false,"_jetpack_newsletter_tier_id":0,"_jetpack_memberships_contains_paywalled_content":false,"_jetpack_memberships_contains_paid_content":false,"footnotes":"","jetpack_publicize_message":"","jetpack_publicize_feature_enabled":true,"jetpack_social_post_already_shared":true,"jetpack_social_options":{"image_generator_settings":{"template":"highway","default_image_id":0,"font":"","enabled":false},"version":2}},"categories":[3],"tags":[],"class_list":["post-50107","post","type-post","status-publish","format-standard","has-post-thumbnail","hentry","category-novosti"],"acf":{"facebook_opis":""},"jetpack_publicize_connections":[],"jetpack_featured_media_url":"https:\/\/i0.wp.com\/historiografija.hr\/wp-content\/uploads\/2025\/12\/Foto_HINA_ds.jpg?fit=1013%2C675&ssl=1","jetpack_sharing_enabled":true,"jetpack-related-posts":[],"_links":{"self":[{"href":"https:\/\/historiografija.hr\/index.php?rest_route=\/wp\/v2\/posts\/50107","targetHints":{"allow":["GET"]}}],"collection":[{"href":"https:\/\/historiografija.hr\/index.php?rest_route=\/wp\/v2\/posts"}],"about":[{"href":"https:\/\/historiografija.hr\/index.php?rest_route=\/wp\/v2\/types\/post"}],"author":[{"embeddable":true,"href":"https:\/\/historiografija.hr\/index.php?rest_route=\/wp\/v2\/users\/2"}],"replies":[{"embeddable":true,"href":"https:\/\/historiografija.hr\/index.php?rest_route=%2Fwp%2Fv2%2Fcomments&post=50107"}],"version-history":[{"count":1,"href":"https:\/\/historiografija.hr\/index.php?rest_route=\/wp\/v2\/posts\/50107\/revisions"}],"predecessor-version":[{"id":50109,"href":"https:\/\/historiografija.hr\/index.php?rest_route=\/wp\/v2\/posts\/50107\/revisions\/50109"}],"wp:featuredmedia":[{"embeddable":true,"href":"https:\/\/historiografija.hr\/index.php?rest_route=\/wp\/v2\/media\/50108"}],"wp:attachment":[{"href":"https:\/\/historiografija.hr\/index.php?rest_route=%2Fwp%2Fv2%2Fmedia&parent=50107"}],"wp:term":[{"taxonomy":"category","embeddable":true,"href":"https:\/\/historiografija.hr\/index.php?rest_route=%2Fwp%2Fv2%2Fcategories&post=50107"},{"taxonomy":"post_tag","embeddable":true,"href":"https:\/\/historiografija.hr\/index.php?rest_route=%2Fwp%2Fv2%2Ftags&post=50107"}],"curies":[{"name":"wp","href":"https:\/\/api.w.org\/{rel}","templated":true}]}}