{"id":50104,"date":"2025-12-03T22:03:30","date_gmt":"2025-12-03T22:03:30","guid":{"rendered":"https:\/\/historiografija.hr\/?p=50104"},"modified":"2025-12-04T22:02:23","modified_gmt":"2025-12-04T22:02:23","slug":"lupa-zastava-s-lubanjom-na-zagrebackom-prosvjedu-nije-cetnicka-vec-prepoznatljiv-simbol-generacije-z","status":"publish","type":"post","link":"https:\/\/historiografija.hr\/?p=50104","title":{"rendered":"Lupa: Zastava s lubanjom na zagreba\u010dkom prosvjedu nije \u010detni\u010dka, ve\u0107 prepoznatljiv simbol Generacije Z"},"content":{"rendered":"\n<p>Na portalu Lupa objavljen je 2. prosinca 2025. prilog Dore Pavkovi\u0107 \u201eZastava s lubanjom na zagreba\u010dkom prosvjedu nije \u010detni\u010dka, ve\u0107 prepoznatljiv simbol Generacije Z&#8221;.<\/p>\n\n\n\n<hr class=\"wp-block-separator has-alpha-channel-opacity\"\/>\n\n\n\n<p>Prilog je dostupan na sljede\u0107im poveznicama:<\/p>\n\n\n\n<p><a href=\"https:\/\/lupa.lupiga.com\/drustvene-mreze\/zastava-s-lubanjom-na-zagrebackom-prosvjedu-nije-cetnicka-vec-prepoznatljiv-simbol-generacije-z\">https:\/\/lupa.lupiga.com\/drustvene-mreze\/zastava-s-lubanjom-na-zagrebackom-prosvjedu-nije-cetnicka-vec-prepoznatljiv-simbol-generacije-z<\/a><\/p>\n\n\n\n<p><a href=\"https:\/\/www.tocnotako.hr\/clanak\/Zastava-s-lubanjom-na-zagrebackom-prosvjedu-nije-cetnicka-vec-prepoznatljiv-simbol-Generacije-Z_Lupa\/2381\">https:\/\/www.tocnotako.hr\/clanak\/Zastava-s-lubanjom-na-zagrebackom-prosvjedu-nije-cetnicka-vec-prepoznatljiv-simbol-Generacije-Z_Lupa\/2381<\/a><\/p>\n\n\n\n<hr class=\"wp-block-separator has-alpha-channel-opacity\"\/>\n\n\n\n<p>Usp. prilog Ivana Neki\u0107a &#8220;Zastava s nasmije\u0161enom lubanjom na mar\u0161u u Zagrebu nije \u010detni\u010dka, radi se o simbolu otpora generacije Z&#8221;, objavljen 4. 12. 2025. na platformi Faktograf.hr na sljede\u0107oj poveznici:<\/p>\n\n\n\n<figure class=\"wp-block-embed is-type-wp-embed is-provider-faktograf-hr wp-block-embed-faktograf-hr\"><div class=\"wp-block-embed__wrapper\">\n<blockquote class=\"wp-embedded-content\" data-secret=\"cEUJFc4LlL\"><a href=\"https:\/\/faktograf.hr\/2025\/12\/04\/zastava-s-nasmijesenom-lubanjom-na-marsu-u-zagrebu-nije-cetnicka-radi-se-o-simbolu-otpora-generacije-z\/\">Zastava s nasmije\u0161enom lubanjom na mar\u0161u u Zagrebu nije \u010detni\u010dka, radi se o simbolu otpora generacije Z<\/a><\/blockquote><iframe loading=\"lazy\" class=\"wp-embedded-content\" sandbox=\"allow-scripts\" security=\"restricted\" style=\"position: absolute; visibility: hidden;\" title=\"&#8220;Zastava s nasmije\u0161enom lubanjom na mar\u0161u u Zagrebu nije \u010detni\u010dka, radi se o simbolu otpora generacije Z&#8221; &#8212; Faktograf.hr\" src=\"https:\/\/faktograf.hr\/2025\/12\/04\/zastava-s-nasmijesenom-lubanjom-na-marsu-u-zagrebu-nije-cetnicka-radi-se-o-simbolu-otpora-generacije-z\/embed\/#?secret=QnL8cPuwgl#?secret=cEUJFc4LlL\" data-secret=\"cEUJFc4LlL\" width=\"600\" height=\"338\" frameborder=\"0\" marginwidth=\"0\" marginheight=\"0\" scrolling=\"no\"><\/iframe>\n<\/div><\/figure>\n\n\n\n<hr class=\"wp-block-separator has-alpha-channel-opacity\"\/>\n","protected":false},"excerpt":{"rendered":"","protected":false},"author":2,"featured_media":50105,"comment_status":"open","ping_status":"open","sticky":false,"template":"","format":"standard","meta":{"_acf_changed":false,"jetpack_post_was_ever_published":false,"_jetpack_newsletter_access":"","_jetpack_dont_email_post_to_subs":false,"_jetpack_newsletter_tier_id":0,"_jetpack_memberships_contains_paywalled_content":false,"_jetpack_memberships_contains_paid_content":false,"footnotes":"","jetpack_publicize_message":"","jetpack_publicize_feature_enabled":true,"jetpack_social_post_already_shared":true,"jetpack_social_options":{"image_generator_settings":{"template":"highway","default_image_id":0,"font":"","enabled":false},"version":2}},"categories":[3],"tags":[],"class_list":["post-50104","post","type-post","status-publish","format-standard","has-post-thumbnail","hentry","category-novosti"],"acf":{"facebook_opis":""},"jetpack_publicize_connections":[],"jetpack_featured_media_url":"https:\/\/i0.wp.com\/historiografija.hr\/wp-content\/uploads\/2025\/12\/Lupa_velika.jpg?fit=650%2C375&ssl=1","jetpack_sharing_enabled":true,"jetpack-related-posts":[],"_links":{"self":[{"href":"https:\/\/historiografija.hr\/index.php?rest_route=\/wp\/v2\/posts\/50104","targetHints":{"allow":["GET"]}}],"collection":[{"href":"https:\/\/historiografija.hr\/index.php?rest_route=\/wp\/v2\/posts"}],"about":[{"href":"https:\/\/historiografija.hr\/index.php?rest_route=\/wp\/v2\/types\/post"}],"author":[{"embeddable":true,"href":"https:\/\/historiografija.hr\/index.php?rest_route=\/wp\/v2\/users\/2"}],"replies":[{"embeddable":true,"href":"https:\/\/historiografija.hr\/index.php?rest_route=%2Fwp%2Fv2%2Fcomments&post=50104"}],"version-history":[{"count":3,"href":"https:\/\/historiografija.hr\/index.php?rest_route=\/wp\/v2\/posts\/50104\/revisions"}],"predecessor-version":[{"id":50127,"href":"https:\/\/historiografija.hr\/index.php?rest_route=\/wp\/v2\/posts\/50104\/revisions\/50127"}],"wp:featuredmedia":[{"embeddable":true,"href":"https:\/\/historiografija.hr\/index.php?rest_route=\/wp\/v2\/media\/50105"}],"wp:attachment":[{"href":"https:\/\/historiografija.hr\/index.php?rest_route=%2Fwp%2Fv2%2Fmedia&parent=50104"}],"wp:term":[{"taxonomy":"category","embeddable":true,"href":"https:\/\/historiografija.hr\/index.php?rest_route=%2Fwp%2Fv2%2Fcategories&post=50104"},{"taxonomy":"post_tag","embeddable":true,"href":"https:\/\/historiografija.hr\/index.php?rest_route=%2Fwp%2Fv2%2Ftags&post=50104"}],"curies":[{"name":"wp","href":"https:\/\/api.w.org\/{rel}","templated":true}]}}