{"id":50099,"date":"2025-12-03T21:39:40","date_gmt":"2025-12-03T21:39:40","guid":{"rendered":"https:\/\/historiografija.hr\/?p=50099"},"modified":"2025-12-03T21:39:40","modified_gmt":"2025-12-03T21:39:40","slug":"poziv-za-sudjelovanje-na-konferenciji-from-contested-pasts-to-insecure-futures-politics-in-east-and-southeast-europe","status":"publish","type":"post","link":"https:\/\/historiografija.hr\/?p=50099","title":{"rendered":"Poziv za sudjelovanje na konferenciji \u2013 \u201eFrom Contested Pasts to (In)Secure Futures: Politics in East and Southeast Europe\u201c"},"content":{"rendered":"\n<p>Leibniz-Institut za istra\u017eivanje isto\u010dne i jugoisto\u010dne Europe (IOS) sa zadovoljstvom najavljuje 13. <strong>godi\u0161nju konferenciju <\/strong>pod naslovom <strong>\u201eFrom Contested Pasts to (In)Secure Futures: Politics in East and Southeast Europe\u201c<\/strong>, koja \u0107e se odr\u017eati od <strong>22. do 24. travnja 2026.<\/strong> u Regensburgu, Njema\u010dka.<\/p>\n\n\n\n<p>Zami\u0161ljena kao inauguracijski doga\u0111aj, konferencija ima za cilj predstaviti i raspraviti novi istra\u017eiva\u010dki program Odjela za politiku te potaknuti dijalog sa znanstvenicima \u010diji se radovi bave politi\u010dkim institucijama, akterima i procesima u isto\u010dnoj i jugoisto\u010dnoj Europi.<\/p>\n\n\n\n<p>Odjel za politiku istra\u017euje kako se politi\u010dki poretci u isto\u010dnoj Europi oblikuju, osporavaju i transformiraju kroz me\u0111uodnose lokalnih institucija, upravljanja i zakona s regionalnim i globalnim dinamikama. Ova konferencija \u017eeli razviti ta tematska upori\u0161ta okupljanjem politologije i srodnih disciplina iz dru\u0161tvenih i humanisti\u010dkih znanosti. Dodatni je cilj postaviti temelje za budu\u0107e suradnje koje \u0107e razmatrati regionalne transformacije iz komparativne i globalne perspektive. Kori\u0161tenjem razli\u010ditih teorijskih i metodolo\u0161kih pristupa, konferencija \u0107e otvoriti prostor za trajnu znanstvenu razmjenu o transformacijama i fragmentacijama koje obilje\u017eavaju promatrane regije i njihovo mjesto u globalnom poretku \u2013 kako u novom, tako i ve\u0107 u onom postoje\u0107em.<\/p>\n\n\n\n<p><strong>Poziv za izlaganja (Call for Papers):<\/strong><\/p>\n\n\n\n<p>Prijave su otvorene do <strong>15. prosinca 2025.<\/strong><\/p>\n\n\n\n<p>Rokovi i uvjeti:<\/p>\n\n\n\n<ul class=\"wp-block-list\">\n<li>Sa\u017eetak (do 300 rije\u010di) koji se povezuje s jednom ili dvije teme konferencije l<\/li>\n\n\n\n<li>Kratka biografija (do 200 rije\u010di), kontakt i do tri klju\u010dne publikacije<\/li>\n\n\n\n<li>Prijave treba poslati kao jedinstveni PDF na adresu <strong>annualconference@ios-regensburg.de<\/strong><\/li>\n<\/ul>\n\n\n\n<p>IOS \u0107e obavijestiti prijavljene autore o prihva\u0107anju do <strong>20. sije\u010dnja 2026.<\/strong><\/p>\n\n\n\n<p>Za one \u010dije su prijave prihva\u0107ene, IOS pokriva smje\u0161taj za dvije no\u0107i i tro\u0161kove putovanja u ekonomskoj klasi.<\/p>\n\n\n\n<p>Neke od tema koje konferencija pokriva su:<\/p>\n\n\n\n<ul class=\"wp-block-list\">\n<li>Erozija demokracije, transformacija re\u017eima, autoritarna otpornost<\/li>\n\n\n\n<li>Politi\u010dka mobilizacija, gra\u0111anski anga\u017eman, protesti i otpor<\/li>\n\n\n\n<li>Digitalna transformacije i sigurnost<\/li>\n\n\n\n<li>Suverenitet, sigurnost i regionalni poredak<\/li>\n\n\n\n<li>Politike identiteta, kolektivno sje\u0107anje, instrumentalizacija simbola<\/li>\n\n\n\n<li>Zakoni, stru\u010dnost i znanje u nesigurnim vremenima<\/li>\n<\/ul>\n\n\n\n<p>Vi\u0161e informacija na <a href=\"https:\/\/leibniz-ios.de\/wissen-vermitteln\/aktuelles\/newsdetail\/ios-jahrestagung-2026\">linku<\/a>.<\/p>\n\n\n\n<hr class=\"wp-block-separator has-alpha-channel-opacity\"\/>\n","protected":false},"excerpt":{"rendered":"","protected":false},"author":2,"featured_media":26674,"comment_status":"open","ping_status":"open","sticky":false,"template":"","format":"standard","meta":{"_acf_changed":false,"jetpack_post_was_ever_published":false,"_jetpack_newsletter_access":"","_jetpack_dont_email_post_to_subs":false,"_jetpack_newsletter_tier_id":0,"_jetpack_memberships_contains_paywalled_content":false,"_jetpack_memberships_contains_paid_content":false,"footnotes":"","jetpack_publicize_message":"","jetpack_publicize_feature_enabled":true,"jetpack_social_post_already_shared":true,"jetpack_social_options":{"image_generator_settings":{"template":"highway","default_image_id":0,"font":"","enabled":false},"version":2}},"categories":[3,9],"tags":[],"class_list":["post-50099","post","type-post","status-publish","format-standard","has-post-thumbnail","hentry","category-novosti","category-skupovi"],"acf":{"facebook_opis":""},"jetpack_publicize_connections":[],"jetpack_featured_media_url":"https:\/\/i0.wp.com\/historiografija.hr\/wp-content\/uploads\/2021\/06\/IOS_Institut.jpg?fit=800%2C533&ssl=1","jetpack_sharing_enabled":true,"jetpack-related-posts":[],"_links":{"self":[{"href":"https:\/\/historiografija.hr\/index.php?rest_route=\/wp\/v2\/posts\/50099","targetHints":{"allow":["GET"]}}],"collection":[{"href":"https:\/\/historiografija.hr\/index.php?rest_route=\/wp\/v2\/posts"}],"about":[{"href":"https:\/\/historiografija.hr\/index.php?rest_route=\/wp\/v2\/types\/post"}],"author":[{"embeddable":true,"href":"https:\/\/historiografija.hr\/index.php?rest_route=\/wp\/v2\/users\/2"}],"replies":[{"embeddable":true,"href":"https:\/\/historiografija.hr\/index.php?rest_route=%2Fwp%2Fv2%2Fcomments&post=50099"}],"version-history":[{"count":1,"href":"https:\/\/historiografija.hr\/index.php?rest_route=\/wp\/v2\/posts\/50099\/revisions"}],"predecessor-version":[{"id":50100,"href":"https:\/\/historiografija.hr\/index.php?rest_route=\/wp\/v2\/posts\/50099\/revisions\/50100"}],"wp:featuredmedia":[{"embeddable":true,"href":"https:\/\/historiografija.hr\/index.php?rest_route=\/wp\/v2\/media\/26674"}],"wp:attachment":[{"href":"https:\/\/historiografija.hr\/index.php?rest_route=%2Fwp%2Fv2%2Fmedia&parent=50099"}],"wp:term":[{"taxonomy":"category","embeddable":true,"href":"https:\/\/historiografija.hr\/index.php?rest_route=%2Fwp%2Fv2%2Fcategories&post=50099"},{"taxonomy":"post_tag","embeddable":true,"href":"https:\/\/historiografija.hr\/index.php?rest_route=%2Fwp%2Fv2%2Ftags&post=50099"}],"curies":[{"name":"wp","href":"https:\/\/api.w.org\/{rel}","templated":true}]}}