{"id":50077,"date":"2025-12-02T22:54:16","date_gmt":"2025-12-02T22:54:16","guid":{"rendered":"https:\/\/historiografija.hr\/?p=50077"},"modified":"2025-12-02T22:54:16","modified_gmt":"2025-12-02T22:54:16","slug":"fotomonografija-bedem-ljubavi-sisak-1991-1996","status":"publish","type":"post","link":"https:\/\/historiografija.hr\/?p=50077","title":{"rendered":"\u201eFotomonografija Bedem ljubavi Sisak (1991. \u2013 1996.)&#8221;"},"content":{"rendered":"\n<p>Sisak, KPC-SM\u017d, 2025., 100 stranica<\/p>\n\n\n\n<p>Autor: Martina Tarbuk<\/p>\n\n\n\n<p>Kroz ukupno sedamdeset i jednu fotografiju predstavljen je put Bedema ljubavi Sisak, podru\u017enice prvog hrvatskog civilnog i humanitarnog pokreta majki iz vremena Domovinskog rata. Kroz <em>Fotomonografiju <\/em>uprizorena je prvotna misija ovog pokreta, a to je bila misija spa\u0161avanja mladih hrvatskih vojnika iz Jugoslavenske narodne armije, ali je predstavljen i \u0161iri humanitarni rad Bedema ljubavi Sisak na podru\u010dju grada Siska i njegove \u0161ire okolice.<\/p>\n\n\n\n<hr class=\"wp-block-separator has-alpha-channel-opacity\"\/>\n\n\n\n<p>Izvor i dodatne obavijesti:<\/p>\n\n\n\n<figure class=\"wp-block-embed is-type-wp-embed is-provider-kulturno-povijesni-centar-sisa-ko-moslava-ke-upanije wp-block-embed-kulturno-povijesni-centar-sisa-ko-moslava-ke-upanije\"><div class=\"wp-block-embed__wrapper\">\n<blockquote class=\"wp-embedded-content\" data-secret=\"6NzJcxNNnj\"><a href=\"https:\/\/kpc-smz.hr\/publikacije\/\">Publikacije<\/a><\/blockquote><iframe loading=\"lazy\" class=\"wp-embedded-content\" sandbox=\"allow-scripts\" security=\"restricted\" style=\"position: absolute; visibility: hidden;\" title=\"&#8220;Publikacije&#8221; &#8212; Kulturno-povijesni centar Sisa\u010dko-moslava\u010dke \u017eupanije\" src=\"https:\/\/kpc-smz.hr\/publikacije\/embed\/#?secret=2Mr1qZPojs#?secret=6NzJcxNNnj\" data-secret=\"6NzJcxNNnj\" width=\"600\" height=\"338\" frameborder=\"0\" marginwidth=\"0\" marginheight=\"0\" scrolling=\"no\"><\/iframe>\n<\/div><\/figure>\n\n\n\n<figure class=\"wp-block-embed is-type-wp-embed is-provider-kulturno-povijesni-centar-sisa-ko-moslava-ke-upanije wp-block-embed-kulturno-povijesni-centar-sisa-ko-moslava-ke-upanije\"><div class=\"wp-block-embed__wrapper\">\n<blockquote class=\"wp-embedded-content\" data-secret=\"o2h3358wxx\"><a href=\"https:\/\/kpc-smz.hr\/2025\/09\/10\/fotomonografija-bedem-ljubavi-sisak-1991-1996\/\">Promocija\u00a0\u201eFotomonografije Bedem ljubavi Sisak (1991. &#8211; 1996.)\u201c<\/a><\/blockquote><iframe loading=\"lazy\" class=\"wp-embedded-content\" sandbox=\"allow-scripts\" security=\"restricted\" style=\"position: absolute; visibility: hidden;\" title=\"&#8220;Promocija\u00a0\u201eFotomonografije Bedem ljubavi Sisak (1991. &#8211; 1996.)\u201c&#8221; &#8212; Kulturno-povijesni centar Sisa\u010dko-moslava\u010dke \u017eupanije\" src=\"https:\/\/kpc-smz.hr\/2025\/09\/10\/fotomonografija-bedem-ljubavi-sisak-1991-1996\/embed\/#?secret=4hBLNBc9Zm#?secret=o2h3358wxx\" data-secret=\"o2h3358wxx\" width=\"600\" height=\"338\" frameborder=\"0\" marginwidth=\"0\" marginheight=\"0\" scrolling=\"no\"><\/iframe>\n<\/div><\/figure>\n\n\n\n<figure class=\"wp-block-embed is-type-wp-embed is-provider-misao-hr wp-block-embed-misao-hr\"><div class=\"wp-block-embed__wrapper\">\n<blockquote class=\"wp-embedded-content\" data-secret=\"io9YXBAxBH\"><a href=\"https:\/\/misao.hr\/2025\/09\/26\/martina-tarbuk-kolektivno-sjecanje-na-bedem-ljubavi-ne-postoji-a-samo-u-sisku-su-spasile-preko-350-vojnika-iz-jna\/\">Martina Tarbuk: Kolektivno sje\u0107anje na Bedem ljubavi ne postoji, a samo u Sisku su spasile preko 350 vojnika iz JNA<\/a><\/blockquote><iframe loading=\"lazy\" class=\"wp-embedded-content\" sandbox=\"allow-scripts\" security=\"restricted\" style=\"position: absolute; visibility: hidden;\" title=\"&#8220;Martina Tarbuk: Kolektivno sje\u0107anje na Bedem ljubavi ne postoji, a samo u Sisku su spasile preko 350 vojnika iz JNA&#8221; &#8212; Misao.hr\" src=\"https:\/\/misao.hr\/2025\/09\/26\/martina-tarbuk-kolektivno-sjecanje-na-bedem-ljubavi-ne-postoji-a-samo-u-sisku-su-spasile-preko-350-vojnika-iz-jna\/embed\/#?secret=ZM9WxWWRID#?secret=io9YXBAxBH\" data-secret=\"io9YXBAxBH\" width=\"600\" height=\"338\" frameborder=\"0\" marginwidth=\"0\" marginheight=\"0\" scrolling=\"no\"><\/iframe>\n<\/div><\/figure>\n\n\n\n<hr class=\"wp-block-separator has-alpha-channel-opacity\"\/>\n","protected":false},"excerpt":{"rendered":"","protected":false},"author":2,"featured_media":50078,"comment_status":"open","ping_status":"open","sticky":false,"template":"","format":"standard","meta":{"_acf_changed":false,"jetpack_post_was_ever_published":false,"_jetpack_newsletter_access":"","_jetpack_dont_email_post_to_subs":false,"_jetpack_newsletter_tier_id":0,"_jetpack_memberships_contains_paywalled_content":false,"_jetpack_memberships_contains_paid_content":false,"footnotes":"","jetpack_publicize_message":"","jetpack_publicize_feature_enabled":true,"jetpack_social_post_already_shared":true,"jetpack_social_options":{"image_generator_settings":{"template":"highway","default_image_id":0,"font":"","enabled":false},"version":2}},"categories":[8,3],"tags":[],"class_list":["post-50077","post","type-post","status-publish","format-standard","has-post-thumbnail","hentry","category-knjige","category-novosti"],"acf":{"facebook_opis":""},"jetpack_publicize_connections":[],"jetpack_featured_media_url":"https:\/\/i0.wp.com\/historiografija.hr\/wp-content\/uploads\/2025\/12\/Fotomonografija.jpg?fit=1200%2C480&ssl=1","jetpack_sharing_enabled":true,"jetpack-related-posts":[],"_links":{"self":[{"href":"https:\/\/historiografija.hr\/index.php?rest_route=\/wp\/v2\/posts\/50077","targetHints":{"allow":["GET"]}}],"collection":[{"href":"https:\/\/historiografija.hr\/index.php?rest_route=\/wp\/v2\/posts"}],"about":[{"href":"https:\/\/historiografija.hr\/index.php?rest_route=\/wp\/v2\/types\/post"}],"author":[{"embeddable":true,"href":"https:\/\/historiografija.hr\/index.php?rest_route=\/wp\/v2\/users\/2"}],"replies":[{"embeddable":true,"href":"https:\/\/historiografija.hr\/index.php?rest_route=%2Fwp%2Fv2%2Fcomments&post=50077"}],"version-history":[{"count":1,"href":"https:\/\/historiografija.hr\/index.php?rest_route=\/wp\/v2\/posts\/50077\/revisions"}],"predecessor-version":[{"id":50079,"href":"https:\/\/historiografija.hr\/index.php?rest_route=\/wp\/v2\/posts\/50077\/revisions\/50079"}],"wp:featuredmedia":[{"embeddable":true,"href":"https:\/\/historiografija.hr\/index.php?rest_route=\/wp\/v2\/media\/50078"}],"wp:attachment":[{"href":"https:\/\/historiografija.hr\/index.php?rest_route=%2Fwp%2Fv2%2Fmedia&parent=50077"}],"wp:term":[{"taxonomy":"category","embeddable":true,"href":"https:\/\/historiografija.hr\/index.php?rest_route=%2Fwp%2Fv2%2Fcategories&post=50077"},{"taxonomy":"post_tag","embeddable":true,"href":"https:\/\/historiografija.hr\/index.php?rest_route=%2Fwp%2Fv2%2Ftags&post=50077"}],"curies":[{"name":"wp","href":"https:\/\/api.w.org\/{rel}","templated":true}]}}