{"id":50071,"date":"2025-12-02T22:33:09","date_gmt":"2025-12-02T22:33:09","guid":{"rendered":"https:\/\/historiografija.hr\/?p=50071"},"modified":"2026-01-02T20:31:32","modified_gmt":"2026-01-02T20:31:32","slug":"hrff-predstavljanje-projekta-od-arhiva-do-ekrana-digitalni-narativi-u-suocavanju-s-ratnom-prosloscu","status":"publish","type":"post","link":"https:\/\/historiografija.hr\/?p=50071","title":{"rendered":"HRFF &#8211; Predstavljanje projekta: Od arhiva do ekrana &#8211; digitalni narativi u suo\u010davanju s ratnom pro\u0161lo\u0161\u0107u (operacija D\u017eep 93)"},"content":{"rendered":"\n<p><strong>23. Human Rights Film Festival<\/strong><\/p>\n\n\n\n<p>\u010cetvrtak, 4.12. I 17:00 I KIC<\/p>\n\n\n\n<p>Autori \u0107e predstaviti <strong>digitalni narativ i bilten koji se bavi po\u010dinjenjem kr\u0161enja ljudskih prava <\/strong>za vrijeme vojne i policijske operacije D\u017eep 93 koja je provedena 1993. godine u Hrvatskoj. Ovo istra\u017eivanje kroz formu online interaktivne pri\u010de analizira glavne doga\u0111aje i aktere, postavlja interpretacijski okvir po\u010dinjenja zlo\u010dina, ciljeva i posljedica akcije. &nbsp;<br>\u200d<br>Sudionici \u0107e prikazati modele i na\u010dine kori\u0161tenja arhivskih snimaka i fotografija te digitalnih alata za stvaranje online arhiva kao modela u\u010denja o traumati\u010dnoj pro\u0161losti.<br><br>Govore:<\/p>\n\n\n\n<p>\u200d<strong>Branka Vierda, Nikola Puhari\u0107<\/strong> \u2013 autori istra\u017eivanja i koncepta<br><strong>Mladen Katani\u0107<\/strong> \u2013 dizajn i programiranje<br><strong>Ivica \u0110or\u0111evi\u0107<\/strong> \u2013 autor videa i monta\u017ea<br>Moderira: <strong>Aneta Vladimirov<\/strong><\/p>\n\n\n\n<hr class=\"wp-block-separator has-alpha-channel-opacity\"\/>\n\n\n\n<p>Izvor:<\/p>\n\n\n\n<p><a href=\"https:\/\/www.humanrightsfestival.org\/program\/predstavljanje-projekta-od-arhiva-do-ekrana---digitalni-narativi-u-suocavanju-s-ratnom-prosloscu\">https:\/\/www.humanrightsfestival.org\/program\/predstavljanje-projekta-od-arhiva-do-ekrana&#8212;digitalni-narativi-u-suocavanju-s-ratnom-prosloscu<\/a><\/p>\n\n\n\n<hr class=\"wp-block-separator has-alpha-channel-opacity\"\/>\n\n\n\n<p>Iz medija:<\/p>\n\n\n\n<figure class=\"wp-block-embed is-type-wp-embed is-provider-nacional-hr wp-block-embed-nacional-hr\"><div class=\"wp-block-embed__wrapper\">\n<blockquote class=\"wp-embedded-content\" data-secret=\"hcXzpu8cC4\"><a href=\"https:\/\/www.nacional.hr\/politika-brisanja-vierda-i-puharic-analizom-akcije-medacki-dzep-sirimo-prostor-proucavanja-ratnih-tragedija\/\">POLITIKA BRISANJA Vierda i Puhari\u0107: &#8216;Analizom akcije Meda\u010dki d\u017eep \u0161irimo prostor prou\u010davanja ratnih tragedija&#8217;<\/a><\/blockquote><iframe loading=\"lazy\" class=\"wp-embedded-content\" sandbox=\"allow-scripts\" security=\"restricted\" style=\"position: absolute; visibility: hidden;\" title=\"&#8220;POLITIKA BRISANJA Vierda i Puhari\u0107: &#8216;Analizom akcije Meda\u010dki d\u017eep \u0161irimo prostor prou\u010davanja ratnih tragedija&#8217;&#8221; &#8212; NACIONAL.HR\" src=\"https:\/\/www.nacional.hr\/politika-brisanja-vierda-i-puharic-analizom-akcije-medacki-dzep-sirimo-prostor-proucavanja-ratnih-tragedija\/embed\/#?secret=5HTh2YQ6I8#?secret=hcXzpu8cC4\" data-secret=\"hcXzpu8cC4\" width=\"600\" height=\"338\" frameborder=\"0\" marginwidth=\"0\" marginheight=\"0\" scrolling=\"no\"><\/iframe>\n<\/div><\/figure>\n\n\n\n<figure class=\"wp-block-embed is-type-wp-embed is-provider-h-alter wp-block-embed-h-alter\"><div class=\"wp-block-embed__wrapper\">\n<blockquote class=\"wp-embedded-content\" data-secret=\"Yh4CrU1t4R\"><a href=\"https:\/\/h-alter.org\/ljudska-prava\/umijece-brisanja-operacija-dzep-93\/\">Umije\u0107e brisanja: D\u017eep &#8217;93<\/a><\/blockquote><iframe loading=\"lazy\" class=\"wp-embedded-content\" sandbox=\"allow-scripts\" security=\"restricted\" style=\"position: absolute; visibility: hidden;\" title=\"&#8220;Umije\u0107e brisanja: D\u017eep &#8217;93&#8221; &#8212; H-Alter\" src=\"https:\/\/h-alter.org\/ljudska-prava\/umijece-brisanja-operacija-dzep-93\/embed\/#?secret=Vb7VTUQ3pK#?secret=Yh4CrU1t4R\" data-secret=\"Yh4CrU1t4R\" width=\"600\" height=\"338\" frameborder=\"0\" marginwidth=\"0\" marginheight=\"0\" scrolling=\"no\"><\/iframe>\n<\/div><\/figure>\n\n\n\n<p><a href=\"https:\/\/www.portalnovosti.com\/istina-o-medackom-dzepu-za-nove-generacije\">https:\/\/www.portalnovosti.com\/istina-o-medackom-dzepu-za-nove-generacije<\/a><\/p>\n\n\n\n<hr class=\"wp-block-separator has-alpha-channel-opacity\"\/>\n\n\n\n<p>Dodatne obavijesti:<\/p>\n\n\n\n<figure class=\"wp-block-embed is-type-wp-embed is-provider-srpsko-narodno-vije-e-snv wp-block-embed-srpsko-narodno-vije-e-snv\"><div class=\"wp-block-embed__wrapper\">\n<blockquote class=\"wp-embedded-content\" data-secret=\"nasKiuGCI3\"><a href=\"https:\/\/snv.hr\/politika-brisanja-operacija-dzep-93-i-njene-posljedice\/\">\u201ePolitika brisanja \u2014 Operacija D\u017eep 93 i njene posljedice\u201c\u00a0<\/a><\/blockquote><iframe loading=\"lazy\" class=\"wp-embedded-content\" sandbox=\"allow-scripts\" security=\"restricted\" style=\"position: absolute; visibility: hidden;\" title=\"&#8220;\u201ePolitika brisanja \u2014 Operacija D\u017eep 93 i njene posljedice\u201c\u00a0&#8221; &#8212; Srpsko Narodno Vije\u0107e - SNV\" src=\"https:\/\/snv.hr\/politika-brisanja-operacija-dzep-93-i-njene-posljedice\/embed\/#?secret=PojeZiVVSY#?secret=nasKiuGCI3\" data-secret=\"nasKiuGCI3\" width=\"600\" height=\"338\" frameborder=\"0\" marginwidth=\"0\" marginheight=\"0\" scrolling=\"no\"><\/iframe>\n<\/div><\/figure>\n\n\n\n<hr class=\"wp-block-separator has-alpha-channel-opacity\"\/>\n\n\n\n<p>Prethodne obavijesti na portalu Historiografija.hr:<\/p>\n\n\n\n<figure class=\"wp-block-embed is-type-wp-embed is-provider-historiografija-hr wp-block-embed-historiografija-hr\"><div class=\"wp-block-embed__wrapper\">\n<blockquote class=\"wp-embedded-content\" data-secret=\"IGcg6Tlbtt\"><a href=\"https:\/\/historiografija.hr\/?p=47621\">SNV Bulletin #25 \/ Politika brisanja: Operacija D\u017eep 93 i njene posljedice<\/a><\/blockquote><iframe loading=\"lazy\" class=\"wp-embedded-content\" sandbox=\"allow-scripts\" security=\"restricted\" style=\"position: absolute; visibility: hidden;\" title=\"&#8220;SNV Bulletin #25 \/ Politika brisanja: Operacija D\u017eep 93 i njene posljedice&#8221; &#8212; Historiografija.hr\" src=\"https:\/\/historiografija.hr\/?p=47621&#038;embed=true#?secret=0Mtp8SvTWv#?secret=IGcg6Tlbtt\" data-secret=\"IGcg6Tlbtt\" width=\"600\" height=\"338\" frameborder=\"0\" marginwidth=\"0\" marginheight=\"0\" scrolling=\"no\"><\/iframe>\n<\/div><\/figure>\n\n\n\n<hr class=\"wp-block-separator has-alpha-channel-opacity\"\/>\n","protected":false},"excerpt":{"rendered":"","protected":false},"author":2,"featured_media":50072,"comment_status":"open","ping_status":"open","sticky":false,"template":"","format":"standard","meta":{"_acf_changed":false,"jetpack_post_was_ever_published":false,"_jetpack_newsletter_access":"","_jetpack_dont_email_post_to_subs":false,"_jetpack_newsletter_tier_id":0,"_jetpack_memberships_contains_paywalled_content":false,"_jetpack_memberships_contains_paid_content":false,"footnotes":"","jetpack_publicize_message":"","jetpack_publicize_feature_enabled":true,"jetpack_social_post_already_shared":true,"jetpack_social_options":{"image_generator_settings":{"template":"highway","default_image_id":0,"font":"","enabled":false},"version":2}},"categories":[3],"tags":[],"class_list":["post-50071","post","type-post","status-publish","format-standard","has-post-thumbnail","hentry","category-novosti"],"acf":{"facebook_opis":""},"jetpack_publicize_connections":[],"jetpack_featured_media_url":"https:\/\/i0.wp.com\/historiografija.hr\/wp-content\/uploads\/2025\/12\/Od-arhiva-do-ekrana.jpg?fit=1600%2C900&ssl=1","jetpack_sharing_enabled":true,"jetpack-related-posts":[],"_links":{"self":[{"href":"https:\/\/historiografija.hr\/index.php?rest_route=\/wp\/v2\/posts\/50071","targetHints":{"allow":["GET"]}}],"collection":[{"href":"https:\/\/historiografija.hr\/index.php?rest_route=\/wp\/v2\/posts"}],"about":[{"href":"https:\/\/historiografija.hr\/index.php?rest_route=\/wp\/v2\/types\/post"}],"author":[{"embeddable":true,"href":"https:\/\/historiografija.hr\/index.php?rest_route=\/wp\/v2\/users\/2"}],"replies":[{"embeddable":true,"href":"https:\/\/historiografija.hr\/index.php?rest_route=%2Fwp%2Fv2%2Fcomments&post=50071"}],"version-history":[{"count":6,"href":"https:\/\/historiografija.hr\/index.php?rest_route=\/wp\/v2\/posts\/50071\/revisions"}],"predecessor-version":[{"id":50701,"href":"https:\/\/historiografija.hr\/index.php?rest_route=\/wp\/v2\/posts\/50071\/revisions\/50701"}],"wp:featuredmedia":[{"embeddable":true,"href":"https:\/\/historiografija.hr\/index.php?rest_route=\/wp\/v2\/media\/50072"}],"wp:attachment":[{"href":"https:\/\/historiografija.hr\/index.php?rest_route=%2Fwp%2Fv2%2Fmedia&parent=50071"}],"wp:term":[{"taxonomy":"category","embeddable":true,"href":"https:\/\/historiografija.hr\/index.php?rest_route=%2Fwp%2Fv2%2Fcategories&post=50071"},{"taxonomy":"post_tag","embeddable":true,"href":"https:\/\/historiografija.hr\/index.php?rest_route=%2Fwp%2Fv2%2Ftags&post=50071"}],"curies":[{"name":"wp","href":"https:\/\/api.w.org\/{rel}","templated":true}]}}