{"id":50064,"date":"2025-12-02T22:09:29","date_gmt":"2025-12-02T22:09:29","guid":{"rendered":"https:\/\/historiografija.hr\/?p=50064"},"modified":"2025-12-02T22:09:29","modified_gmt":"2025-12-02T22:09:29","slug":"predstavljanje-knjige-damirke-mihaljevic-komunizam-nacija-demokracija-u-sarajevu","status":"publish","type":"post","link":"https:\/\/historiografija.hr\/?p=50064","title":{"rendered":"Predstavljanje knjige Damirke Mihaljevi\u0107 \u201eKOMUNIZAM. NACIJA. DEMOKRACIJA.\u201c u Sarajevu"},"content":{"rendered":"\n<p>Fakultet politi\u010dkih nauka Univerziteta u Sarajevu organizira predstavljanje knjige Damirke Mihaljevi\u0107 <em>KOMUNIZAM. NACIJA. DEMOKRACIJA.<\/em><\/p>\n\n\n\n<p>Knjiga predstavlja poku\u0161aj osvjetljenja odnosa komunizma i nacija te uzro\u010dno-posljedi\u010dne veze tog odnosa na demokratsku tranziciju.<\/p>\n\n\n\n<p>O knjizi \u0107e govoriti Asim Mujki\u0107, Husnija Kamberovi\u0107 i autorica.<\/p>\n\n\n\n<p>Damirka Mihaljevi\u0107 je redovna profesorica politologije na Filozofskom fakultetu Sveu\u010dili\u0161ta u Mostaru.<\/p>\n\n\n\n<p>Knjigu je objavila izdava\u010dka ku\u0107a Srednja Europa iz Zagreba.<\/p>\n\n\n\n<p>Promocija \u0107e biti u srijedu, 3. decembra 2025., u 12.00 sati u \u010ditaonici Fakulteta politi\u010dkih nauka u Sarajevu (ul. Skenderija br. 72).<\/p>\n\n\n\n<p>Izvor: <a href=\"https:\/\/fpn.unsa.ba\/b\/promocija-knjige-komunizam-nacija-demokracija-autorice-prof-dr-sc-damirke-mihaljevic\/\">FPN<\/a><\/p>\n\n\n\n<hr class=\"wp-block-separator has-alpha-channel-opacity\"\/>\n\n\n\n<p>Preneseno s portala <strong>Historiografija.ba<\/strong>:<\/p>\n\n\n\n<p><a href=\"https:\/\/historiografija.ba\/historija-u-javnosti\/dogadjaji\/odnos-komunizma-nacije-i-demokracije\">https:\/\/historiografija.ba\/historija-u-javnosti\/dogadjaji\/odnos-komunizma-nacije-i-demokracije<\/a><\/p>\n\n\n\n<hr class=\"wp-block-separator has-alpha-channel-opacity\"\/>\n","protected":false},"excerpt":{"rendered":"","protected":false},"author":2,"featured_media":50065,"comment_status":"open","ping_status":"open","sticky":false,"template":"","format":"standard","meta":{"_acf_changed":false,"jetpack_post_was_ever_published":false,"_jetpack_newsletter_access":"","_jetpack_dont_email_post_to_subs":false,"_jetpack_newsletter_tier_id":0,"_jetpack_memberships_contains_paywalled_content":false,"_jetpack_memberships_contains_paid_content":false,"footnotes":"","jetpack_publicize_message":"","jetpack_publicize_feature_enabled":true,"jetpack_social_post_already_shared":true,"jetpack_social_options":{"image_generator_settings":{"template":"highway","default_image_id":0,"font":"","enabled":false},"version":2}},"categories":[3],"tags":[],"class_list":["post-50064","post","type-post","status-publish","format-standard","has-post-thumbnail","hentry","category-novosti"],"acf":{"facebook_opis":""},"jetpack_publicize_connections":[],"jetpack_featured_media_url":"https:\/\/i0.wp.com\/historiografija.hr\/wp-content\/uploads\/2025\/12\/komunizam-nacija-demokracija.webp?fit=1500%2C637&ssl=1","jetpack_sharing_enabled":true,"jetpack-related-posts":[],"_links":{"self":[{"href":"https:\/\/historiografija.hr\/index.php?rest_route=\/wp\/v2\/posts\/50064","targetHints":{"allow":["GET"]}}],"collection":[{"href":"https:\/\/historiografija.hr\/index.php?rest_route=\/wp\/v2\/posts"}],"about":[{"href":"https:\/\/historiografija.hr\/index.php?rest_route=\/wp\/v2\/types\/post"}],"author":[{"embeddable":true,"href":"https:\/\/historiografija.hr\/index.php?rest_route=\/wp\/v2\/users\/2"}],"replies":[{"embeddable":true,"href":"https:\/\/historiografija.hr\/index.php?rest_route=%2Fwp%2Fv2%2Fcomments&post=50064"}],"version-history":[{"count":1,"href":"https:\/\/historiografija.hr\/index.php?rest_route=\/wp\/v2\/posts\/50064\/revisions"}],"predecessor-version":[{"id":50066,"href":"https:\/\/historiografija.hr\/index.php?rest_route=\/wp\/v2\/posts\/50064\/revisions\/50066"}],"wp:featuredmedia":[{"embeddable":true,"href":"https:\/\/historiografija.hr\/index.php?rest_route=\/wp\/v2\/media\/50065"}],"wp:attachment":[{"href":"https:\/\/historiografija.hr\/index.php?rest_route=%2Fwp%2Fv2%2Fmedia&parent=50064"}],"wp:term":[{"taxonomy":"category","embeddable":true,"href":"https:\/\/historiografija.hr\/index.php?rest_route=%2Fwp%2Fv2%2Fcategories&post=50064"},{"taxonomy":"post_tag","embeddable":true,"href":"https:\/\/historiografija.hr\/index.php?rest_route=%2Fwp%2Fv2%2Ftags&post=50064"}],"curies":[{"name":"wp","href":"https:\/\/api.w.org\/{rel}","templated":true}]}}