{"id":50059,"date":"2025-12-02T21:59:53","date_gmt":"2025-12-02T21:59:53","guid":{"rendered":"https:\/\/historiografija.hr\/?p=50059"},"modified":"2025-12-02T21:59:53","modified_gmt":"2025-12-02T21:59:53","slug":"medunarodni-znanstveni-skup-o-150-obljetnici-rodenja-luke-lukica-ucitelja-etnografa-melografa-1875-2025","status":"publish","type":"post","link":"https:\/\/historiografija.hr\/?p=50059","title":{"rendered":"Me\u0111unarodni znanstveni skup \u201eO 150. obljetnici ro\u0111enja Luke Luki\u0107a, u\u010ditelja, etnografa, melografa (1875. \u2013 2025.)\u201d"},"content":{"rendered":"\n<p>Fakultet za odgojne i obrazovne znanosti\/Faculty of Education Osijek, Sveu\u010dili\u0161te Josipa Jurja Strossmayera u Osijeku, Institut za etnologiju i folkloristiku, Hrvatski institut za povijest \u2013 Podru\u017enica Slavonski Brod, Grad Slavonski Brod, slu\u017ebena stranica, Op\u0107ina Klakar, Dr\u017eavni arhiv u Slavonskom Brodu-DASB i Muzej Brodskog Posavlja, uz pokroviteljstvo Ministarstvo kulture i medija Republike Hrvatske i Ministarstva znanosti, obrazovanja i mladih Republike Hrvatske, organiziraju Me\u0111unarodni znanstveni skup \u201eO 150. obljetnici ro\u0111enja Luke Luki\u0107a, u\u010ditelja, etnografa, melografa (1875. \u2013 2025.)\u201d. Skup \u0107e se odr\u017eati 4. i 5. prosinca 2025. u Klakaru i Slavonskom Brodu.<\/p>\n\n\n\n<p>Program je dostupan na stranici:<\/p>\n\n\n\n<figure class=\"wp-block-embed is-type-wp-embed is-provider-foozos wp-block-embed-foozos\"><div class=\"wp-block-embed__wrapper\">\n<blockquote class=\"wp-embedded-content\" data-secret=\"eBrjt1uSsD\"><a href=\"https:\/\/www.foozos.hr\/hr\/medunarodni-znanstveni-skup-o-150-obljetnici-rodenja-luke-lukica-ucitelja-etnografa-melografa-1875-2025\/\">Me\u0111unarodni znanstveni skup \u201eO 150. obljetnici ro\u0111enja Luke Luki\u0107a, u\u010ditelja, etnografa, melografa (1875. \u2013 2025.)\u201d<\/a><\/blockquote><iframe loading=\"lazy\" class=\"wp-embedded-content\" sandbox=\"allow-scripts\" security=\"restricted\" style=\"position: absolute; visibility: hidden;\" title=\"&#8220;Me\u0111unarodni znanstveni skup \u201eO 150. obljetnici ro\u0111enja Luke Luki\u0107a, u\u010ditelja, etnografa, melografa (1875. \u2013 2025.)\u201d&#8221; &#8212; FOOZOS\" src=\"https:\/\/www.foozos.hr\/hr\/medunarodni-znanstveni-skup-o-150-obljetnici-rodenja-luke-lukica-ucitelja-etnografa-melografa-1875-2025\/embed\/#?secret=EOrOkZU668#?secret=eBrjt1uSsD\" data-secret=\"eBrjt1uSsD\" width=\"600\" height=\"338\" frameborder=\"0\" marginwidth=\"0\" marginheight=\"0\" scrolling=\"no\"><\/iframe>\n<\/div><\/figure>\n\n\n\n<hr class=\"wp-block-separator has-alpha-channel-opacity\"\/>\n\n\n\n<p>Izvor:<\/p>\n\n\n\n<figure class=\"wp-block-embed is-type-wp-embed is-provider-hrvatski-institut-za-povijest wp-block-embed-hrvatski-institut-za-povijest\"><div class=\"wp-block-embed__wrapper\">\n<blockquote class=\"wp-embedded-content\" data-secret=\"QClGqUjnuP\"><a href=\"https:\/\/hipsb.hr\/medunarodni-znanstveni-skup-o-150-obljetnici-rodenja-luke-lukica-ucitelja-etnografa-melografa-1875-2025\/\">Me\u0111unarodni znanstveni skup \u201eO 150. obljetnici ro\u0111enja Luke Luki\u0107a, u\u010ditelja, etnografa, melografa (1875. \u2013 2025.)\u201d<\/a><\/blockquote><iframe loading=\"lazy\" class=\"wp-embedded-content\" sandbox=\"allow-scripts\" security=\"restricted\" style=\"position: absolute; visibility: hidden;\" title=\"&#8220;Me\u0111unarodni znanstveni skup \u201eO 150. obljetnici ro\u0111enja Luke Luki\u0107a, u\u010ditelja, etnografa, melografa (1875. \u2013 2025.)\u201d&#8221; &#8212; Hrvatski institut za povijest\" src=\"https:\/\/hipsb.hr\/medunarodni-znanstveni-skup-o-150-obljetnici-rodenja-luke-lukica-ucitelja-etnografa-melografa-1875-2025\/embed\/#?secret=QClGqUjnuP\" data-secret=\"QClGqUjnuP\" width=\"600\" height=\"338\" frameborder=\"0\" marginwidth=\"0\" marginheight=\"0\" scrolling=\"no\"><\/iframe>\n<\/div><\/figure>\n\n\n\n<hr class=\"wp-block-separator has-alpha-channel-opacity\"\/>\n","protected":false},"excerpt":{"rendered":"","protected":false},"author":2,"featured_media":50060,"comment_status":"open","ping_status":"open","sticky":false,"template":"","format":"standard","meta":{"_acf_changed":false,"jetpack_post_was_ever_published":false,"_jetpack_newsletter_access":"","_jetpack_dont_email_post_to_subs":false,"_jetpack_newsletter_tier_id":0,"_jetpack_memberships_contains_paywalled_content":false,"_jetpack_memberships_contains_paid_content":false,"footnotes":"","jetpack_publicize_message":"","jetpack_publicize_feature_enabled":true,"jetpack_social_post_already_shared":true,"jetpack_social_options":{"image_generator_settings":{"template":"highway","default_image_id":0,"font":"","enabled":false},"version":2}},"categories":[3,9],"tags":[],"class_list":["post-50059","post","type-post","status-publish","format-standard","has-post-thumbnail","hentry","category-novosti","category-skupovi"],"acf":{"facebook_opis":""},"jetpack_publicize_connections":[],"jetpack_featured_media_url":"https:\/\/i0.wp.com\/historiografija.hr\/wp-content\/uploads\/2025\/12\/Luka-Lukic.jpg?fit=679%2C960&ssl=1","jetpack_sharing_enabled":true,"jetpack-related-posts":[],"_links":{"self":[{"href":"https:\/\/historiografija.hr\/index.php?rest_route=\/wp\/v2\/posts\/50059","targetHints":{"allow":["GET"]}}],"collection":[{"href":"https:\/\/historiografija.hr\/index.php?rest_route=\/wp\/v2\/posts"}],"about":[{"href":"https:\/\/historiografija.hr\/index.php?rest_route=\/wp\/v2\/types\/post"}],"author":[{"embeddable":true,"href":"https:\/\/historiografija.hr\/index.php?rest_route=\/wp\/v2\/users\/2"}],"replies":[{"embeddable":true,"href":"https:\/\/historiografija.hr\/index.php?rest_route=%2Fwp%2Fv2%2Fcomments&post=50059"}],"version-history":[{"count":1,"href":"https:\/\/historiografija.hr\/index.php?rest_route=\/wp\/v2\/posts\/50059\/revisions"}],"predecessor-version":[{"id":50061,"href":"https:\/\/historiografija.hr\/index.php?rest_route=\/wp\/v2\/posts\/50059\/revisions\/50061"}],"wp:featuredmedia":[{"embeddable":true,"href":"https:\/\/historiografija.hr\/index.php?rest_route=\/wp\/v2\/media\/50060"}],"wp:attachment":[{"href":"https:\/\/historiografija.hr\/index.php?rest_route=%2Fwp%2Fv2%2Fmedia&parent=50059"}],"wp:term":[{"taxonomy":"category","embeddable":true,"href":"https:\/\/historiografija.hr\/index.php?rest_route=%2Fwp%2Fv2%2Fcategories&post=50059"},{"taxonomy":"post_tag","embeddable":true,"href":"https:\/\/historiografija.hr\/index.php?rest_route=%2Fwp%2Fv2%2Ftags&post=50059"}],"curies":[{"name":"wp","href":"https:\/\/api.w.org\/{rel}","templated":true}]}}