{"id":50057,"date":"2025-12-02T21:54:43","date_gmt":"2025-12-02T21:54:43","guid":{"rendered":"https:\/\/historiografija.hr\/?p=50057"},"modified":"2025-12-02T21:54:43","modified_gmt":"2025-12-02T21:54:43","slug":"predavanje-uz-vodstvo-milana-pelca-teskim-vremenima-usprkos-%e2%80%92-opstanak-kulture-u-doba-humanizma-i-renesanse","status":"publish","type":"post","link":"https:\/\/historiografija.hr\/?p=50057","title":{"rendered":"Predavanje uz vodstvo Milana Pelca &#8220;Te\u0161kim vremenima usprkos \u2012 opstanak kulture u doba humanizma i renesanse&#8221;"},"content":{"rendered":"\n<p>Predavanja i vodstva uz izlo\u017ebu \u201cU po\u010detku bija\u0161e Kraljevstvo \u2013 1100 godina Hrvatskoga kraljevstva\u201d<\/p>\n\n\n\n<p>Galerija Klovi\u0107evi dvori, 4. 12. 2025. u 18 sati &#8211; u prostoru izlo\u017ebe &#8211; 2. kat<\/p>\n\n\n\n<hr class=\"wp-block-separator has-alpha-channel-opacity\"\/>\n\n\n\n<p>Razdoblje od sredine 15. do konca 16. stolje\u0107a u hrvatskim zemljama doima se poput medalje s jednom sjajnom i jednom mra\u010dnom stranom. Sjajna je strana kultura humanizma i renesanse koja se i na jugu i na sjeveru Hrvatske uspostavlja i razvija u mnogim oblicima i manifestacijama \u2013 ponajvi\u0161e u knji\u017eevnosti i likovnoj umjetnosti. Mra\u010dna strana posljedica je osmanlijskog prodora prema zapadu Europe, pri \u010demu je Hrvatskoj pripala te\u0161ka zada\u0107a obrane kr\u0161\u0107anstva (<em>antemurale christianitatis<\/em>). U predavanju \u0107e se pred izlo\u0161cima u prostoru Galerije Klovi\u0107evi dvori evocirati to razdoblje borbe za opstanak u kojem unato\u010d glasnom govoru oru\u017eja muze ipak ne \u0161ute.<\/p>\n\n\n\n<p>&#8211;<\/p>\n\n\n\n<p><strong>Milan Pelc<\/strong> je povjesni\u010dar umjetnosti trajno usmjeren na razdoblje kasnog srednjeg vijeka i renesanse u Hrvatskoj i Europi. Posebno se bavi povije\u0161\u0107u europske i hrvatske grafike te knji\u017ene ilustracije ranoga novog vijeka (1400.\u20131700.), kao i povije\u0161\u0107u hrvatske grafike 19. i ranog 20. stolje\u0107a. Njegovi istra\u017eiva\u010dki interesi obuhva\u0107aju i povijest knjige i vizualnih medija te povijest i teoriju povijesti umjetnosti. O tim je temama objavio niz znanstvenih i stru\u010dnih \u010dlanaka, kataloge izlo\u017ebi te vi\u0161e knjiga.<\/p>\n\n\n\n<p><strong>Za vodstvo dr. sc. Milana Pelca napla\u0107uje se ulaznica po cijeni od 5 eura.<\/strong><\/p>\n\n\n\n<hr class=\"wp-block-separator has-alpha-channel-opacity\"\/>\n\n\n\n<figure class=\"wp-block-embed is-type-wp-embed is-provider-historiografija-hr wp-block-embed-historiografija-hr\"><div class=\"wp-block-embed__wrapper\">\n<blockquote class=\"wp-embedded-content\" data-secret=\"ReEorOTgfs\"><a href=\"https:\/\/historiografija.hr\/?p=49612\">Predavanja i vodstva uz izlo\u017ebu \u201cU po\u010detku bija\u0161e Kraljevstvo \u2013 1100 godina Hrvatskoga kraljevstva\u201d<\/a><\/blockquote><iframe loading=\"lazy\" class=\"wp-embedded-content\" sandbox=\"allow-scripts\" security=\"restricted\" style=\"position: absolute; visibility: hidden;\" title=\"&#8220;Predavanja i vodstva uz izlo\u017ebu \u201cU po\u010detku bija\u0161e Kraljevstvo \u2013 1100 godina Hrvatskoga kraljevstva\u201d&#8221; &#8212; Historiografija.hr\" src=\"https:\/\/historiografija.hr\/?p=49612&#038;embed=true#?secret=fqJVACPSE6#?secret=ReEorOTgfs\" data-secret=\"ReEorOTgfs\" width=\"600\" height=\"338\" frameborder=\"0\" marginwidth=\"0\" marginheight=\"0\" scrolling=\"no\"><\/iframe>\n<\/div><\/figure>\n\n\n\n<hr class=\"wp-block-separator has-alpha-channel-opacity\"\/>\n","protected":false},"excerpt":{"rendered":"","protected":false},"author":2,"featured_media":49726,"comment_status":"open","ping_status":"open","sticky":false,"template":"","format":"standard","meta":{"_acf_changed":false,"jetpack_post_was_ever_published":false,"_jetpack_newsletter_access":"","_jetpack_dont_email_post_to_subs":false,"_jetpack_newsletter_tier_id":0,"_jetpack_memberships_contains_paywalled_content":false,"_jetpack_memberships_contains_paid_content":false,"footnotes":"","jetpack_publicize_message":"","jetpack_publicize_feature_enabled":true,"jetpack_social_post_already_shared":true,"jetpack_social_options":{"image_generator_settings":{"template":"highway","default_image_id":0,"font":"","enabled":false},"version":2}},"categories":[3],"tags":[],"class_list":["post-50057","post","type-post","status-publish","format-standard","has-post-thumbnail","hentry","category-novosti"],"acf":{"facebook_opis":""},"jetpack_publicize_connections":[],"jetpack_featured_media_url":"https:\/\/i0.wp.com\/historiografija.hr\/wp-content\/uploads\/2025\/11\/Izlozba_predavanja.jpeg?fit=820%2C360&ssl=1","jetpack_sharing_enabled":true,"jetpack-related-posts":[],"_links":{"self":[{"href":"https:\/\/historiografija.hr\/index.php?rest_route=\/wp\/v2\/posts\/50057","targetHints":{"allow":["GET"]}}],"collection":[{"href":"https:\/\/historiografija.hr\/index.php?rest_route=\/wp\/v2\/posts"}],"about":[{"href":"https:\/\/historiografija.hr\/index.php?rest_route=\/wp\/v2\/types\/post"}],"author":[{"embeddable":true,"href":"https:\/\/historiografija.hr\/index.php?rest_route=\/wp\/v2\/users\/2"}],"replies":[{"embeddable":true,"href":"https:\/\/historiografija.hr\/index.php?rest_route=%2Fwp%2Fv2%2Fcomments&post=50057"}],"version-history":[{"count":1,"href":"https:\/\/historiografija.hr\/index.php?rest_route=\/wp\/v2\/posts\/50057\/revisions"}],"predecessor-version":[{"id":50058,"href":"https:\/\/historiografija.hr\/index.php?rest_route=\/wp\/v2\/posts\/50057\/revisions\/50058"}],"wp:featuredmedia":[{"embeddable":true,"href":"https:\/\/historiografija.hr\/index.php?rest_route=\/wp\/v2\/media\/49726"}],"wp:attachment":[{"href":"https:\/\/historiografija.hr\/index.php?rest_route=%2Fwp%2Fv2%2Fmedia&parent=50057"}],"wp:term":[{"taxonomy":"category","embeddable":true,"href":"https:\/\/historiografija.hr\/index.php?rest_route=%2Fwp%2Fv2%2Fcategories&post=50057"},{"taxonomy":"post_tag","embeddable":true,"href":"https:\/\/historiografija.hr\/index.php?rest_route=%2Fwp%2Fv2%2Ftags&post=50057"}],"curies":[{"name":"wp","href":"https:\/\/api.w.org\/{rel}","templated":true}]}}