{"id":50034,"date":"2025-12-01T21:30:07","date_gmt":"2025-12-01T21:30:07","guid":{"rendered":"https:\/\/historiografija.hr\/?p=50034"},"modified":"2025-12-01T21:30:44","modified_gmt":"2025-12-01T21:30:44","slug":"strauss-u-zagrebu-u-povodu-200-obljetnice-rodenja-johanna-straussa-ml-1825-1899","status":"publish","type":"post","link":"https:\/\/historiografija.hr\/?p=50034","title":{"rendered":"Strauss u Zagrebu: u povodu 200. obljetnice ro\u0111enja Johanna Straussa ml. (1825. \u2013 1899.)"},"content":{"rendered":"\n<p><strong>Hrvatska udruga muzi\u010dkih knji\u017enica, arhiva i dokumentacijskih centara <\/strong>(HUMKAD) i <strong>Komisija za glazbene knji\u017enice i zbirke Hrvatskoga knji\u017eni\u010darskog dru\u0161tva <\/strong>pozivaju vas na doga\u0111anje <em>Strauss u Zagrebu: u povodu 200. obljetnice ro\u0111enja Johanna Straussa ml. (1825. \u2013 1899.)<\/em>. Johann Strauss ml. uvelike je zaslu\u017ean za razvoj valcera kao koncertne i plesne forme, zbog \u010dega je i dobio nadimak \u201ekralj valcera\u201c. <\/p>\n\n\n\n<p>O <strong>karakteristikama valcera i salonskog kola kroz njihovu komparativnu analizu <\/strong>govorit \u0107e djelatnice Instituta za etnologiju i folkloristiku dr. sc. Iva Niem\u010di\u0107 i dr. sc. Ivana Katarin\u010di\u0107. Sa <strong>\u017eivotnim i stvarala\u010dkim putom \u201ezagreba\u010dkog Straussa\u201c Gjure Eisenhutha <\/strong>(1841. <em>\u2013<\/em> 1891.) upoznat \u0107e nas muzikologinja i knji\u017eni\u010darka dr. sc. Nada Bezi\u0107, koja \u0107e predstaviti i njegovu ostav\u0161tinu pohranjenu u arhivu Hrvatskoga glazbenog zavoda. <\/p>\n\n\n\n<p>Nakon predavanja, u\u010denice i nastavnice \u0160kole za klasi\u010dni balet kroz prakti\u010dan rad nau\u010dit \u0107e sve zainteresirane <strong>plesne korake be\u010dkog valcera<\/strong>.<\/p>\n\n\n\n<p>Program \u0107e se odr\u017eati u petak, <strong>5. prosinca 2025.<\/strong> u 18 sati u Multimedijalnoj dvorani Gradske knji\u017enice na <strong>Star\u010devi\u0107evu trgu 4<\/strong> u Zagrebu. Ulaz slobodan!<\/p>\n\n\n\n<hr class=\"wp-block-separator has-alpha-channel-opacity\"\/>\n\n\n\n<figure class=\"wp-block-image size-large is-resized\"><img data-recalc-dims=\"1\" loading=\"lazy\" decoding=\"async\" width=\"737\" height=\"1024\" data-attachment-id=\"50035\" data-permalink=\"https:\/\/historiografija.hr\/?attachment_id=50035\" data-orig-file=\"https:\/\/i0.wp.com\/historiografija.hr\/wp-content\/uploads\/2025\/12\/Strauss-plakat-scaled.jpg?fit=1843%2C2560&amp;ssl=1\" data-orig-size=\"1843,2560\" data-comments-opened=\"1\" data-image-meta=\"{&quot;aperture&quot;:&quot;0&quot;,&quot;credit&quot;:&quot;Ivana Jurenec&quot;,&quot;camera&quot;:&quot;&quot;,&quot;caption&quot;:&quot;&quot;,&quot;created_timestamp&quot;:&quot;1764072971&quot;,&quot;copyright&quot;:&quot;&quot;,&quot;focal_length&quot;:&quot;0&quot;,&quot;iso&quot;:&quot;0&quot;,&quot;shutter_speed&quot;:&quot;0&quot;,&quot;title&quot;:&quot;&quot;,&quot;orientation&quot;:&quot;0&quot;}\" data-image-title=\"Strauss plakat\" data-image-description=\"\" data-image-caption=\"\" data-large-file=\"https:\/\/i0.wp.com\/historiografija.hr\/wp-content\/uploads\/2025\/12\/Strauss-plakat-scaled.jpg?fit=737%2C1024&amp;ssl=1\" src=\"https:\/\/i0.wp.com\/historiografija.hr\/wp-content\/uploads\/2025\/12\/Strauss-plakat.jpg?resize=737%2C1024&#038;ssl=1\" alt=\"\" class=\"wp-image-50035\" style=\"width:744px;height:auto\" srcset=\"https:\/\/i0.wp.com\/historiografija.hr\/wp-content\/uploads\/2025\/12\/Strauss-plakat-scaled.jpg?resize=737%2C1024&amp;ssl=1 737w, https:\/\/i0.wp.com\/historiografija.hr\/wp-content\/uploads\/2025\/12\/Strauss-plakat-scaled.jpg?resize=216%2C300&amp;ssl=1 216w, https:\/\/i0.wp.com\/historiografija.hr\/wp-content\/uploads\/2025\/12\/Strauss-plakat-scaled.jpg?resize=768%2C1067&amp;ssl=1 768w, https:\/\/i0.wp.com\/historiografija.hr\/wp-content\/uploads\/2025\/12\/Strauss-plakat-scaled.jpg?resize=1106%2C1536&amp;ssl=1 1106w, https:\/\/i0.wp.com\/historiografija.hr\/wp-content\/uploads\/2025\/12\/Strauss-plakat-scaled.jpg?resize=1474%2C2048&amp;ssl=1 1474w, https:\/\/i0.wp.com\/historiografija.hr\/wp-content\/uploads\/2025\/12\/Strauss-plakat-scaled.jpg?w=1843&amp;ssl=1 1843w, https:\/\/i0.wp.com\/historiografija.hr\/wp-content\/uploads\/2025\/12\/Strauss-plakat-scaled.jpg?w=1720&amp;ssl=1 1720w\" sizes=\"auto, (max-width: 737px) 100vw, 737px\" \/><\/figure>\n\n\n\n<hr class=\"wp-block-separator has-alpha-channel-opacity\"\/>\n","protected":false},"excerpt":{"rendered":"","protected":false},"author":2,"featured_media":50035,"comment_status":"open","ping_status":"open","sticky":false,"template":"","format":"standard","meta":{"_acf_changed":false,"jetpack_post_was_ever_published":false,"_jetpack_newsletter_access":"","_jetpack_dont_email_post_to_subs":false,"_jetpack_newsletter_tier_id":0,"_jetpack_memberships_contains_paywalled_content":false,"_jetpack_memberships_contains_paid_content":false,"footnotes":"","jetpack_publicize_message":"","jetpack_publicize_feature_enabled":true,"jetpack_social_post_already_shared":true,"jetpack_social_options":{"image_generator_settings":{"template":"highway","default_image_id":0,"font":"","enabled":false},"version":2}},"categories":[3],"tags":[],"class_list":["post-50034","post","type-post","status-publish","format-standard","has-post-thumbnail","hentry","category-novosti"],"acf":{"facebook_opis":""},"jetpack_publicize_connections":[],"jetpack_featured_media_url":"https:\/\/i0.wp.com\/historiografija.hr\/wp-content\/uploads\/2025\/12\/Strauss-plakat-scaled.jpg?fit=1843%2C2560&ssl=1","jetpack_sharing_enabled":true,"jetpack-related-posts":[],"_links":{"self":[{"href":"https:\/\/historiografija.hr\/index.php?rest_route=\/wp\/v2\/posts\/50034","targetHints":{"allow":["GET"]}}],"collection":[{"href":"https:\/\/historiografija.hr\/index.php?rest_route=\/wp\/v2\/posts"}],"about":[{"href":"https:\/\/historiografija.hr\/index.php?rest_route=\/wp\/v2\/types\/post"}],"author":[{"embeddable":true,"href":"https:\/\/historiografija.hr\/index.php?rest_route=\/wp\/v2\/users\/2"}],"replies":[{"embeddable":true,"href":"https:\/\/historiografija.hr\/index.php?rest_route=%2Fwp%2Fv2%2Fcomments&post=50034"}],"version-history":[{"count":2,"href":"https:\/\/historiografija.hr\/index.php?rest_route=\/wp\/v2\/posts\/50034\/revisions"}],"predecessor-version":[{"id":50037,"href":"https:\/\/historiografija.hr\/index.php?rest_route=\/wp\/v2\/posts\/50034\/revisions\/50037"}],"wp:featuredmedia":[{"embeddable":true,"href":"https:\/\/historiografija.hr\/index.php?rest_route=\/wp\/v2\/media\/50035"}],"wp:attachment":[{"href":"https:\/\/historiografija.hr\/index.php?rest_route=%2Fwp%2Fv2%2Fmedia&parent=50034"}],"wp:term":[{"taxonomy":"category","embeddable":true,"href":"https:\/\/historiografija.hr\/index.php?rest_route=%2Fwp%2Fv2%2Fcategories&post=50034"},{"taxonomy":"post_tag","embeddable":true,"href":"https:\/\/historiografija.hr\/index.php?rest_route=%2Fwp%2Fv2%2Ftags&post=50034"}],"curies":[{"name":"wp","href":"https:\/\/api.w.org\/{rel}","templated":true}]}}