{"id":50031,"date":"2025-12-01T21:24:37","date_gmt":"2025-12-01T21:24:37","guid":{"rendered":"https:\/\/historiografija.hr\/?p=50031"},"modified":"2025-12-01T21:24:37","modified_gmt":"2025-12-01T21:24:37","slug":"razgovor-povodom-izlaska-zbornika-potreseni-znanstvenohumanisticki-i-umjetnicki-dosezi-banijskog-potresa","status":"publish","type":"post","link":"https:\/\/historiografija.hr\/?p=50031","title":{"rendered":"Razgovor povodom izlaska zbornika \u201ePOTRESENI: znanstvenohumanisti\u010dki i umjetni\u010dki dosezi banijskog potresa\u201c"},"content":{"rendered":"\n<p>Po\u0161tovane i po\u0161tovani, veliko nam je zadovoljstvo pozvati Vas na razgovor povodom izlaska zbornika \u201ePOTRESENI: znanstvenohumanisti\u010dki i umjetni\u010dki dosezi banijskog potresa\u201c u izdanju Instituta za etnologiju i folkloristiku.<\/p>\n\n\n\n<hr class=\"wp-block-separator has-alpha-channel-opacity\"\/>\n\n\n\n<p>Razgovor \u0107e se odr\u017eati u Institutu za etnologiju i folkloristiku, \u0160ubi\u0107eva 42, 5. kat, utorak, 2. prosinca 2025. u 12 sati<\/p>\n\n\n\n<hr class=\"wp-block-separator has-alpha-channel-opacity\"\/>\n\n\n\n<p>U razgovoru sudjeluju<\/p>\n\n\n\n<p>ILDIKO ERDEI<\/p>\n\n\n\n<p>TAMARA BANJEGLAV<\/p>\n\n\n\n<p>ANAMARIA FRANCESCHI<\/p>\n\n\n\n<p>MIRNA TKAL\u010cI\u0106 SIMETI\u0106<\/p>\n\n\n\n<hr class=\"wp-block-separator has-alpha-channel-opacity\"\/>\n\n\n\n<p>Razgovor \u0107e moderirati kourednice<\/p>\n\n\n\n<p>RENATA JAMBRE\u0160I\u0106 KIRIN<\/p>\n\n\n\n<p>JELENA MARKOVI\u0106<\/p>\n\n\n\n<p>INES PRICA<\/p>\n\n\n\n<hr class=\"wp-block-separator has-alpha-channel-opacity\"\/>\n\n\n\n<p>Izvor:<\/p>\n\n\n\n<figure class=\"wp-block-embed is-type-wp-embed is-provider-institut-za-etnologiju-i-folkloristiku wp-block-embed-institut-za-etnologiju-i-folkloristiku\"><div class=\"wp-block-embed__wrapper\">\n<blockquote class=\"wp-embedded-content\" data-secret=\"5Nyscjkh53\"><a href=\"https:\/\/www.ief.hr\/\">Naslovna<\/a><\/blockquote><iframe loading=\"lazy\" class=\"wp-embedded-content\" sandbox=\"allow-scripts\" security=\"restricted\" style=\"position: absolute; visibility: hidden;\" title=\"&#8220;Naslovna&#8221; &#8212; Institut za etnologiju i folkloristiku\" src=\"https:\/\/www.ief.hr\/embed\/#?secret=5Nyscjkh53\" data-secret=\"5Nyscjkh53\" width=\"600\" height=\"338\" frameborder=\"0\" marginwidth=\"0\" marginheight=\"0\" scrolling=\"no\"><\/iframe>\n<\/div><\/figure>\n\n\n\n<hr class=\"wp-block-separator has-alpha-channel-opacity\"\/>\n\n\n\n<p>Op\u0161irnije:<\/p>\n\n\n\n<figure class=\"wp-block-embed is-type-wp-embed is-provider-institut-za-etnologiju-i-folkloristiku wp-block-embed-institut-za-etnologiju-i-folkloristiku\"><div class=\"wp-block-embed__wrapper\">\n<blockquote class=\"wp-embedded-content\" data-secret=\"pWQ7rlpjRL\"><a href=\"https:\/\/www.ief.hr\/novosti\/potreseni-znanstvenohumanisticki-i-umjetnicki-dosezi-banijskog-potresa\/\">POTRESENI: znanstvenohumanisti\u010dki i umjetni\u010dki dosezi banijskog potresa<\/a><\/blockquote><iframe loading=\"lazy\" class=\"wp-embedded-content\" sandbox=\"allow-scripts\" security=\"restricted\" style=\"position: absolute; visibility: hidden;\" title=\"&#8220;POTRESENI: znanstvenohumanisti\u010dki i umjetni\u010dki dosezi banijskog potresa&#8221; &#8212; Institut za etnologiju i folkloristiku\" src=\"https:\/\/www.ief.hr\/novosti\/potreseni-znanstvenohumanisticki-i-umjetnicki-dosezi-banijskog-potresa\/embed\/#?secret=pWQ7rlpjRL\" data-secret=\"pWQ7rlpjRL\" width=\"600\" height=\"338\" frameborder=\"0\" marginwidth=\"0\" marginheight=\"0\" scrolling=\"no\"><\/iframe>\n<\/div><\/figure>\n\n\n\n<hr class=\"wp-block-separator has-alpha-channel-opacity\"\/>\n","protected":false},"excerpt":{"rendered":"","protected":false},"author":2,"featured_media":50032,"comment_status":"open","ping_status":"open","sticky":false,"template":"","format":"standard","meta":{"_acf_changed":false,"jetpack_post_was_ever_published":false,"_jetpack_newsletter_access":"","_jetpack_dont_email_post_to_subs":false,"_jetpack_newsletter_tier_id":0,"_jetpack_memberships_contains_paywalled_content":false,"_jetpack_memberships_contains_paid_content":false,"footnotes":"","jetpack_publicize_message":"","jetpack_publicize_feature_enabled":true,"jetpack_social_post_already_shared":true,"jetpack_social_options":{"image_generator_settings":{"template":"highway","default_image_id":0,"font":"","enabled":false},"version":2}},"categories":[3],"tags":[],"class_list":["post-50031","post","type-post","status-publish","format-standard","has-post-thumbnail","hentry","category-novosti"],"acf":{"facebook_opis":""},"jetpack_publicize_connections":[],"jetpack_featured_media_url":"https:\/\/i0.wp.com\/historiografija.hr\/wp-content\/uploads\/2025\/12\/Potreseni.jpg?fit=1448%2C2048&ssl=1","jetpack_sharing_enabled":true,"jetpack-related-posts":[],"_links":{"self":[{"href":"https:\/\/historiografija.hr\/index.php?rest_route=\/wp\/v2\/posts\/50031","targetHints":{"allow":["GET"]}}],"collection":[{"href":"https:\/\/historiografija.hr\/index.php?rest_route=\/wp\/v2\/posts"}],"about":[{"href":"https:\/\/historiografija.hr\/index.php?rest_route=\/wp\/v2\/types\/post"}],"author":[{"embeddable":true,"href":"https:\/\/historiografija.hr\/index.php?rest_route=\/wp\/v2\/users\/2"}],"replies":[{"embeddable":true,"href":"https:\/\/historiografija.hr\/index.php?rest_route=%2Fwp%2Fv2%2Fcomments&post=50031"}],"version-history":[{"count":1,"href":"https:\/\/historiografija.hr\/index.php?rest_route=\/wp\/v2\/posts\/50031\/revisions"}],"predecessor-version":[{"id":50033,"href":"https:\/\/historiografija.hr\/index.php?rest_route=\/wp\/v2\/posts\/50031\/revisions\/50033"}],"wp:featuredmedia":[{"embeddable":true,"href":"https:\/\/historiografija.hr\/index.php?rest_route=\/wp\/v2\/media\/50032"}],"wp:attachment":[{"href":"https:\/\/historiografija.hr\/index.php?rest_route=%2Fwp%2Fv2%2Fmedia&parent=50031"}],"wp:term":[{"taxonomy":"category","embeddable":true,"href":"https:\/\/historiografija.hr\/index.php?rest_route=%2Fwp%2Fv2%2Fcategories&post=50031"},{"taxonomy":"post_tag","embeddable":true,"href":"https:\/\/historiografija.hr\/index.php?rest_route=%2Fwp%2Fv2%2Ftags&post=50031"}],"curies":[{"name":"wp","href":"https:\/\/api.w.org\/{rel}","templated":true}]}}