{"id":50028,"date":"2025-12-01T21:13:48","date_gmt":"2025-12-01T21:13:48","guid":{"rendered":"https:\/\/historiografija.hr\/?p=50028"},"modified":"2025-12-01T21:13:48","modified_gmt":"2025-12-01T21:13:48","slug":"predavanje-milesa-glendinninga-a-modern-vernacular-mass-housing-as-a-place-specific-european-heritage","status":"publish","type":"post","link":"https:\/\/historiografija.hr\/?p=50028","title":{"rendered":"Predavanje Milesa Glendinninga \u201eA Modern Vernacular? Mass Housing as a Place-specific European Heritage\u201c"},"content":{"rendered":"\n<p><strong>Prof. Miles Glendinning odr\u017eat \u0107e javno pozvano predavanje naslova \u201eA Modern Vernacular? Mass Housing as a Place-specific European Heritage\u201c u srijedu 3. prosinca 2025. u 11:00 sati na Filozofskom fakultetu Sveu\u010dili\u0161ta u Zagrebu u Dvorani 7 (Ivana Lu\u010di\u0107a 3, prizemlje).<\/strong><\/p>\n\n\n\n<p>Predavanje polazi od teze da uloga nepokretne kulturne ba\u0161tine u oblikovanju lokalnih kulturnih identiteta u Europi ne mora biti ograni\u010dena na tradicionalne kategorije spomenika, ve\u0107 se mo\u017ee zna\u010dajno pro\u0161iriti uklju\u010divanjem jedne od najra\u0161irenijih, a \u010desto zanemarenih kategorija svakodnevnog graditeljskog naslje\u0111a \u2013 opse\u017enih stambenih kompleksa koje je sponzorirala dr\u017eava, a koji su izgra\u0111eni posebno u desetlje\u0107ima poslijeratne obnove izme\u0111u 1945. i 1990. godine. Ve\u0107i dio predavanja bit \u0107e posve\u0107en definiranju i analizi ove potencijalne ba\u0161tine kroz povijesnu perspektivu, s posebnim naglaskom na spoju tematskog jedinstva i regionalne raznolikosti koji je karakterizira. Zavr\u0161ni dio predavanja ukratko \u0107e razmotriti na koji na\u010din bi masovna stambena izgradnja, zahvaljuju\u0107i svojoj neposrednoj prisutnosti u svakodnevnom \u017eivotu gra\u0111ana, mogla pridonijeti razvoju lokalno ukorijenjene ba\u0161tine dostupne svima. Promatra li se kao kulturno dobro, mo\u017ee aktivno pridonijeti stvaranju osje\u0107aja zajedni\u0161tva te osna\u017eiti otpornost lokalnih zajednica u suo\u010davanju s pojavama poput dru\u0161tveno-prostorne izolacije, prostorne segregacije te gentrifikacijskih pritisaka.<\/p>\n\n\n\n<p><strong>Miles Glendinning<\/strong> profesor je na Sveu\u010dili\u0161tu u Edinburghu i direktor \u0160kotskog Centra za konzervatorske studije (Scottish Centre for Conservation Studies). Njegov istra\u017eiva\u010dki interes usmjeren je na povijest za\u0161tite arhitektonskog naslje\u0111a te, osobito, na istra\u017eivanje povijesti modernog masovnog stanovanja na globalnoj razini. Intenzivno je uklju\u010den u me\u0111unarodnu organizaciju za modernisti\u010dku ba\u0161tinu, DOCOMOMO, uklju\u010duju\u0107i osnivanje njenog Me\u0111unarodnog specijalisti\u010dkog odbora za urbanizam i krajobraz. Me\u0111u njegovim objavljenim knjigama isti\u010du se nagra\u0111ivana <em>Tower Block: Modern Public Housing in Englad, Wales, Scotland and Nothern Ireland <\/em>(u koautorstvu sa Stefanom Muthesiusom) objavljena 1994. u izdanju Yale University Press, <em>The conservation movement \u2013 a history of architectural preservation<\/em> (Routledge, 2013.), <em>Mass Housing: Modern Architecture and State Power \u2013 a Global History<\/em> (Bloomsbury, 2021.) i <em>Hong Kong Public Housing An Architectural and Policy History<\/em> (Routlegde, 2024.).<\/p>\n\n\n\n<p>Predavanje se odvija u sklopu projekta <em><a href=\"https:\/\/www.ipu.hr\/article\/hr\/1898\/housingyu\">Pravo na stan: produkcija prostora svakodnevnog \u017eivljenja Jugoslaviji (1945. \u2013 1991.)<\/a>, <\/em>koji se provodi na Institutu za povijest umjetnosti (ERC-CoG Housing.Yu, no. 101171985), a organizira u suradnji s Katedrom za modernu umjetnost i vizualne komunikacije pri Odsjeku za povijest umjetnosti Filozofskog fakulteta Sveu\u010dili\u0161ta u Zagrebu i Kabineta za stambene zgrade pri Katedri za projektiranje na Arhitektonskom fakultetu Sveu\u010dili\u0161ta u Zagrebu.<\/p>\n\n\n\n<p>Vi\u0161e o projektu <a href=\"https:\/\/www.ipu.hr\/article\/hr\/1898\/housingyu\">ovdje<\/a>.<\/p>\n\n\n\n<p><em>&#8211;<br>Naslovna fotografija: Studio ABC (Vjenceslav Richter, Berislav \u0160erbeti\u0107, Ljubomir Iveta, Olga Korenik), maketa za stambeni kompleks \u201eVrbik\u201c u Zagrebu, neboderi popularno zvani \u201erakete\u201c, projekt 1966., realizacija 1968.\u20131969. (Fotoarhiv Branko Bali\u0107, Institut za povijest umjetnosti, Zagreb, BB-R-00050)<\/em><\/p>\n\n\n\n<hr class=\"wp-block-separator has-alpha-channel-opacity\"\/>\n\n\n\n<p>Izvori:<\/p>\n\n\n\n<p><a href=\"https:\/\/www.ipu.hr\/article\/hr\/2070\/a-modern-vernacular-mass-housing-as-a-place-specific-european-heritage\">https:\/\/www.ipu.hr\/article\/hr\/2070\/a-modern-vernacular-mass-housing-as-a-place-specific-european-heritage<\/a><\/p>\n\n\n\n<figure class=\"wp-block-embed is-type-wp-embed is-provider-filozofski-fakultet-sveu-ili-ta-u-zagrebu wp-block-embed-filozofski-fakultet-sveu-ili-ta-u-zagrebu\"><div class=\"wp-block-embed__wrapper\">\n<blockquote class=\"wp-embedded-content\" data-secret=\"5fuAOKzSFA\"><a href=\"https:\/\/web2020.ffzg.unizg.hr\/blog\/2025\/12\/01\/predavanje-prof-milesa-glendinninga-pod-naslovom-a-modern-vernacular-mass-housing-as-a-place-specific-european-heritage\/\">Predavanje prof. Milesa Glendinninga pod naslovom \u201eA Modern Vernacular? Mass Housing as a Place-specific European Heritage\u201c<\/a><\/blockquote><iframe loading=\"lazy\" class=\"wp-embedded-content\" sandbox=\"allow-scripts\" security=\"restricted\" style=\"position: absolute; visibility: hidden;\" title=\"&#8220;Predavanje prof. Milesa Glendinninga pod naslovom \u201eA Modern Vernacular? Mass Housing as a Place-specific European Heritage\u201c&#8221; &#8212; Filozofski fakultet Sveu\u010dili\u0161ta u Zagrebu\" src=\"https:\/\/web2020.ffzg.unizg.hr\/blog\/2025\/12\/01\/predavanje-prof-milesa-glendinninga-pod-naslovom-a-modern-vernacular-mass-housing-as-a-place-specific-european-heritage\/embed\/#?secret=5fuAOKzSFA\" data-secret=\"5fuAOKzSFA\" width=\"600\" height=\"338\" frameborder=\"0\" marginwidth=\"0\" marginheight=\"0\" scrolling=\"no\"><\/iframe>\n<\/div><\/figure>\n\n\n\n<hr class=\"wp-block-separator has-alpha-channel-opacity\"\/>\n","protected":false},"excerpt":{"rendered":"","protected":false},"author":2,"featured_media":50029,"comment_status":"open","ping_status":"open","sticky":false,"template":"","format":"standard","meta":{"_acf_changed":false,"jetpack_post_was_ever_published":false,"_jetpack_newsletter_access":"","_jetpack_dont_email_post_to_subs":false,"_jetpack_newsletter_tier_id":0,"_jetpack_memberships_contains_paywalled_content":false,"_jetpack_memberships_contains_paid_content":false,"footnotes":"","jetpack_publicize_message":"","jetpack_publicize_feature_enabled":true,"jetpack_social_post_already_shared":true,"jetpack_social_options":{"image_generator_settings":{"template":"highway","default_image_id":0,"font":"","enabled":false},"version":2}},"categories":[3],"tags":[],"class_list":["post-50028","post","type-post","status-publish","format-standard","has-post-thumbnail","hentry","category-novosti"],"acf":{"facebook_opis":""},"jetpack_publicize_connections":[],"jetpack_featured_media_url":"https:\/\/i0.wp.com\/historiografija.hr\/wp-content\/uploads\/2025\/12\/erc-housingyu-miles-glendinning.jpg?fit=1937%2C1205&ssl=1","jetpack_sharing_enabled":true,"jetpack-related-posts":[],"_links":{"self":[{"href":"https:\/\/historiografija.hr\/index.php?rest_route=\/wp\/v2\/posts\/50028","targetHints":{"allow":["GET"]}}],"collection":[{"href":"https:\/\/historiografija.hr\/index.php?rest_route=\/wp\/v2\/posts"}],"about":[{"href":"https:\/\/historiografija.hr\/index.php?rest_route=\/wp\/v2\/types\/post"}],"author":[{"embeddable":true,"href":"https:\/\/historiografija.hr\/index.php?rest_route=\/wp\/v2\/users\/2"}],"replies":[{"embeddable":true,"href":"https:\/\/historiografija.hr\/index.php?rest_route=%2Fwp%2Fv2%2Fcomments&post=50028"}],"version-history":[{"count":1,"href":"https:\/\/historiografija.hr\/index.php?rest_route=\/wp\/v2\/posts\/50028\/revisions"}],"predecessor-version":[{"id":50030,"href":"https:\/\/historiografija.hr\/index.php?rest_route=\/wp\/v2\/posts\/50028\/revisions\/50030"}],"wp:featuredmedia":[{"embeddable":true,"href":"https:\/\/historiografija.hr\/index.php?rest_route=\/wp\/v2\/media\/50029"}],"wp:attachment":[{"href":"https:\/\/historiografija.hr\/index.php?rest_route=%2Fwp%2Fv2%2Fmedia&parent=50028"}],"wp:term":[{"taxonomy":"category","embeddable":true,"href":"https:\/\/historiografija.hr\/index.php?rest_route=%2Fwp%2Fv2%2Fcategories&post=50028"},{"taxonomy":"post_tag","embeddable":true,"href":"https:\/\/historiografija.hr\/index.php?rest_route=%2Fwp%2Fv2%2Ftags&post=50028"}],"curies":[{"name":"wp","href":"https:\/\/api.w.org\/{rel}","templated":true}]}}