{"id":50025,"date":"2025-12-01T19:49:24","date_gmt":"2025-12-01T19:49:24","guid":{"rendered":"https:\/\/historiografija.hr\/?p=50025"},"modified":"2025-12-01T19:49:24","modified_gmt":"2025-12-01T19:49:24","slug":"konferencija-ljudi-u-mracnim-vremenima-povodom-50-godisnjice-smrti-hanne-arendt","status":"publish","type":"post","link":"https:\/\/historiografija.hr\/?p=50025","title":{"rendered":"Konferencija \u201eLjudi u mra\u010dnim vremenima: povodom 50. godi\u0161njice smrti Hanne Arendt\u201c"},"content":{"rendered":"\n<p>Pozivamo sve zainteresirane da nam se pridru\u017ee na konferenciji \u00bb<strong>Ljudi u mra\u010dnim vremenima: povodom 50. godi\u0161njice smrti Hanne Arendt<\/strong>\u00ab, koja \u0107e se odr\u017eati u sklopu <strong>Dana Odsjeka za filozofiju<\/strong> <strong>\u2013 u \u010detvrtak, 4. prosinca 2025. godine od 10.00 do 16.00 sati u Vije\u0107nici<\/strong> Filozofskog fakulteta Sveu\u010dili\u0161ta u Zagrebu. Program je konferencije sljede\u0107i:<\/p>\n\n\n\n<p>***<\/p>\n\n\n\n<p>Otvaranje konferencije: 10.00<\/p>\n\n\n\n<p><strong>Plenarno predavanje \/\/ Nade\u017eda \u010ca\u010dinovi\u010d: \u201eIzme\u0111u pro\u0161losti i budu\u0107nosti\u201c<\/strong> (10.15\u201311.00)<\/p>\n\n\n\n<p>Pauza: 11.00\u201311.15<\/p>\n\n\n\n<p><strong>1. sesija \/\/ Filozofija Hanne Arendt: tehnika, totalitarizam i politika budu\u0107nosti (moderira Ankica \u010cakardi\u0107)<\/strong> \/\/ 11.15\u201313.00<\/p>\n\n\n\n<ul class=\"wp-block-list\">\n<li><strong>Luka Peru\u0161i\u0107<\/strong>: \u201eArendt kao filozofkinja tehnike\u201c (11.15\u201311.40)<\/li>\n\n\n\n<li><strong>Goran Sunajko<\/strong>: \u201eAnaliza totalitarizma u politi\u010dkoj misli Hanne Arendt\u201c (11.40\u201312.05)<\/li>\n\n\n\n<li><strong>Ana Maskalan<\/strong>: \u201eBudu\u0107nost kao politi\u010dki prostor u filozofiji povijesti Hannah Arendt\u201c (12.05\u201312.30)<\/li>\n<\/ul>\n\n\n\n<p>Diskusija: 12.30\u201313.00<\/p>\n\n\n\n<p>Pauza: 13.00\u201313.30<\/p>\n\n\n\n<p><strong>2. sesija \/\/ Amor mundi u mra\u010dnim vremenima: Arendt o odgovornosti, istini u politici i jeziku (moderira Luka Bogdani\u0107)<\/strong> \/\/ 13.30\u201315.30<\/p>\n\n\n\n<ul class=\"wp-block-list\">\n<li><strong>Mislav \u017ditko<\/strong>: \u201e\u0160etnja kroz politi\u010dki kognitivizam s Hannom Arendt\u201c (13.30\u201313.55)<\/li>\n\n\n\n<li><strong>Marija Brajdi\u0107 Vukovi\u0107:<\/strong> \u201eVoljeti svijet dovoljno da bismo djelovali: rodno obilje\u017eene prakse znanstvenog aktivizma\u201c (13.55\u201314.20)<\/li>\n\n\n\n<li><strong>Ankica \u010cakardi\u0107:<\/strong> \u201eLjudi u mra\u010dnim vremenima: Hannah Arendt o Rosi Luxemburg\u201c (14.20\u201314.45)<\/li>\n\n\n\n<li><strong>Tomislav Brlek<\/strong>: \u201eDas Licht der \u00d6ffentlichkeit verdunkelt alles: (raz)govor o mra\u010dnim vremenima\u201c (14. 45\u201315.10)<\/li>\n<\/ul>\n\n\n\n<p>Diskusija i zatvaranje skupa: 15.10\u201316.00.<\/p>\n\n\n\n<p>***<\/p>\n\n\n\n<p><strong>Knji\u017eicu sa\u017eetaka mo\u017eete preuzeti <a href=\"http:\/\/filoz.ffzg.unizg.hr\/wp-content\/uploads\/2025\/11\/Filozofija-FFZG-Konferencija-2025.pdf\">ovdje<\/a>.<\/strong><\/p>\n\n\n\n<p>Autorica dizajna plakata i knji\u017eice sa\u017eetaka: Korana Maksumi\u0107.<\/p>\n\n\n\n<hr class=\"wp-block-separator has-alpha-channel-opacity\"\/>\n\n\n\n<p>Izvor:<\/p>\n\n\n\n<p><a href=\"https:\/\/filoz.ffzg.unizg.hr\/category\/uncategorized-hr\">https:\/\/filoz.ffzg.unizg.hr\/category\/uncategorized-hr<\/a><\/p>\n\n\n\n<hr class=\"wp-block-separator has-alpha-channel-opacity\"\/>\n","protected":false},"excerpt":{"rendered":"","protected":false},"author":2,"featured_media":50026,"comment_status":"open","ping_status":"open","sticky":false,"template":"","format":"standard","meta":{"_acf_changed":false,"jetpack_post_was_ever_published":false,"_jetpack_newsletter_access":"","_jetpack_dont_email_post_to_subs":false,"_jetpack_newsletter_tier_id":0,"_jetpack_memberships_contains_paywalled_content":false,"_jetpack_memberships_contains_paid_content":false,"footnotes":"","jetpack_publicize_message":"","jetpack_publicize_feature_enabled":true,"jetpack_social_post_already_shared":true,"jetpack_social_options":{"image_generator_settings":{"template":"highway","default_image_id":0,"font":"","enabled":false},"version":2}},"categories":[3,9],"tags":[],"class_list":["post-50025","post","type-post","status-publish","format-standard","has-post-thumbnail","hentry","category-novosti","category-skupovi"],"acf":{"facebook_opis":""},"jetpack_publicize_connections":[],"jetpack_featured_media_url":"https:\/\/i0.wp.com\/historiografija.hr\/wp-content\/uploads\/2025\/12\/ARENDT-konferencija.jpg?fit=768%2C960&ssl=1","jetpack_sharing_enabled":true,"jetpack-related-posts":[],"_links":{"self":[{"href":"https:\/\/historiografija.hr\/index.php?rest_route=\/wp\/v2\/posts\/50025","targetHints":{"allow":["GET"]}}],"collection":[{"href":"https:\/\/historiografija.hr\/index.php?rest_route=\/wp\/v2\/posts"}],"about":[{"href":"https:\/\/historiografija.hr\/index.php?rest_route=\/wp\/v2\/types\/post"}],"author":[{"embeddable":true,"href":"https:\/\/historiografija.hr\/index.php?rest_route=\/wp\/v2\/users\/2"}],"replies":[{"embeddable":true,"href":"https:\/\/historiografija.hr\/index.php?rest_route=%2Fwp%2Fv2%2Fcomments&post=50025"}],"version-history":[{"count":1,"href":"https:\/\/historiografija.hr\/index.php?rest_route=\/wp\/v2\/posts\/50025\/revisions"}],"predecessor-version":[{"id":50027,"href":"https:\/\/historiografija.hr\/index.php?rest_route=\/wp\/v2\/posts\/50025\/revisions\/50027"}],"wp:featuredmedia":[{"embeddable":true,"href":"https:\/\/historiografija.hr\/index.php?rest_route=\/wp\/v2\/media\/50026"}],"wp:attachment":[{"href":"https:\/\/historiografija.hr\/index.php?rest_route=%2Fwp%2Fv2%2Fmedia&parent=50025"}],"wp:term":[{"taxonomy":"category","embeddable":true,"href":"https:\/\/historiografija.hr\/index.php?rest_route=%2Fwp%2Fv2%2Fcategories&post=50025"},{"taxonomy":"post_tag","embeddable":true,"href":"https:\/\/historiografija.hr\/index.php?rest_route=%2Fwp%2Fv2%2Ftags&post=50025"}],"curies":[{"name":"wp","href":"https:\/\/api.w.org\/{rel}","templated":true}]}}