{"id":50021,"date":"2025-12-01T19:42:43","date_gmt":"2025-12-01T19:42:43","guid":{"rendered":"https:\/\/historiografija.hr\/?p=50021"},"modified":"2025-12-01T19:48:18","modified_gmt":"2025-12-01T19:48:18","slug":"trauma-institutional-knowledge-and-social-order-european-perspectives-during-the-cold-war","status":"publish","type":"post","link":"https:\/\/historiografija.hr\/?p=50021","title":{"rendered":"Trauma, Institutional Knowledge, and Social Order: European Perspectives during the Cold War"},"content":{"rendered":"\n<p>This explorative workshop investigates institutional and praxeological approaches to psychic suffering in Eastern and Western Europe after 1945. It examines the making of trauma through broad political, ideological, environmental or social transformations in the Cold War period through processes of making visible, pathologization, legitimization, or denial. Moving beyond studies focused solely on World War II and its long-term psychological consequences, we aim to understand the Cold War as a period of continued upheaval, producing new institutional responses to psychic distress while shaped by the legacies of previous violence. The workshop focuses on institutional archives and documentary sources &#8211; psychiatric and therapeutic case files, forensic assessments, hospital records, bureaucratic documents, police files, and court proceedings. These materials reveal how societies perceived, managed, and classified mental suffering &#8211; or failed to do so &#8211; under specific historical conditions. In doing so, the workshop seeks to uncover specifically European trajectories in the conceptual and institutional history of &#8216;trauma\u2019.<\/p>\n\n\n\n<p><strong>Programm<\/strong><\/p>\n\n\n\n<p><strong>Wednesday 3rd December<\/strong><\/p>\n\n\n\n<p>University of Graz<\/p>\n\n\n\n<p>Arrival of Participants<br>19.00 Joint Dinner<\/p>\n\n\n\n<p><strong>Thursday, 4th December<\/strong><\/p>\n\n\n\n<p><em>9.00-11.15 Panel I: Psychiatry and Medical Records<\/em><\/p>\n\n\n\n<p>Katja Geiger-Seirafi, Ina Markova: Traces of Trauma in Psychiatric Records: Understanding Postwar Psychic Suffering in Austria after 1945<\/p>\n\n\n\n<p>Dagmar Wernitznig: The Third Woman as Second Sex and (Mental) Asylum: Alienness, Exile, and Trauma in Early Cold War Vienna<\/p>\n\n\n\n<p>G\u00e1bor Csik\u00f3s: Captivity, Trauma, and Psychiatric Practice under Hungarian Stalinism<\/p>\n\n\n\n<p>Coffee Break (30 minutes)<\/p>\n\n\n\n<p><em>11.45-13.15 Panel II: Police and Secret Services<\/em><\/p>\n\n\n\n<p>Anna Grutza: Between Trauma, Repression and Political Abuse: Diagnoses of Insanity in Polish Secret Police Files<\/p>\n\n\n\n<p>Hayd\u00e9e Mareike Haass: Addressing mental suffering and physical disability in the post-war integration of the Bavarian police force (1950-1965)<\/p>\n\n\n\n<p>13.15 Lunch Break (75 minutes)<\/p>\n\n\n\n<p><em>14.30-16.00 Panel III: Politics and Violence<\/em><\/p>\n\n\n\n<p>Gelinda Grinchenko: Invisible in Life, Absent in Memory: Psychiatric Patients and Institutional Silencing of Nazi Atrocities in Ukraine<\/p>\n\n\n\n<p>Irina Pelea: Manufacturing Madness: Institutional Trauma-Making and Psychiatric Violence in Cold War Romania<\/p>\n\n\n\n<p>Coffee Break (30 minutes)<\/p>\n\n\n\n<p><em>16.30-18.45 Panel IV\/1: Professional Discourses<\/em><\/p>\n\n\n\n<p>Nata\u0161a Mi\u0161kovi\u0107: Partisan Hysteria and the Making of the Ethnopsychoanalyst Paul Parin<\/p>\n\n\n\n<p>Roman Mamin: Trauma \u00e0 la sovi\u00e9tique: Redefining the Psyche in the Cold War<\/p>\n\n\n\n<p>Georg Wurzer: The Traumatic Legacy of the Afghan War. How the concept of PTSD came to the Soviet Union, Russia, Ukraine and Lithuania 3<\/p>\n\n\n\n<p>20.000 Joint Dinner<\/p>\n\n\n\n<p><strong>Friday, 5th December<\/strong><\/p>\n\n\n\n<p><em>09.00-11.15 Panel IV\/2: Professional Discourses<\/em><\/p>\n\n\n\n<p>Francesco Toncich: Displacement Trauma in Psychiatric Practice on the Western Side of the Iron Curtain: The Upper Adriatic Case Study<\/p>\n\n\n\n<p>Ketil Slagstad: Making Prognosis, Untracing Trauma. A Praxiographic Analysis of Clinical Research on Schizophrenia in the 1960s and 1970s<\/p>\n\n\n\n<p>Victoria Shmidt: Expertise on child deprivation in socialist psychology and the global resilience movement<\/p>\n\n\n\n<p>Break with coffee and catering (45 minutes)<\/p>\n\n\n\n<p><em>12.00-13.30 Panel V: Societal Debates<\/em><\/p>\n\n\n\n<p>Vinko Korotaj Dra\u010da: Trauma, psychiatry and murder in socialist Slovenia: The case of Metod Trobec and its cultural reflections<\/p>\n\n\n\n<p>Mykola Neborachko: Posthumous rehabilitation as a tool of social legitimization<\/p>\n\n\n\n<p>13.30-14.30 Discussion<\/p>\n\n\n\n<hr class=\"wp-block-separator has-alpha-channel-opacity\"\/>\n\n\n\n<p><em>Trauma, Institutional Knowledge, and Social Order: European Perspectives during the Cold War<\/em>, in: H-Soz-Kult, 14.11.2025, <a href=\"https:\/\/www.hsozkult.de\/event\/id\/event-158754\">https:\/\/www.hsozkult.de\/event\/id\/event-158754<\/a><\/p>\n\n\n\n<hr class=\"wp-block-separator has-alpha-channel-opacity\"\/>\n\n\n\n<figure class=\"wp-block-embed is-type-wp-embed is-provider-historiografija-hr wp-block-embed-historiografija-hr\"><div class=\"wp-block-embed__wrapper\">\n<blockquote class=\"wp-embedded-content\" data-secret=\"qFU28Vu8Mf\"><a href=\"https:\/\/historiografija.hr\/?p=46926\">CfP: Trauma, Institutional Knowledge, and Social Order: New Perspectives from Eastern and Western Europe during the Cold War<\/a><\/blockquote><iframe loading=\"lazy\" class=\"wp-embedded-content\" sandbox=\"allow-scripts\" security=\"restricted\" style=\"position: absolute; visibility: hidden;\" title=\"&#8220;CfP: Trauma, Institutional Knowledge, and Social Order: New Perspectives from Eastern and Western Europe during the Cold War&#8221; &#8212; Historiografija.hr\" src=\"https:\/\/historiografija.hr\/?p=46926&#038;embed=true#?secret=Mjo5FF2Crb#?secret=qFU28Vu8Mf\" data-secret=\"qFU28Vu8Mf\" width=\"600\" height=\"338\" frameborder=\"0\" marginwidth=\"0\" marginheight=\"0\" scrolling=\"no\"><\/iframe>\n<\/div><\/figure>\n\n\n\n<hr class=\"wp-block-separator has-alpha-channel-opacity\"\/>\n","protected":false},"excerpt":{"rendered":"","protected":false},"author":2,"featured_media":6331,"comment_status":"open","ping_status":"open","sticky":false,"template":"","format":"standard","meta":{"_acf_changed":false,"jetpack_post_was_ever_published":false,"_jetpack_newsletter_access":"","_jetpack_dont_email_post_to_subs":false,"_jetpack_newsletter_tier_id":0,"_jetpack_memberships_contains_paywalled_content":false,"_jetpack_memberships_contains_paid_content":false,"footnotes":"","jetpack_publicize_message":"","jetpack_publicize_feature_enabled":true,"jetpack_social_post_already_shared":true,"jetpack_social_options":{"image_generator_settings":{"template":"highway","default_image_id":0,"font":"","enabled":false},"version":2}},"categories":[3,9],"tags":[],"class_list":["post-50021","post","type-post","status-publish","format-standard","has-post-thumbnail","hentry","category-novosti","category-skupovi"],"acf":{"facebook_opis":""},"jetpack_publicize_connections":[],"jetpack_featured_media_url":"https:\/\/i0.wp.com\/historiografija.hr\/wp-content\/uploads\/2017\/10\/hsozkult.png?fit=1006%2C241&ssl=1","jetpack_sharing_enabled":true,"jetpack-related-posts":[],"_links":{"self":[{"href":"https:\/\/historiografija.hr\/index.php?rest_route=\/wp\/v2\/posts\/50021","targetHints":{"allow":["GET"]}}],"collection":[{"href":"https:\/\/historiografija.hr\/index.php?rest_route=\/wp\/v2\/posts"}],"about":[{"href":"https:\/\/historiografija.hr\/index.php?rest_route=\/wp\/v2\/types\/post"}],"author":[{"embeddable":true,"href":"https:\/\/historiografija.hr\/index.php?rest_route=\/wp\/v2\/users\/2"}],"replies":[{"embeddable":true,"href":"https:\/\/historiografija.hr\/index.php?rest_route=%2Fwp%2Fv2%2Fcomments&post=50021"}],"version-history":[{"count":3,"href":"https:\/\/historiografija.hr\/index.php?rest_route=\/wp\/v2\/posts\/50021\/revisions"}],"predecessor-version":[{"id":50024,"href":"https:\/\/historiografija.hr\/index.php?rest_route=\/wp\/v2\/posts\/50021\/revisions\/50024"}],"wp:featuredmedia":[{"embeddable":true,"href":"https:\/\/historiografija.hr\/index.php?rest_route=\/wp\/v2\/media\/6331"}],"wp:attachment":[{"href":"https:\/\/historiografija.hr\/index.php?rest_route=%2Fwp%2Fv2%2Fmedia&parent=50021"}],"wp:term":[{"taxonomy":"category","embeddable":true,"href":"https:\/\/historiografija.hr\/index.php?rest_route=%2Fwp%2Fv2%2Fcategories&post=50021"},{"taxonomy":"post_tag","embeddable":true,"href":"https:\/\/historiografija.hr\/index.php?rest_route=%2Fwp%2Fv2%2Ftags&post=50021"}],"curies":[{"name":"wp","href":"https:\/\/api.w.org\/{rel}","templated":true}]}}