{"id":50007,"date":"2025-11-28T22:32:05","date_gmt":"2025-11-28T22:32:05","guid":{"rendered":"https:\/\/historiografija.hr\/?p=50007"},"modified":"2025-11-28T22:32:05","modified_gmt":"2025-11-28T22:32:05","slug":"izlozba-kulturalna-trauma-studenti-i-studentice-istrazuju-prostore-sjecanja","status":"publish","type":"post","link":"https:\/\/historiografija.hr\/?p=50007","title":{"rendered":"Izlo\u017eba \u201cKulturalna trauma: studenti i studentice istra\u017euju prostore sje\u0107anja\u201d"},"content":{"rendered":"\n<p>Pozivamo vas na otvorenje izlo\u017ebe \u201cKulturalna trauma: studenti i studentice istra\u017euju prostore sje\u0107anja\u201d<\/p>\n\n\n\n<p>Izlo\u017eba je dio 23. Human Rights Film Festivala i prikazuje studentske radove vezane uz obilaske mjesta stradanja i otpora u Hrvatskoj i Bosni i Hercegovini koja su studenti i studentice posjetili ove godine tijekom kolegija Kulturalna trauma i politike pam\u0107enja na Fakultetu politi\u010dkih znanosti.<\/p>\n\n\n\n<p>Format studijskog putovanja uklju\u010duje studente i studentice vi\u0161e fakulteta Sveu\u010dili\u0161ta u Zagrebu koji od 2022. godine svakog prolje\u0107a imaju priliku posjetiti i istra\u017eiti mjesta povezana s ratnom traumom iz Drugog svjetskog rata i devedesetih, te politi\u010dkog nasilja iz vremena jugoslavenskog socijalizma. Me\u0111u lokacijama posje\u0107enim ove godine bili su: Borovo Naselje, Dubrovnik, Glina, Jablanica, Jasenovac, Mostar, Stara Gradi\u0161ka, Tuzla, Vrginmost i Vukovar.<\/p>\n\n\n\n<p>Na otvorenju izlo\u017ebe autorice i autori predstavit \u0107e svoje radove, a publika \u0107e imati priliku ispitati vlastite stavove i interpretacije pro\u0161losti, traume i pam\u0107enja.<\/p>\n\n\n\n<p>Izlo\u017ebu mo\u017eete posjetiti do 7. prosinca 2025., radnim danima od 8:00h do 20:00h u auli Akademije likovnih umjetnosti, Ilica 85. Ulaz je besplatan.<\/p>\n\n\n\n<p>Izlo\u017ebu organiziraju Documenta \u2013 Centar za suo\u010davanje s pro\u0161lo\u0161\u0107u, Akademija likovnih umjetnosti, Fakultet politi\u010dkih znanost i Filozofski fakultet, a realizira se uz podr\u0161ku Ureda za ljudska prava i prava nacionalnih manjina Vlade RH, Human Rights Film Festivala i Srpskog narodnog vije\u0107a.<\/p>\n\n\n\n<p>Izlo\u017eba \u201cKulturalna trauma: studenti i studentice istra\u017euju prostore sje\u0107anja\u201d organizirana je u sklopu projekta \u201cOdgovor na traumu i uni\u0161tenje kulturne ba\u0161tine\u201d koji financira Europska unija iz programa Kreativna Europa.<\/p>\n\n\n\n<p>Financirano sredstvima Europske unije. Izneseni stavovi i mi\u0161ljenja su stavovi i mi\u0161ljenja autora i ne moraju se podudarati sa stavovima i mi\u0161ljenjima Europske unije ili Europske izvr\u0161ne agencije za obrazovanje i kulturu (EACEA). Ni Europska unija ni EACEA ne mogu se smatrati odgovornima za njih.<\/p>\n\n\n\n<p>Fotografija: Domenica Beroni\u0107<\/p>\n\n\n\n<hr class=\"wp-block-separator has-alpha-channel-opacity\"\/>\n\n\n\n<p>Izvori:<\/p>\n\n\n\n<figure class=\"wp-block-embed is-type-wp-embed is-provider-documenta wp-block-embed-documenta\"><div class=\"wp-block-embed__wrapper\">\n<blockquote class=\"wp-embedded-content\" data-secret=\"DIKUccKdEZ\"><a href=\"https:\/\/documenta.hr\/novosti\/poziv-na-otvorenje-izlozbe-kulturalna-trauma-studenti-i-studentice-istrazuju-prostore-sjecanja\/\">Poziv na otvorenje izlo\u017ebe &#8220;Kulturalna trauma: studenti i studentice istra\u017euju prostore sje\u0107anja&#8221;<\/a><\/blockquote><iframe loading=\"lazy\" class=\"wp-embedded-content\" sandbox=\"allow-scripts\" security=\"restricted\" style=\"position: absolute; visibility: hidden;\" title=\"&#8220;Poziv na otvorenje izlo\u017ebe &#8220;Kulturalna trauma: studenti i studentice istra\u017euju prostore sje\u0107anja&#8221;&#8221; &#8212; Documenta\" src=\"https:\/\/documenta.hr\/novosti\/poziv-na-otvorenje-izlozbe-kulturalna-trauma-studenti-i-studentice-istrazuju-prostore-sjecanja\/embed\/#?secret=DIKUccKdEZ\" data-secret=\"DIKUccKdEZ\" width=\"600\" height=\"338\" frameborder=\"0\" marginwidth=\"0\" marginheight=\"0\" scrolling=\"no\"><\/iframe>\n<\/div><\/figure>\n\n\n\n<p><a href=\"https:\/\/www.humanrightsfestival.org\/program\/izlozba-kulturalna-trauma-studenti-i-studentice-istrazuju-prostore-sjecanja\">https:\/\/www.humanrightsfestival.org\/program\/izlozba-kulturalna-trauma-studenti-i-studentice-istrazuju-prostore-sjecanja<\/a><\/p>\n\n\n\n<hr class=\"wp-block-separator has-alpha-channel-opacity\"\/>\n","protected":false},"excerpt":{"rendered":"","protected":false},"author":2,"featured_media":50008,"comment_status":"open","ping_status":"open","sticky":false,"template":"","format":"standard","meta":{"_acf_changed":false,"jetpack_post_was_ever_published":false,"_jetpack_newsletter_access":"","_jetpack_dont_email_post_to_subs":false,"_jetpack_newsletter_tier_id":0,"_jetpack_memberships_contains_paywalled_content":false,"_jetpack_memberships_contains_paid_content":false,"footnotes":"","jetpack_publicize_message":"","jetpack_publicize_feature_enabled":true,"jetpack_social_post_already_shared":true,"jetpack_social_options":{"image_generator_settings":{"template":"highway","default_image_id":0,"font":"","enabled":false},"version":2}},"categories":[10,3],"tags":[],"class_list":["post-50007","post","type-post","status-publish","format-standard","has-post-thumbnail","hentry","category-izlozbe","category-novosti"],"acf":{"facebook_opis":""},"jetpack_publicize_connections":[],"jetpack_featured_media_url":"https:\/\/i0.wp.com\/historiografija.hr\/wp-content\/uploads\/2025\/11\/Izlozba-Kulturalna-trauma.jpg?fit=1600%2C900&ssl=1","jetpack_sharing_enabled":true,"jetpack-related-posts":[],"_links":{"self":[{"href":"https:\/\/historiografija.hr\/index.php?rest_route=\/wp\/v2\/posts\/50007","targetHints":{"allow":["GET"]}}],"collection":[{"href":"https:\/\/historiografija.hr\/index.php?rest_route=\/wp\/v2\/posts"}],"about":[{"href":"https:\/\/historiografija.hr\/index.php?rest_route=\/wp\/v2\/types\/post"}],"author":[{"embeddable":true,"href":"https:\/\/historiografija.hr\/index.php?rest_route=\/wp\/v2\/users\/2"}],"replies":[{"embeddable":true,"href":"https:\/\/historiografija.hr\/index.php?rest_route=%2Fwp%2Fv2%2Fcomments&post=50007"}],"version-history":[{"count":1,"href":"https:\/\/historiografija.hr\/index.php?rest_route=\/wp\/v2\/posts\/50007\/revisions"}],"predecessor-version":[{"id":50009,"href":"https:\/\/historiografija.hr\/index.php?rest_route=\/wp\/v2\/posts\/50007\/revisions\/50009"}],"wp:featuredmedia":[{"embeddable":true,"href":"https:\/\/historiografija.hr\/index.php?rest_route=\/wp\/v2\/media\/50008"}],"wp:attachment":[{"href":"https:\/\/historiografija.hr\/index.php?rest_route=%2Fwp%2Fv2%2Fmedia&parent=50007"}],"wp:term":[{"taxonomy":"category","embeddable":true,"href":"https:\/\/historiografija.hr\/index.php?rest_route=%2Fwp%2Fv2%2Fcategories&post=50007"},{"taxonomy":"post_tag","embeddable":true,"href":"https:\/\/historiografija.hr\/index.php?rest_route=%2Fwp%2Fv2%2Ftags&post=50007"}],"curies":[{"name":"wp","href":"https:\/\/api.w.org\/{rel}","templated":true}]}}