{"id":49974,"date":"2025-11-28T20:40:03","date_gmt":"2025-11-28T20:40:03","guid":{"rendered":"https:\/\/historiografija.hr\/?p=49974"},"modified":"2025-11-28T20:40:59","modified_gmt":"2025-11-28T20:40:59","slug":"poziv-za-prijavu-na-vii-interdisciplinarni-studentski-simpozij-hrvatske-povijesne-licnosti-u-domovini-i-ili-iseljenistvu","status":"publish","type":"post","link":"https:\/\/historiografija.hr\/?p=49974","title":{"rendered":"Poziv za prijavu na VII. interdisciplinarni studentski simpozij \u201eHrvatske povijesne li\u010dnosti u domovini i\/ili iseljeni\u0161tvu&#8221;"},"content":{"rendered":"\n<p>Dru\u0161tvo studenata povijesti &#8220;Ivan Lu\u010di\u0107 &#8211; Lucius&#8221; i ove godine organizira studentski simpozij s ciljem populariziranja humanisti\u010dkih znanosti, no ove godine sura\u0111uje s Udrugom studenata demografije i hrvatskog iseljeni\u0161tva &#8220;Populus&#8221;.<\/p>\n\n\n\n<p>Prijave tema su otvorene do <strong>1. prosinca 2025. <\/strong>godine.<\/p>\n\n\n\n<p>Datum odr\u017eavanja simpozija:&nbsp;<strong>\u010detvrtak,<\/strong>&nbsp;<strong>11. prosinca 2025.<\/strong><\/p>\n\n\n\n<p>Mjesto: <strong>Knji\u017enica Fakulteta hrvatskih studija (Borongajska cesta 83d)<\/strong><\/p>\n\n\n\n<hr class=\"wp-block-separator has-alpha-channel-opacity\"\/>\n\n\n\n<p><strong>VII. interdisciplinarni studentski simpozij: \u201eHrvatske povijesne li\u010dnosti u domovini i\/ili iseljeni\u0161tvu&#8221;<\/strong><\/p>\n\n\n\n<p>Srda\u010dno pozivamo studente svih smjerova i interesa da nam se pridru\u017ee u sudjelovanju na VII. interdisciplinarnom studentskom simpoziju, \u010dija je tematika ove godine vrlo op\u0161irna i specifi\u010dnija te nosi naslov \u201eHrvatske povijesne li\u010dnosti u domovini i\/ili iseljeni\u0161tvu.&#8221;<\/p>\n\n\n\n<p>Ulice i trgovi hrvatskih gradova, sela i naselja krase imena povijesnih osoba koje su se istaknule svojim \u017eivotom i djelovanjem. Njihova imena time postaju bezvremenska i ne padaju u zaborav, a o njihovim se djelima u\u010di u \u0161kolama. Neka vi\u0161e, a neka manje bitna, obilje\u017eila su retke hrvatske povijesti u domovini i iseljeni\u0161tvu.<\/p>\n\n\n\n<p>Povijesne osobe su tako svojim politi\u010dkim, dru\u0161tvenim, kulturnim i drugim djelovanjima nastojale potaknuti bolje prilike za hrvatskog \u010dovjeka i dru\u0161tvo u domovini. No, mnoge od njih razne su prilike natjerale da emigriraju i sre\u0107u potra\u017ee diljem svijeta. Unato\u010d tome, nastavili su djelovati u iseljeni\u0161tvu za dobrobit Hrvatske, Hrvata u emigraciji, ali i dr\u017eave u kojoj su prona\u0161li novi dom. Tako\u0111er, pojedinci su se istaknuli u svome znanstvenom radu i time ostvarili veliko po\u0161tovanje u svijetu.<\/p>\n\n\n\n<p>Hrvatska, mala i malobrojna zemlja, ali opet zemlja s dugom i slavnom pro\u0161lo\u0161\u0107u te sa svojom bogatom osobno\u0161\u0107u koja je krasila brojne pojedince, koji su danas tema raznih istra\u017eivanja i prou\u010davanja u domovini i iseljeni\u0161tvu. Tako i ovaj simpozij nastoji doprinijeti istra\u017eivanju, razmi\u0161ljanju i argumentiranju ove tematike.<\/p>\n\n\n\n<p>Studentima se pru\u017ea potpuna sloboda pri izboru i kreiranju sadr\u017eaja izlaganja, s obzirom na to da je mogu\u0107e odabrati hrvatsku li\u010dnost iz bilo kojeg dru\u0161tvenog konteksta i povijesnog razdoblja te je mogu\u0107e analizirati politi\u010dku, psiholo\u0161ku, sociolo\u0161ku, ekonomsku ili filozofsku dimenziju odabrane osobe. Tako\u0111er, mogu\u0107e je uzeti osobu koja je djelovala samo u domovini ili samo u emigraciji, kao i onu koja je djelovala u oba konteksta.<\/p>\n\n\n\n<p>Iz spomenutog proizlazi velika mogu\u0107nost i \u0161irina u izboru teme, kao i interdisciplinarnost jer se pru\u017ea mogu\u0107nost obrade teme iz perspektive razli\u010ditih znanosti.<\/p>\n\n\n\n<p>Cilj ovog studentskog simpozija jest kriti\u010dki nau\u010diti prou\u010davati hrvatske povijesne li\u010dnosti putem znanstvenog pristupa, pojasniti dru\u0161tvo u kojem se osoba nalazila te njezin odnos s dru\u0161tvom i potaknuti raspravu s ostalim kolegama i profesorima o prezentiranim hrvatskim povijesnim li\u010dnostima.<\/p>\n\n\n\n<p>Vjerujemo da \u0107e nam va\u0161e prijave, a samim time i va\u0161a izlaganja, omogu\u0107iti kvalitetne rasprave u kojima bismo se dotaknuli (osim pojedinaca) i cijeloga niza doga\u0111aja, djelovanja, psiholo\u0161kih karakteristika, ali i dru\u0161tvenih odnosa koji su obilje\u017eili sam tijek i \u017eivot hrvatskih povijesnih li\u010dnosti.<\/p>\n\n\n\n<p>Stoga ovim putem pozivamo studente svih smjerova, godina i zanimanja da nam se pridru\u017ee i svojim prijavama obogate jo\u0161 jedan studentski simpozij!<\/p>\n\n\n\n<p>Prijaviti se mo\u017eete na prijavnicu u Google formsu do 1. prosinca 2025. na <a href=\"https:\/\/forms.gle\/BGSMX4xXKkw7JTvt9\">poveznici<\/a>. Prijava mora sadr\u017eavati sa\u017eetak teme do 250 rije\u010di.<\/p>\n\n\n\n<p>Napomena: do tri studenta mogu zajedno izlagati. Vrijeme predvi\u0111eno za izlaganje je 20 minuta.<\/p>\n\n\n\n<p>Veselimo se va\u0161im prijavama!<\/p>\n\n\n\n<hr class=\"wp-block-separator has-alpha-channel-opacity\"\/>\n\n\n\n<p>Izvor:<\/p>\n\n\n\n<p><a href=\"https:\/\/www.fhs.unizg.hr\/obavijesti?@=21ult#news_125014\">https:\/\/www.fhs.unizg.hr\/obavijesti?@=21ult#news_125014<\/a><\/p>\n\n\n\n<hr class=\"wp-block-separator has-alpha-channel-opacity\"\/>\n","protected":false},"excerpt":{"rendered":"","protected":false},"author":2,"featured_media":49975,"comment_status":"open","ping_status":"open","sticky":false,"template":"","format":"standard","meta":{"_acf_changed":false,"jetpack_post_was_ever_published":false,"_jetpack_newsletter_access":"","_jetpack_dont_email_post_to_subs":false,"_jetpack_newsletter_tier_id":0,"_jetpack_memberships_contains_paywalled_content":false,"_jetpack_memberships_contains_paid_content":false,"footnotes":"","jetpack_publicize_message":"","jetpack_publicize_feature_enabled":true,"jetpack_social_post_already_shared":true,"jetpack_social_options":{"image_generator_settings":{"template":"highway","default_image_id":0,"font":"","enabled":false},"version":2}},"categories":[3,9],"tags":[],"class_list":["post-49974","post","type-post","status-publish","format-standard","has-post-thumbnail","hentry","category-novosti","category-skupovi"],"acf":{"facebook_opis":""},"jetpack_publicize_connections":[],"jetpack_featured_media_url":"https:\/\/i0.wp.com\/historiografija.hr\/wp-content\/uploads\/2025\/11\/Hrvatske-povijesne-licnosti.jpg?fit=1080%2C1350&ssl=1","jetpack_sharing_enabled":true,"jetpack-related-posts":[],"_links":{"self":[{"href":"https:\/\/historiografija.hr\/index.php?rest_route=\/wp\/v2\/posts\/49974","targetHints":{"allow":["GET"]}}],"collection":[{"href":"https:\/\/historiografija.hr\/index.php?rest_route=\/wp\/v2\/posts"}],"about":[{"href":"https:\/\/historiografija.hr\/index.php?rest_route=\/wp\/v2\/types\/post"}],"author":[{"embeddable":true,"href":"https:\/\/historiografija.hr\/index.php?rest_route=\/wp\/v2\/users\/2"}],"replies":[{"embeddable":true,"href":"https:\/\/historiografija.hr\/index.php?rest_route=%2Fwp%2Fv2%2Fcomments&post=49974"}],"version-history":[{"count":2,"href":"https:\/\/historiografija.hr\/index.php?rest_route=\/wp\/v2\/posts\/49974\/revisions"}],"predecessor-version":[{"id":49977,"href":"https:\/\/historiografija.hr\/index.php?rest_route=\/wp\/v2\/posts\/49974\/revisions\/49977"}],"wp:featuredmedia":[{"embeddable":true,"href":"https:\/\/historiografija.hr\/index.php?rest_route=\/wp\/v2\/media\/49975"}],"wp:attachment":[{"href":"https:\/\/historiografija.hr\/index.php?rest_route=%2Fwp%2Fv2%2Fmedia&parent=49974"}],"wp:term":[{"taxonomy":"category","embeddable":true,"href":"https:\/\/historiografija.hr\/index.php?rest_route=%2Fwp%2Fv2%2Fcategories&post=49974"},{"taxonomy":"post_tag","embeddable":true,"href":"https:\/\/historiografija.hr\/index.php?rest_route=%2Fwp%2Fv2%2Ftags&post=49974"}],"curies":[{"name":"wp","href":"https:\/\/api.w.org\/{rel}","templated":true}]}}