{"id":49965,"date":"2025-11-27T21:58:02","date_gmt":"2025-11-27T21:58:02","guid":{"rendered":"https:\/\/historiografija.hr\/?p=49965"},"modified":"2025-11-27T21:58:02","modified_gmt":"2025-11-27T21:58:02","slug":"gudrun-kramer-a-history-of-palestine-from-the-ottoman-conquest-to-the-founding-of-the-state-of-israel","status":"publish","type":"post","link":"https:\/\/historiografija.hr\/?p=49965","title":{"rendered":"Gudrun Kr\u00e4mer, \u201eA History of Palestine: From the Ottoman Conquest to the Founding of the State of Israel\u201c"},"content":{"rendered":"\n<p>It is impossible to understand Palestine today without a careful reading of its distant and recent past. But until now there has been no single volume in English that tells the history of the events\u2014from the Ottoman Empire to the mid-twentieth century\u2014that shaped modern Palestine. The first book of its kind, <em>A History of Palestine<\/em> offers a richly detailed interpretation of this critical region\u2019s evolution.<br><br>Starting with the prebiblical and biblical roots of Palestine, noted historian Gudrun Kr\u00e4mer examines the meanings ascribed to the land in the Jewish, Christian, and Muslim traditions. Paying special attention to social and economic factors, she examines the gradual transformation of Palestine, following the history of the region through the Egyptian occupation of the mid-nineteenth century, the Ottoman reform era, and the British Mandate up to the founding of Israel in 1948. Focusing on the interactions of Arabs and Jews, <em>A History of Palestine<\/em> tells how these connections affected the cultural and political evolution of each community and Palestine as a whole.<\/p>\n\n\n\n<p>Published: 2011<\/p>\n\n\n\n<p><a href=\"https:\/\/press.princeton.edu\/books\/paperback\/9780691150079\/a-history-of-palestine\">https:\/\/press.princeton.edu\/books\/paperback\/9780691150079\/a-history-of-palestine<\/a><\/p>\n\n\n\n<hr class=\"wp-block-separator has-alpha-channel-opacity\"\/>\n\n\n\n<p><strong>Geschichte Pal\u00e4stinas<\/strong><\/p>\n\n\n\n<p><strong>Von der osmanischen Eroberung bis zur Gr\u00fcndung des Staates Israel.<\/strong><\/p>\n\n\n\n<p>Die Geschichte des Heiligen Landes ist zwischen Juden und Muslimen ebenso umstritten wie der Besitz des Landes selbst. Gudrun Kr\u00e4mer zieht in ihrer brillanten Darstellung den Schleier der religi\u00f6sen Geschichtsbilder beiseite und erz\u00e4hlt fundiert, klar und anschaulich die Geschichte Pal\u00e4stinas vom Beginn der osmanischen Herrschaft im 16. Jahrhundert bis zur Gr\u00fcndung des Staates Israel 1948. F\u00fcr die 6. Auflage wurde das erfolgreiche Standardwerk \u00fcberarbeitet und auf den neuesten Forschungsstand gebracht.<\/p>\n\n\n\n<p>6., durchgesehene und aktualisierte Auflage, 2015<\/p>\n\n\n\n<p><a href=\"https:\/\/www.chbeck.de\/kraemer-geschichte-palaestinas\/product\/14087153\">https:\/\/www.chbeck.de\/kraemer-geschichte-palaestinas\/product\/14087153<\/a><\/p>\n\n\n\n<hr class=\"wp-block-separator has-alpha-channel-opacity\"\/>\n\n\n\n<p><strong>Gudrun Kr\u00e4mer erh\u00e4lt den Preis des Historischen Kollegs 2025<\/strong><\/p>\n\n\n\n<figure class=\"wp-block-embed is-type-wp-embed is-provider-historisches-kolleg wp-block-embed-historisches-kolleg\"><div class=\"wp-block-embed__wrapper\">\n<blockquote class=\"wp-embedded-content\" data-secret=\"ncVQivCDWh\"><a href=\"https:\/\/www.historischeskolleg.de\/unkategorisiert\/gudrun-kraemer-erhaelt-den-preis-des-historischen-kollegs-2025\/\">Gudrun Kr\u00e4mer erh\u00e4lt den Preis des Historischen Kollegs 2025<\/a><\/blockquote><iframe loading=\"lazy\" class=\"wp-embedded-content\" sandbox=\"allow-scripts\" security=\"restricted\" style=\"position: absolute; visibility: hidden;\" title=\"&#8222;Gudrun Kr\u00e4mer erh\u00e4lt den Preis des Historischen Kollegs 2025&#8220; &#8212; Historisches Kolleg\" src=\"https:\/\/www.historischeskolleg.de\/unkategorisiert\/gudrun-kraemer-erhaelt-den-preis-des-historischen-kollegs-2025\/embed\/#?secret=2BoYQ6UG5T#?secret=ncVQivCDWh\" data-secret=\"ncVQivCDWh\" width=\"600\" height=\"338\" frameborder=\"0\" marginwidth=\"0\" marginheight=\"0\" scrolling=\"no\"><\/iframe>\n<\/div><\/figure>\n\n\n\n<hr class=\"wp-block-separator has-alpha-channel-opacity\"\/>\n\n\n\n<p><strong>Gudrun Kr\u00e4mer, Winner of the 2010 Gerda Henkel Prize, Gerda Henkel Foundation<\/strong><\/p>\n\n\n\n<p><a href=\"https:\/\/www.gerda-henkel-stiftung.de\/preistraegerin-2010?page_id=93669\">https:\/\/www.gerda-henkel-stiftung.de\/preistraegerin-2010?page_id=93669<\/a><\/p>\n\n\n\n<hr class=\"wp-block-separator has-alpha-channel-opacity\"\/>\n\n\n\n<p><strong>Conflict in the Middle East: \u201cWe Need People on All Sides Who Actually Want to Find a Solution\u201d<\/strong><\/p>\n\n\n\n<p>An interview with professor emerita of Islamic studies Gudrun Kr\u00e4mer and conflict researcher Jannis Julien Grimm from Freie Universit\u00e4t Berlin<\/p>\n\n\n\n<p>Apr 16, 2024<\/p>\n\n\n\n<p><a href=\"https:\/\/www.fu-berlin.de\/en\/featured-stories\/research\/2024\/war-in-gaza-interview\/index.html\">https:\/\/www.fu-berlin.de\/en\/featured-stories\/research\/2024\/war-in-gaza-interview\/index.html<\/a><\/p>\n\n\n\n<hr class=\"wp-block-separator has-alpha-channel-opacity\"\/>\n","protected":false},"excerpt":{"rendered":"","protected":false},"author":2,"featured_media":49966,"comment_status":"open","ping_status":"open","sticky":false,"template":"","format":"standard","meta":{"_acf_changed":false,"jetpack_post_was_ever_published":false,"_jetpack_newsletter_access":"","_jetpack_dont_email_post_to_subs":false,"_jetpack_newsletter_tier_id":0,"_jetpack_memberships_contains_paywalled_content":false,"_jetpack_memberships_contains_paid_content":false,"footnotes":"","jetpack_publicize_message":"","jetpack_publicize_feature_enabled":true,"jetpack_social_post_already_shared":true,"jetpack_social_options":{"image_generator_settings":{"template":"highway","default_image_id":0,"font":"","enabled":false},"version":2}},"categories":[8,3],"tags":[],"class_list":["post-49965","post","type-post","status-publish","format-standard","has-post-thumbnail","hentry","category-knjige","category-novosti"],"acf":{"facebook_opis":""},"jetpack_publicize_connections":[],"jetpack_featured_media_url":"https:\/\/historiografija.hr\/wp-content\/uploads\/2025\/11\/Kramer.avif","jetpack_sharing_enabled":true,"jetpack-related-posts":[],"_links":{"self":[{"href":"https:\/\/historiografija.hr\/index.php?rest_route=\/wp\/v2\/posts\/49965","targetHints":{"allow":["GET"]}}],"collection":[{"href":"https:\/\/historiografija.hr\/index.php?rest_route=\/wp\/v2\/posts"}],"about":[{"href":"https:\/\/historiografija.hr\/index.php?rest_route=\/wp\/v2\/types\/post"}],"author":[{"embeddable":true,"href":"https:\/\/historiografija.hr\/index.php?rest_route=\/wp\/v2\/users\/2"}],"replies":[{"embeddable":true,"href":"https:\/\/historiografija.hr\/index.php?rest_route=%2Fwp%2Fv2%2Fcomments&post=49965"}],"version-history":[{"count":1,"href":"https:\/\/historiografija.hr\/index.php?rest_route=\/wp\/v2\/posts\/49965\/revisions"}],"predecessor-version":[{"id":49967,"href":"https:\/\/historiografija.hr\/index.php?rest_route=\/wp\/v2\/posts\/49965\/revisions\/49967"}],"wp:featuredmedia":[{"embeddable":true,"href":"https:\/\/historiografija.hr\/index.php?rest_route=\/wp\/v2\/media\/49966"}],"wp:attachment":[{"href":"https:\/\/historiografija.hr\/index.php?rest_route=%2Fwp%2Fv2%2Fmedia&parent=49965"}],"wp:term":[{"taxonomy":"category","embeddable":true,"href":"https:\/\/historiografija.hr\/index.php?rest_route=%2Fwp%2Fv2%2Fcategories&post=49965"},{"taxonomy":"post_tag","embeddable":true,"href":"https:\/\/historiografija.hr\/index.php?rest_route=%2Fwp%2Fv2%2Ftags&post=49965"}],"curies":[{"name":"wp","href":"https:\/\/api.w.org\/{rel}","templated":true}]}}