{"id":49952,"date":"2025-11-27T20:51:00","date_gmt":"2025-11-27T20:51:00","guid":{"rendered":"https:\/\/historiografija.hr\/?p=49952"},"modified":"2025-11-27T20:52:31","modified_gmt":"2025-11-27T20:52:31","slug":"znanstveni-skup-kolona-sjecanja-na-korijene-vukovara","status":"publish","type":"post","link":"https:\/\/historiografija.hr\/?p=49952","title":{"rendered":"Znanstveni skup \u201eKolona sje\u0107anja na korijene Vukovara\u201c"},"content":{"rendered":"\n<p>Zavod za znanstvenoistra\u017eiva\u010dki i umjetni\u010dki rad Hrvatske akademije znanosti i umjetnosti u Vukovaru organizira znanstveni skup <em>Kolona sje\u0107anja na korijene Vukovara<\/em>, koji \u0107e se odr\u017eati u ponedjeljak 1. prosinca 2025. u 11 sati u Knji\u017enici Hrvatske akademije znanosti i umjetnosti u Zagrebu.<\/p>\n\n\n\n<p>Uvodna obra\u0107anja odr\u017eat \u0107e <strong>akademik Velimir Neidhardt<\/strong>, predsjednik Hrvatske akademije znanosti i umjetnosti, <strong>akademkinja Mirna \u0160itum<\/strong>, voditeljica Zavoda, <strong>Marijan Pavli\u010dek<\/strong>, gradona\u010delnik Grada Vukovara, te <strong>Ivan Bosan\u010di\u0107<\/strong>, \u017eupan Vukovarsko-srijemske \u017eupanije.<\/p>\n\n\n\n<p>Plenarna izlaganja odr\u017eat \u0107e<strong>&nbsp;akademkinja Mirna \u0160itum<\/strong>, <strong>akademik Mario \u0160laus<\/strong>, <strong>akademik Goran Durn<\/strong>, <strong>akademik Igor Ani\u0107<\/strong>&nbsp;i <strong>prof. dr. sc. Josipa Forjan<\/strong>, koji \u0107e predstaviti razli\u010dite perspektive povijesnih, arheolo\u0161kih, prirodoslovnih i dru\u0161tvenih korijena Vukovara.<\/p>\n\n\n\n<p>U sklopu programa odr\u017eat \u0107e se i sve\u010dano potpisivanje Ugovora o radu Zavoda te Sporazuma o znanstvenoj i stru\u010dnoj suradnji, \u010dime se potvr\u0111uje zajedni\u010dka predanost daljnjem razvoju znanstvenoistra\u017eiva\u010dke i umjetni\u010dke djelatnosti u Vukovaru.<\/p>\n\n\n\n<p><a href=\"https:\/\/www.info.hazu.hr\/wp-content\/uploads\/2025\/11\/Programska-knjiz%CC%8Cica_Kolona_sjecanja.pdf\">Programska knji\u017eica<\/a><\/p>\n\n\n\n<hr class=\"wp-block-separator has-alpha-channel-opacity\"\/>\n\n\n\n<p>Izvor:<\/p>\n\n\n\n<figure class=\"wp-block-embed is-type-wp-embed is-provider-hazu wp-block-embed-hazu\"><div class=\"wp-block-embed__wrapper\">\n<blockquote class=\"wp-embedded-content\" data-secret=\"b4Nz7zHhbf\"><a href=\"https:\/\/www.info.hazu.hr\/events\/u-hazu-znanstveni-skup-kolona-sjecanja-na-korijene-vukovara\/\">U HAZU znanstveni skup \u201eKolona sje\u0107anja na korijene Vukovara\u201c<\/a><\/blockquote><iframe loading=\"lazy\" class=\"wp-embedded-content\" sandbox=\"allow-scripts\" security=\"restricted\" style=\"position: absolute; visibility: hidden;\" title=\"&#8220;U HAZU znanstveni skup \u201eKolona sje\u0107anja na korijene Vukovara\u201c&#8221; &#8212; HAZU\" src=\"https:\/\/www.info.hazu.hr\/events\/u-hazu-znanstveni-skup-kolona-sjecanja-na-korijene-vukovara\/embed\/#?secret=b4Nz7zHhbf\" data-secret=\"b4Nz7zHhbf\" width=\"600\" height=\"338\" frameborder=\"0\" marginwidth=\"0\" marginheight=\"0\" scrolling=\"no\"><\/iframe>\n<\/div><\/figure>\n\n\n\n<hr class=\"wp-block-separator has-alpha-channel-opacity\"\/>\n","protected":false},"excerpt":{"rendered":"","protected":false},"author":2,"featured_media":49953,"comment_status":"open","ping_status":"open","sticky":false,"template":"","format":"standard","meta":{"_acf_changed":false,"jetpack_post_was_ever_published":false,"_jetpack_newsletter_access":"","_jetpack_dont_email_post_to_subs":false,"_jetpack_newsletter_tier_id":0,"_jetpack_memberships_contains_paywalled_content":false,"_jetpack_memberships_contains_paid_content":false,"footnotes":"","jetpack_publicize_message":"","jetpack_publicize_feature_enabled":true,"jetpack_social_post_already_shared":true,"jetpack_social_options":{"image_generator_settings":{"template":"highway","default_image_id":0,"font":"","enabled":false},"version":2}},"categories":[3,9],"tags":[],"class_list":["post-49952","post","type-post","status-publish","format-standard","has-post-thumbnail","hentry","category-novosti","category-skupovi"],"acf":{"facebook_opis":""},"jetpack_publicize_connections":[],"jetpack_featured_media_url":"https:\/\/i0.wp.com\/historiografija.hr\/wp-content\/uploads\/2025\/11\/kolona-sjecanja-skup-plakat2025.jpg?fit=1081%2C849&ssl=1","jetpack_sharing_enabled":true,"jetpack-related-posts":[],"_links":{"self":[{"href":"https:\/\/historiografija.hr\/index.php?rest_route=\/wp\/v2\/posts\/49952","targetHints":{"allow":["GET"]}}],"collection":[{"href":"https:\/\/historiografija.hr\/index.php?rest_route=\/wp\/v2\/posts"}],"about":[{"href":"https:\/\/historiografija.hr\/index.php?rest_route=\/wp\/v2\/types\/post"}],"author":[{"embeddable":true,"href":"https:\/\/historiografija.hr\/index.php?rest_route=\/wp\/v2\/users\/2"}],"replies":[{"embeddable":true,"href":"https:\/\/historiografija.hr\/index.php?rest_route=%2Fwp%2Fv2%2Fcomments&post=49952"}],"version-history":[{"count":2,"href":"https:\/\/historiografija.hr\/index.php?rest_route=\/wp\/v2\/posts\/49952\/revisions"}],"predecessor-version":[{"id":49955,"href":"https:\/\/historiografija.hr\/index.php?rest_route=\/wp\/v2\/posts\/49952\/revisions\/49955"}],"wp:featuredmedia":[{"embeddable":true,"href":"https:\/\/historiografija.hr\/index.php?rest_route=\/wp\/v2\/media\/49953"}],"wp:attachment":[{"href":"https:\/\/historiografija.hr\/index.php?rest_route=%2Fwp%2Fv2%2Fmedia&parent=49952"}],"wp:term":[{"taxonomy":"category","embeddable":true,"href":"https:\/\/historiografija.hr\/index.php?rest_route=%2Fwp%2Fv2%2Fcategories&post=49952"},{"taxonomy":"post_tag","embeddable":true,"href":"https:\/\/historiografija.hr\/index.php?rest_route=%2Fwp%2Fv2%2Ftags&post=49952"}],"curies":[{"name":"wp","href":"https:\/\/api.w.org\/{rel}","templated":true}]}}