{"id":49949,"date":"2025-11-27T20:39:48","date_gmt":"2025-11-27T20:39:48","guid":{"rendered":"https:\/\/historiografija.hr\/?p=49949"},"modified":"2025-11-27T20:39:48","modified_gmt":"2025-11-27T20:39:48","slug":"predstavljanje-knjige-tomislav-croatias-first-king","status":"publish","type":"post","link":"https:\/\/historiografija.hr\/?p=49949","title":{"rendered":"Predstavljanje knjige &#8220;Tomislav, Croatia&#8217;s First King&#8221;"},"content":{"rendered":"\n<p>\u010cetvrtak, 4. prosinca 2025. u 12:00 sati, Knji\u017eara Matice hrvatske, Ulica Matice hrvatske 2, Zagreb<\/p>\n\n\n\n<hr class=\"wp-block-separator has-alpha-channel-opacity\"\/>\n\n\n\n<p>Po\u0161tovani,<br>Matica hrvatska poziva Vas na predstavljanje knjige<br><br><strong><em>Tomislav, Croatia&#8217;s First King<\/em><\/strong><br>uredila Mirjana Poli\u0107 Bobi\u0107<br>preveo Marko Majerovi\u0107<br><br><strong>O knjizi govore<\/strong><br>Damir Zori\u0107<br>Dino Milinovi\u0107<br>Mirjana Poli\u0107 Bobi\u0107<br><br>Posebno izdanje Matice hrvatske, prvo na engleskom jeziku, spaja rigoroznu znanstvenu analizu s fascinantnim pri\u010dama iz pro\u0161losti, otkrivaju\u0107i kralja Tomislava kao simbol hrvatskog srednjovjekovlja i trajnog kulturnog naslje\u0111a.<br><br><strong>\u010detvrtak, 4. prosinca 2025. u 12 sati<\/strong><br>Knji\u017eara MH (Ulica Matice hrvatske 2, Zagreb)<br><br>Radujemo se Va\u0161em dolasku!<\/p>\n\n\n\n<hr class=\"wp-block-separator has-alpha-channel-opacity\"\/>\n\n\n\n<p>Izvor:<\/p>\n\n\n\n<p><a href=\"https:\/\/www.matica.hr\/zbivanja\/matica-hrvatska-predstavljanje-knjige-tomislav-croatias-first-king-4-prosinca-u-12-sati-5052\">https:\/\/www.matica.hr\/zbivanja\/matica-hrvatska-predstavljanje-knjige-tomislav-croatias-first-king-4-prosinca-u-12-sati-5052<\/a><\/p>\n\n\n\n<hr class=\"wp-block-separator has-alpha-channel-opacity\"\/>\n","protected":false},"excerpt":{"rendered":"","protected":false},"author":2,"featured_media":49950,"comment_status":"open","ping_status":"open","sticky":false,"template":"","format":"standard","meta":{"_acf_changed":false,"jetpack_post_was_ever_published":false,"_jetpack_newsletter_access":"","_jetpack_dont_email_post_to_subs":false,"_jetpack_newsletter_tier_id":0,"_jetpack_memberships_contains_paywalled_content":false,"_jetpack_memberships_contains_paid_content":false,"footnotes":"","jetpack_publicize_message":"","jetpack_publicize_feature_enabled":true,"jetpack_social_post_already_shared":true,"jetpack_social_options":{"image_generator_settings":{"template":"highway","default_image_id":0,"font":"","enabled":false},"version":2}},"categories":[3],"tags":[],"class_list":["post-49949","post","type-post","status-publish","format-standard","has-post-thumbnail","hentry","category-novosti"],"acf":{"facebook_opis":""},"jetpack_publicize_connections":[],"jetpack_featured_media_url":"https:\/\/i0.wp.com\/historiografija.hr\/wp-content\/uploads\/2025\/11\/pozivnica_kralj_tomislav.jpg?fit=680%2C321&ssl=1","jetpack_sharing_enabled":true,"jetpack-related-posts":[],"_links":{"self":[{"href":"https:\/\/historiografija.hr\/index.php?rest_route=\/wp\/v2\/posts\/49949","targetHints":{"allow":["GET"]}}],"collection":[{"href":"https:\/\/historiografija.hr\/index.php?rest_route=\/wp\/v2\/posts"}],"about":[{"href":"https:\/\/historiografija.hr\/index.php?rest_route=\/wp\/v2\/types\/post"}],"author":[{"embeddable":true,"href":"https:\/\/historiografija.hr\/index.php?rest_route=\/wp\/v2\/users\/2"}],"replies":[{"embeddable":true,"href":"https:\/\/historiografija.hr\/index.php?rest_route=%2Fwp%2Fv2%2Fcomments&post=49949"}],"version-history":[{"count":1,"href":"https:\/\/historiografija.hr\/index.php?rest_route=\/wp\/v2\/posts\/49949\/revisions"}],"predecessor-version":[{"id":49951,"href":"https:\/\/historiografija.hr\/index.php?rest_route=\/wp\/v2\/posts\/49949\/revisions\/49951"}],"wp:featuredmedia":[{"embeddable":true,"href":"https:\/\/historiografija.hr\/index.php?rest_route=\/wp\/v2\/media\/49950"}],"wp:attachment":[{"href":"https:\/\/historiografija.hr\/index.php?rest_route=%2Fwp%2Fv2%2Fmedia&parent=49949"}],"wp:term":[{"taxonomy":"category","embeddable":true,"href":"https:\/\/historiografija.hr\/index.php?rest_route=%2Fwp%2Fv2%2Fcategories&post=49949"},{"taxonomy":"post_tag","embeddable":true,"href":"https:\/\/historiografija.hr\/index.php?rest_route=%2Fwp%2Fv2%2Ftags&post=49949"}],"curies":[{"name":"wp","href":"https:\/\/api.w.org\/{rel}","templated":true}]}}