{"id":49933,"date":"2025-11-27T19:36:26","date_gmt":"2025-11-27T19:36:26","guid":{"rendered":"https:\/\/historiografija.hr\/?p=49933"},"modified":"2025-11-27T19:36:26","modified_gmt":"2025-11-27T19:36:26","slug":"predavanje-ivana-videna-podmarsal-bernard-kaboga-u-ljetnikovcu-bunic-kaboga","status":"publish","type":"post","link":"https:\/\/historiografija.hr\/?p=49933","title":{"rendered":"Predavanje Ivana Vi\u0111ena \u201ePodmar\u0161al Bernard Kaboga&#8221; u ljetnikovcu Buni\u0107-Kaboga"},"content":{"rendered":"\n<p>Dubrova\u010dki muzeji u \u010detvrtak, 27. studenog 2025. u &nbsp;19&nbsp;sati u ljetnikovcu Buni\u0107-Kaboga, organiziraju predavanje \u201cPodmar\u0161al Bernard Kaboga (1785.-1855.): dubrova\u010dki junak na europskim boji\u0161nicama i dvorovima\u201d, povjesni\u010dara umjetnosti, dr.sc. Ivana Vi\u0111ena.<\/p>\n\n\n\n<p>Dubrova\u010dki vlastelin i austrijski podmar\u0161al Bernard Kaboga (1785.-1855.) proveo je \u017eivot daleko od rodnoga grada, ali mu se&nbsp;uvijek rado vra\u0107ao i nastojao ga u svakoj prilici pomagati.&nbsp;Sposoban, nadaren i uspje\u0161an karijeru je ostvario na&nbsp;europskim boji\u0161nicama i dvorovima.&nbsp;Jedan od najodlikovanijih hrvatskih generala ikad, inovator in\u017eenjerije, miljenik dru\u0161tva, dobrotvor Dubrovnika, sugra\u0111anima je bio toliko bitan da su mu spomen-plo\u010du postavili u dubrova\u010dkoj katedrali. Povjesni\u010dar umjetnosti dr.sc. Ivan Vi\u0111en, na ovom \u0107e predavanju dati pregled biografije i uspje\u0161ne karijere ovoga iznimnog \u010dovjeka i to povodom 170. obljetnice njegove smrti, upravo u ljetnikovcu njegove obitelji na Batahovini u \u010dijoj je kapelici odredio da bude pokopan.<\/p>\n\n\n\n<hr class=\"wp-block-separator has-alpha-channel-opacity\"\/>\n\n\n\n<p>Izvor:<\/p>\n\n\n\n<p><a href=\"https:\/\/www.dumus.hr\/hr\/sto-raditi\/novosti\/predavanje-ivana-videna-%e2%80%9epodmarsal-bernard-kaboga-u-ljetnikovcu-bunic-kaboga,1930.html\">https:\/\/www.dumus.hr\/hr\/sto-raditi\/novosti\/predavanje-ivana-videna-%e2%80%9epodmarsal-bernard-kaboga-u-ljetnikovcu-bunic-kaboga,1930.html<\/a><\/p>\n\n\n\n<hr class=\"wp-block-separator has-alpha-channel-opacity\"\/>\n","protected":false},"excerpt":{"rendered":"","protected":false},"author":2,"featured_media":49934,"comment_status":"open","ping_status":"open","sticky":false,"template":"","format":"standard","meta":{"_acf_changed":false,"jetpack_post_was_ever_published":false,"_jetpack_newsletter_access":"","_jetpack_dont_email_post_to_subs":false,"_jetpack_newsletter_tier_id":0,"_jetpack_memberships_contains_paywalled_content":false,"_jetpack_memberships_contains_paid_content":false,"footnotes":"","jetpack_publicize_message":"","jetpack_publicize_feature_enabled":true,"jetpack_social_post_already_shared":true,"jetpack_social_options":{"image_generator_settings":{"template":"highway","default_image_id":0,"font":"","enabled":false},"version":2}},"categories":[3],"tags":[],"class_list":["post-49933","post","type-post","status-publish","format-standard","has-post-thumbnail","hentry","category-novosti"],"acf":{"facebook_opis":""},"jetpack_publicize_connections":[],"jetpack_featured_media_url":"https:\/\/i0.wp.com\/historiografija.hr\/wp-content\/uploads\/2025\/11\/Kaboga.jpg?fit=2048%2C1418&ssl=1","jetpack_sharing_enabled":true,"jetpack-related-posts":[],"_links":{"self":[{"href":"https:\/\/historiografija.hr\/index.php?rest_route=\/wp\/v2\/posts\/49933","targetHints":{"allow":["GET"]}}],"collection":[{"href":"https:\/\/historiografija.hr\/index.php?rest_route=\/wp\/v2\/posts"}],"about":[{"href":"https:\/\/historiografija.hr\/index.php?rest_route=\/wp\/v2\/types\/post"}],"author":[{"embeddable":true,"href":"https:\/\/historiografija.hr\/index.php?rest_route=\/wp\/v2\/users\/2"}],"replies":[{"embeddable":true,"href":"https:\/\/historiografija.hr\/index.php?rest_route=%2Fwp%2Fv2%2Fcomments&post=49933"}],"version-history":[{"count":1,"href":"https:\/\/historiografija.hr\/index.php?rest_route=\/wp\/v2\/posts\/49933\/revisions"}],"predecessor-version":[{"id":49935,"href":"https:\/\/historiografija.hr\/index.php?rest_route=\/wp\/v2\/posts\/49933\/revisions\/49935"}],"wp:featuredmedia":[{"embeddable":true,"href":"https:\/\/historiografija.hr\/index.php?rest_route=\/wp\/v2\/media\/49934"}],"wp:attachment":[{"href":"https:\/\/historiografija.hr\/index.php?rest_route=%2Fwp%2Fv2%2Fmedia&parent=49933"}],"wp:term":[{"taxonomy":"category","embeddable":true,"href":"https:\/\/historiografija.hr\/index.php?rest_route=%2Fwp%2Fv2%2Fcategories&post=49933"},{"taxonomy":"post_tag","embeddable":true,"href":"https:\/\/historiografija.hr\/index.php?rest_route=%2Fwp%2Fv2%2Ftags&post=49933"}],"curies":[{"name":"wp","href":"https:\/\/api.w.org\/{rel}","templated":true}]}}