{"id":49916,"date":"2025-11-26T18:52:33","date_gmt":"2025-11-26T18:52:33","guid":{"rendered":"https:\/\/historiografija.hr\/?p=49916"},"modified":"2025-11-26T18:52:33","modified_gmt":"2025-11-26T18:52:33","slug":"javno-predavanje-hrvatska-otvorena-migracijska-zemlja-ili-irska-jugoistocne-europe","status":"publish","type":"post","link":"https:\/\/historiografija.hr\/?p=49916","title":{"rendered":"Javno predavanje: HRVATSKA \u2013 \u201cOTVORENA MIGRACIJSKA ZEMLJA\u201d ILI IRSKA JUGOISTO\u010cNE EUROPE"},"content":{"rendered":"\n<p>Institut dru\u0161tvenih znanosti Ivo Pilar \u2013 Podru\u010dni centar Vukovar i Dr\u017eavni arhiv u Vukovaru pozivaju na javno predavanje dr. sc. Dra\u017eena \u017divi\u0107a HRVATSKA \u2013 \u201cOTVORENA MIGRACIJSKA ZEMLJA\u201d ILI IRSKA JUGOISTO\u010cNE EUROPE koje \u0107e se odr\u017eati 27. studenoga 2025. (\u010detvrtak) s po\u010detkom u 12 sati u Dr\u017eavnom arhivu u Vukovaru, \u017dupanijska 66, Vukovar<\/p>\n\n\n\n<hr class=\"wp-block-separator has-alpha-channel-opacity\"\/>\n\n\n\n<p>Izvor:<\/p>\n\n\n\n<figure class=\"wp-block-embed is-type-wp-embed is-provider-institut-dru-tvenih-znanosti-ivo-pilar wp-block-embed-institut-dru-tvenih-znanosti-ivo-pilar\"><div class=\"wp-block-embed__wrapper\">\n<blockquote class=\"wp-embedded-content\" data-secret=\"664OFQuy6H\"><a href=\"https:\/\/www.pilar.hr\/2025\/11\/javno-predavanje-hrvatska-otvorena-migracijska-zemlja-ili-irska-jugoistocne-europe-vukovar-27-11-2025\/\">Javno predavanje: HRVATSKA &#8211; &#8220;OTVORENA MIGRACIJSKA ZEMLJA&#8221; ILI IRSKA JUGOISTO\u010cNE EUROPE; Vukovar, 27. 11. 2025.<\/a><\/blockquote><iframe loading=\"lazy\" class=\"wp-embedded-content\" sandbox=\"allow-scripts\" security=\"restricted\" style=\"position: absolute; visibility: hidden;\" title=\"&#8220;Javno predavanje: HRVATSKA &#8211; &#8220;OTVORENA MIGRACIJSKA ZEMLJA&#8221; ILI IRSKA JUGOISTO\u010cNE EUROPE; Vukovar, 27. 11. 2025.&#8221; &#8212; Institut dru\u0161tvenih znanosti Ivo Pilar\" src=\"https:\/\/www.pilar.hr\/2025\/11\/javno-predavanje-hrvatska-otvorena-migracijska-zemlja-ili-irska-jugoistocne-europe-vukovar-27-11-2025\/embed\/#?secret=NLXKKtMz1x#?secret=664OFQuy6H\" data-secret=\"664OFQuy6H\" width=\"600\" height=\"338\" frameborder=\"0\" marginwidth=\"0\" marginheight=\"0\" scrolling=\"no\"><\/iframe>\n<\/div><\/figure>\n\n\n\n<hr class=\"wp-block-separator has-alpha-channel-opacity\"\/>\n","protected":false},"excerpt":{"rendered":"","protected":false},"author":2,"featured_media":49917,"comment_status":"open","ping_status":"open","sticky":false,"template":"","format":"standard","meta":{"_acf_changed":false,"jetpack_post_was_ever_published":false,"_jetpack_newsletter_access":"","_jetpack_dont_email_post_to_subs":false,"_jetpack_newsletter_tier_id":0,"_jetpack_memberships_contains_paywalled_content":false,"_jetpack_memberships_contains_paid_content":false,"footnotes":"","jetpack_publicize_message":"","jetpack_publicize_feature_enabled":true,"jetpack_social_post_already_shared":true,"jetpack_social_options":{"image_generator_settings":{"template":"highway","default_image_id":0,"font":"","enabled":false},"version":2}},"categories":[3],"tags":[],"class_list":["post-49916","post","type-post","status-publish","format-standard","has-post-thumbnail","hentry","category-novosti"],"acf":{"facebook_opis":""},"jetpack_publicize_connections":[],"jetpack_featured_media_url":"https:\/\/i0.wp.com\/historiografija.hr\/wp-content\/uploads\/2025\/11\/Pozivnica_s.jpg?fit=620%2C877&ssl=1","jetpack_sharing_enabled":true,"jetpack-related-posts":[],"_links":{"self":[{"href":"https:\/\/historiografija.hr\/index.php?rest_route=\/wp\/v2\/posts\/49916","targetHints":{"allow":["GET"]}}],"collection":[{"href":"https:\/\/historiografija.hr\/index.php?rest_route=\/wp\/v2\/posts"}],"about":[{"href":"https:\/\/historiografija.hr\/index.php?rest_route=\/wp\/v2\/types\/post"}],"author":[{"embeddable":true,"href":"https:\/\/historiografija.hr\/index.php?rest_route=\/wp\/v2\/users\/2"}],"replies":[{"embeddable":true,"href":"https:\/\/historiografija.hr\/index.php?rest_route=%2Fwp%2Fv2%2Fcomments&post=49916"}],"version-history":[{"count":1,"href":"https:\/\/historiografija.hr\/index.php?rest_route=\/wp\/v2\/posts\/49916\/revisions"}],"predecessor-version":[{"id":49918,"href":"https:\/\/historiografija.hr\/index.php?rest_route=\/wp\/v2\/posts\/49916\/revisions\/49918"}],"wp:featuredmedia":[{"embeddable":true,"href":"https:\/\/historiografija.hr\/index.php?rest_route=\/wp\/v2\/media\/49917"}],"wp:attachment":[{"href":"https:\/\/historiografija.hr\/index.php?rest_route=%2Fwp%2Fv2%2Fmedia&parent=49916"}],"wp:term":[{"taxonomy":"category","embeddable":true,"href":"https:\/\/historiografija.hr\/index.php?rest_route=%2Fwp%2Fv2%2Fcategories&post=49916"},{"taxonomy":"post_tag","embeddable":true,"href":"https:\/\/historiografija.hr\/index.php?rest_route=%2Fwp%2Fv2%2Ftags&post=49916"}],"curies":[{"name":"wp","href":"https:\/\/api.w.org\/{rel}","templated":true}]}}