{"id":49901,"date":"2025-11-26T17:50:16","date_gmt":"2025-11-26T17:50:16","guid":{"rendered":"https:\/\/historiografija.hr\/?p=49901"},"modified":"2025-11-26T17:50:16","modified_gmt":"2025-11-26T17:50:16","slug":"znanstveni-skup-hrvatske-fortifikacije-kroz-stoljeca-fortikon-2025","status":"publish","type":"post","link":"https:\/\/historiografija.hr\/?p=49901","title":{"rendered":"Znanstveni skup \u201eHrvatske fortifikacije kroz stolje\u0107a \u2013 Fortikon 2025.\u201c"},"content":{"rendered":"\n<p><strong>Znanstveni skup \u201eHrvatske fortifikacije kroz stolje\u0107a \u2013 Fortikon 2025.\u201c odr\u017eat \u0107e se 27. i 28. studenoga 2025. godine u Kampusu tvr\u0111ave sv. Ivana u \u0160ibeniku u suorganizaciji Instituta za povijest umjetnosti i Tvr\u0111ave kulture \u0160ibenik.<\/strong><\/p>\n\n\n\n<p><strong><a href=\"https:\/\/www.ipu.hr\/content\/info\/IPU-TKS%CC%8C--FORTIKON-2025-KNJIGA%20IZLAGANJA-duplerice.pdf\">KNJI\u017dICA SA\u017dETAKA<\/a><\/strong><strong><br><br>Tematski okvir<\/strong><\/p>\n\n\n\n<p>Fortifikacije oblikovane na prostoru dana\u0161nje Hrvatske kroz stolje\u0107a \u2013 od rimskih bedema i srednjovjekovnih gradina, preko renesansnih bastionskih sustava, gradskih zidina, stra\u017earskih kula i tvr\u0111ava, do modernih fortifikacija 19. i 20. stolje\u0107a \u2013 predstavljaju iznimno vrijedan i kompleksan segment kulturne ba\u0161tine. Te su strukture klju\u010dne za razumijevanje prostorne, povijesne i politi\u010dke dinamike hrvatskog teritorija kroz povijest. Njihova izgradnja rezultat je kako \u0161irih geostrate\u0161kih interesa velikih politi\u010dkih sila, tako i brojnih lokalnih inicijativa zajednica i pojedinaca.<\/p>\n\n\n\n<p>U njihovu su planiranju i gradnji sudjelovali vojni zapovjednici, in\u017eenjeri, arhitekti, administrativna tijela i gra\u0111evinski majstori, ostaviv\u0161i iza sebe bogatu dokumentaciju od iznimne va\u017enosti za dana\u0161nja istra\u017eivanja.<\/p>\n\n\n\n<p>Znanstveni skup \u201eHrvatske fortifikacije kroz stolje\u0107a \u2013 Fortikon 2025.\u201c posve\u0107en je predstavljanju rezultata recentnih znanstvenih istra\u017eivanja hrvatskih fortifikacija kroz razli\u010dita povijesna razdoblja. Cilj je okupiti povjesni\u010dare arhitekture, povjesni\u010dare, arheologe, arhitekte, urbaniste, konzervatore i druge stru\u010dnjake koji svojim radom doprinose razumijevanju, interpretaciji i valorizaciji ove slojevite ba\u0161tine. Skup te\u017ei sveobuhvatnom sagledavanju fortifikacijskog naslije\u0111a, poticanju interdisciplinarnog dijaloga te razmjeni novih spoznaja, interpretativnih pristupa i istra\u017eiva\u010dkih metodologija.<\/p>\n\n\n\n<p>Skup pokriva \u0161irok raspon tema povezanih s fortifikacijama u Hrvatskoj, kao i utvrdama izvan granica Republike Hrvatske koje su relevantne u kontekstu hrvatskih fortifikacija ili njihovih projektanata.<\/p>\n\n\n\n<p><strong>Tematske cjeline uklju\u010duju:<\/strong><\/p>\n\n\n\n<ul class=\"wp-block-list\">\n<li><strong>Grad i fortifikacije<\/strong> (Uloga fortifikacija u razvoju urbanih sredi\u0161ta; Odnos izme\u0111u obrambenih sustava i gradske infrastrukture)<\/li>\n\n\n\n<li><strong>Povijesni razvoj \u2013 tipologija \u2013 funkcija<\/strong> (Razvoj fortifikacijskih sustava kroz razli\u010dite epohe; Regionalne posebnosti fortifikacija)<\/li>\n\n\n\n<li><strong>Fortifikacije u \u0161irem geografskom kontekstu<\/strong> (Utjecaji stranih fortifikacijskih modela na hrvatske utvrde; Hrvatski fortifikacijski sustavi u odnosu na susjedne regije; Uloga hrvatskih projektanata i graditelja u izgradnji fortifikacija izvan Hrvatske)<\/li>\n\n\n\n<li><strong>Vojna infrastruktura<\/strong> (Vojarne, skladi\u0161ta oru\u017eja, barutane, arsenali\u2026)<\/li>\n\n\n\n<li><strong>Hibridne obrambene strukture<\/strong> (Crkve-tvr\u0111ave, utvr\u0111eni samostani, utvr\u0111ene rezidencije)<\/li>\n\n\n\n<li><strong>Povijesni aspekti<\/strong> (Osobe, institucije i administrativna tijela klju\u010dne za izgradnju i upravljanje fortifikacijama; Vojne strategije i taktike obrane kroz povijest; Fortifikacije u povijesnim sukobima i opsadama)<\/li>\n\n\n\n<li><strong>Izvori za prou\u010davanje fortifikacija<\/strong> (Povijesni opisi, planovi, crte\u017ei i inventari; Arhivski i kartografski izvori)<\/li>\n<\/ul>\n\n\n\n<p><strong>Organizatori:<\/strong><\/p>\n\n\n\n<p><a href=\"https:\/\/www.ipu.hr\/\">Institut za povijest umjetnosti<\/a><br><a href=\"https:\/\/www.tvrdjava-kulture.hr\/\" target=\"_blank\" rel=\"noreferrer noopener\">Tvr\u0111ava kulture \u0160ibenik<\/a><\/p>\n\n\n\n<p><strong>Znanstveni odbor:<\/strong><\/p>\n\n\n\n<p>Irena Benyovsky Latin, Hrvatski institut za povijest, Zagreb<br>Darka Bili\u0107, Institut za povijest umjetnosti, Zagreb<br>Laris Bori\u0107, Filozofski fakultet Sveu\u010dili\u0161ta u Zadru<br>Anita Gamulin, Podru\u010dni konzervatorski ured Split, Ministarstvo kulture i medija<br>Katarina Horvat-Levaj, Institut za povijest umjetnosti, Zagreb<br>Zlatko Kara\u010d, Arhitektonski fakultet Sveu\u010dili\u0161ta u Zagrebu<br>Matej Klemen\u010di\u0107, Filozofski fakultet Sveu\u010dili\u0161ta u Ljubljani<br>Josip Pavi\u0107, Tvr\u0111ava kulture \u0160ibenik<br>Andrej \u017dmega\u010d, Institut za povijest umjetnosti, Zagreb<\/p>\n\n\n\n<p><strong>Organizacijski odbor:<\/strong><\/p>\n\n\n\n<p>Darka Bili\u0107, Institut za povijest umjetnosti, Zagreb<br>Ana \u0106uri\u0107, Institut za povijest umjetnosti, Zagreb<br>Dora Horvat, Institut za povijest umjetnosti, Zagreb<br>Josip Pavi\u0107, Tvr\u0111ava kulture \u0160ibenik<br>Ana Skra\u010di\u0107 Vra\u010dar, Tvr\u0111ava kulture \u0160ibenik<\/p>\n\n\n\n<p><strong>Izlaga\u010di\/ce:<\/strong><\/p>\n\n\n\n<p>Ivan Alduk, Darka Bili\u0107, Eva Bu\u0107a, Ivo Glava\u0161, Karla Gusar, Andrej Jane\u0161, Ivana Hirschler Mari\u0107, Zlatko Kara\u010d, Hrvoje Kekez, Vanja Kova\u010di\u0107, Dubravka Latin\u010di\u0107, Vinko Madiraca, Katja Marasovi\u0107,Andrija Naki\u0107, Dolores O\u0161tri\u0107, Karla Pape\u0161, Irena Pauk Sili, Josip Pavi\u0107, Snje\u017eana Perojevi\u0107, Silvija Pisk, Frane Prpa, Borislav Pulji\u0107, Kre\u0161imir Regan, Marko Sinobad, Damir Stani\u0107, Ana \u0160verko, Tatjana Tkal\u010dec, Josip Vi\u0161nji\u0107, Ivo Vojnovi\u0107, Dario Vujevi\u0107, Danko Zeli\u0107, Tomislav Zoj\u010deski, Andrej \u017dmega\u010d<\/p>\n\n\n\n<p>Skup se odr\u017eava pod pokroviteljstvom grada \u0160ibenika, \u0160ibensko-kninske \u017eupanije i Ministarstva kulture i medija Republike Hrvatske, u okviru istra\u017eiva\u010dkog projekta Instituta za povijest umjetnosti <a href=\"https:\/\/www.ipu.hr\/article\/hr\/1612\/LoRegUm\">\u201eOd lokalnog do regionalnog. Umjetnost Jadranske Hrvatske od srednjeg vijeka do 19. stolje\u0107a\u201c<\/a> (LoRegUm, 2023-2027), koji financira Europska unija \u2014 NextGenerationEU.<\/p>\n\n\n\n<hr class=\"wp-block-separator has-alpha-channel-opacity\"\/>\n\n\n\n<p>Izvor:<\/p>\n\n\n\n<p><a href=\"https:\/\/www.ipu.hr\/article\/hr\/2044\/hrvatske-fortifikacije-kroz-stoljeca-fortikon-2025\">https:\/\/www.ipu.hr\/article\/hr\/2044\/hrvatske-fortifikacije-kroz-stoljeca-fortikon-2025<\/a><\/p>\n\n\n\n<hr class=\"wp-block-separator has-alpha-channel-opacity\"\/>\n","protected":false},"excerpt":{"rendered":"","protected":false},"author":2,"featured_media":49902,"comment_status":"open","ping_status":"open","sticky":false,"template":"","format":"standard","meta":{"_acf_changed":false,"jetpack_post_was_ever_published":false,"_jetpack_newsletter_access":"","_jetpack_dont_email_post_to_subs":false,"_jetpack_newsletter_tier_id":0,"_jetpack_memberships_contains_paywalled_content":false,"_jetpack_memberships_contains_paid_content":false,"footnotes":"","jetpack_publicize_message":"","jetpack_publicize_feature_enabled":true,"jetpack_social_post_already_shared":true,"jetpack_social_options":{"image_generator_settings":{"template":"highway","default_image_id":0,"font":"","enabled":false},"version":2}},"categories":[3,9],"tags":[],"class_list":["post-49901","post","type-post","status-publish","format-standard","has-post-thumbnail","hentry","category-novosti","category-skupovi"],"acf":{"facebook_opis":""},"jetpack_publicize_connections":[],"jetpack_featured_media_url":"https:\/\/i0.wp.com\/historiografija.hr\/wp-content\/uploads\/2025\/11\/FORTIKON.jpg?fit=900%2C560&ssl=1","jetpack_sharing_enabled":true,"jetpack-related-posts":[],"_links":{"self":[{"href":"https:\/\/historiografija.hr\/index.php?rest_route=\/wp\/v2\/posts\/49901","targetHints":{"allow":["GET"]}}],"collection":[{"href":"https:\/\/historiografija.hr\/index.php?rest_route=\/wp\/v2\/posts"}],"about":[{"href":"https:\/\/historiografija.hr\/index.php?rest_route=\/wp\/v2\/types\/post"}],"author":[{"embeddable":true,"href":"https:\/\/historiografija.hr\/index.php?rest_route=\/wp\/v2\/users\/2"}],"replies":[{"embeddable":true,"href":"https:\/\/historiografija.hr\/index.php?rest_route=%2Fwp%2Fv2%2Fcomments&post=49901"}],"version-history":[{"count":1,"href":"https:\/\/historiografija.hr\/index.php?rest_route=\/wp\/v2\/posts\/49901\/revisions"}],"predecessor-version":[{"id":49903,"href":"https:\/\/historiografija.hr\/index.php?rest_route=\/wp\/v2\/posts\/49901\/revisions\/49903"}],"wp:featuredmedia":[{"embeddable":true,"href":"https:\/\/historiografija.hr\/index.php?rest_route=\/wp\/v2\/media\/49902"}],"wp:attachment":[{"href":"https:\/\/historiografija.hr\/index.php?rest_route=%2Fwp%2Fv2%2Fmedia&parent=49901"}],"wp:term":[{"taxonomy":"category","embeddable":true,"href":"https:\/\/historiografija.hr\/index.php?rest_route=%2Fwp%2Fv2%2Fcategories&post=49901"},{"taxonomy":"post_tag","embeddable":true,"href":"https:\/\/historiografija.hr\/index.php?rest_route=%2Fwp%2Fv2%2Ftags&post=49901"}],"curies":[{"name":"wp","href":"https:\/\/api.w.org\/{rel}","templated":true}]}}