{"id":49898,"date":"2025-11-26T17:15:53","date_gmt":"2025-11-26T17:15:53","guid":{"rendered":"https:\/\/historiografija.hr\/?p=49898"},"modified":"2025-11-26T17:15:53","modified_gmt":"2025-11-26T17:15:53","slug":"obljetnica-70-godina-casopisa-peristil-zasto-jos-objavljujemo-casopise","status":"publish","type":"post","link":"https:\/\/historiografija.hr\/?p=49898","title":{"rendered":"OBLJETNICA 70 GODINA \u010cASOPISA PERISTIL: Za\u0161to jo\u0161 objavljujemo \u010dasopise?"},"content":{"rendered":"\n<p>\u010cetvrtak, 27. studenoga 2025. u 18:30 sati<\/p>\n\n\n\n<p>ULUPUH, Preradovi\u0107eva 44 &#8211; 1. kat, Zagreb<\/p>\n\n\n\n<p>Povodom objavljivanja novog broja znanstvenog \u010dasopisa <em>Peristil<\/em> i obilje\u017eavanja 70 godina njegova kontinuiranog izla\u017eenja, Dru\u0161tvo povjesni\u010dara umjetnosti Hrvatske organizira razgovor o \u010dasopisima koji povezuju znanstvenu, kulturnu i umjetni\u010dku zajednicu, koji otvaraju prostor za razmjenu ideja, kriti\u010dko mi\u0161ljenje i javni dijalog.<\/p>\n\n\n\n<p>Od 1954. godine <em>Peristil<\/em> je sredi\u0161nje mjesto stru\u010dne i znanstvene razmjene u podru\u010dju povijesti umjetnosti. U proteklih sedam desetlje\u0107a \u010dasopis je zadr\u017eao temeljna na\u010dela izdava\u0161tva, a istodobno se prilago\u0111avao novim okolnostima. Danas je dostupan u otvorenom pristupu i uvr\u0161ten u presti\u017enu me\u0111unarodnu bazu <em>Scopus<\/em>.<\/p>\n\n\n\n<p>Razgovor \u0107e biti o \u010dasopisima koje objavljuju nezavisni i nekomercijalni izdava\u010di, nasljednici izvorne ideje znanstvenog izdava\u0161tva kakvu su u 17. stolje\u0107u utemeljili <em>Philosophical Transactions of the Royal Society<\/em> u Londonu i <em>Le Journal des s\u00e7avans<\/em> u Parizu (1665.). Ti su prvi \u010dasopisi nastali iz nezavisnog, nekomercijalnog impulsa za dijeljenjem znanja, a ne iz institucionalne ili komercijalne izdava\u010dke logike. U suvremenom kontekstu, kada je znanstveno izdava\u0161tvo postalo globalna industrija koju u inozemstvu predvode velike nakladni\u010dke ku\u0107e, ponovno se postavlja pitanje: koja je danas uloga \u010dasopisa \u2013 prostor znanstvene komunikacije, dijaloga i suradnje, ili tek platforma za akademska napredovanja?<\/p>\n\n\n\n<p>U razgovoru \u0107e sudjelovati stru\u010dnjaci iz razli\u010ditih podru\u010dja koji se bave izdava\u0161tvom, znanstvenom komunikacijom i vrednovanjem znanstvenog rada. Drago nam je \u0161to su se odazvali kolege ne samo iz na\u0161eg podru\u010dja, ve\u0107 i iz \u0161ire znanstvene i kulturne zajednice, uklju\u010duju\u0107i goste iz Hrvatske udruge za znanstvenu komunikaciju (ZNAK) i osniva\u010di \u010dasopisa za suvremenu umjetnost ETC. iz Ljubljane koji dijeli sli\u010dan nezavisni pristup izdava\u0161tvu.<\/p>\n\n\n\n<p>Sudionici razgovora:<\/p>\n\n\n\n<ul class=\"wp-block-list\">\n<li>Iva Grabari\u0107 Andonovski, predsjednica udruge ZNAK )Hrvatska udruga za znanstvenu komunikaciju) i urednica \u010dasopisa <em>Food Technology and Biotechnology<\/em><\/li>\n\n\n\n<li>Dragan Damjanovi\u0107, \u010dlan uredni\u0161tva <em>Peristila<\/em>, \u010dlan Mati\u010dnog odbora Nacionalnog vije\u0107a za visoko obrazovanje, znanost i tehnolo\u0161ki razvoj<\/li>\n\n\n\n<li>Lara Meja\u010d, povjesni\u010darka umjetnosti, suosniva\u010dica \u010dasopisa <em>ETC<\/em> i jedna od njegovih kustosica<\/li>\n\n\n\n<li>Miroslav Rajter, suautor knjige <em>Komunikacija o znanosti<\/em><\/li>\n\n\n\n<li>Marko \u0160piki\u0107, \u010dlan uredni\u0161tva \u010dasopisa\u00a0<em>Peristil<\/em>\u00a0i dopredsjednik DPUH-a<\/li>\n\n\n\n<li>Moderator: Martina Petrinovi\u0107, izvr\u0161na urednica <em>Peristila<\/em><\/li>\n<\/ul>\n\n\n\n<p>Nakon razgovora slijedi domjenak uz dru\u017eenje i neformalni nastavak obilje\u017eavanja obljetnice, a bit \u0107e mogu\u0107e nabaviti i tiskani primjerak novog broja <em>Peristila<\/em>.<\/p>\n\n\n\n<hr class=\"wp-block-separator has-alpha-channel-opacity\"\/>\n\n\n\n<p>Izvor:<\/p>\n\n\n\n<p><a href=\"http:\/\/www.dpuh.hr\/\">http:\/\/www.dpuh.hr\/<\/a><\/p>\n\n\n\n<hr class=\"wp-block-separator has-alpha-channel-opacity\"\/>\n","protected":false},"excerpt":{"rendered":"","protected":false},"author":2,"featured_media":49899,"comment_status":"open","ping_status":"open","sticky":false,"template":"","format":"standard","meta":{"_acf_changed":false,"jetpack_post_was_ever_published":false,"_jetpack_newsletter_access":"","_jetpack_dont_email_post_to_subs":false,"_jetpack_newsletter_tier_id":0,"_jetpack_memberships_contains_paywalled_content":false,"_jetpack_memberships_contains_paid_content":false,"footnotes":"","jetpack_publicize_message":"","jetpack_publicize_feature_enabled":true,"jetpack_social_post_already_shared":true,"jetpack_social_options":{"image_generator_settings":{"template":"highway","default_image_id":0,"font":"","enabled":false},"version":2}},"categories":[21,3],"tags":[],"class_list":["post-49898","post","type-post","status-publish","format-standard","has-post-thumbnail","hentry","category-casopisi","category-novosti"],"acf":{"facebook_opis":""},"jetpack_publicize_connections":[],"jetpack_featured_media_url":"https:\/\/i0.wp.com\/historiografija.hr\/wp-content\/uploads\/2025\/11\/Peristil-DPUH.png?fit=940%2C788&ssl=1","jetpack_sharing_enabled":true,"jetpack-related-posts":[],"_links":{"self":[{"href":"https:\/\/historiografija.hr\/index.php?rest_route=\/wp\/v2\/posts\/49898","targetHints":{"allow":["GET"]}}],"collection":[{"href":"https:\/\/historiografija.hr\/index.php?rest_route=\/wp\/v2\/posts"}],"about":[{"href":"https:\/\/historiografija.hr\/index.php?rest_route=\/wp\/v2\/types\/post"}],"author":[{"embeddable":true,"href":"https:\/\/historiografija.hr\/index.php?rest_route=\/wp\/v2\/users\/2"}],"replies":[{"embeddable":true,"href":"https:\/\/historiografija.hr\/index.php?rest_route=%2Fwp%2Fv2%2Fcomments&post=49898"}],"version-history":[{"count":1,"href":"https:\/\/historiografija.hr\/index.php?rest_route=\/wp\/v2\/posts\/49898\/revisions"}],"predecessor-version":[{"id":49900,"href":"https:\/\/historiografija.hr\/index.php?rest_route=\/wp\/v2\/posts\/49898\/revisions\/49900"}],"wp:featuredmedia":[{"embeddable":true,"href":"https:\/\/historiografija.hr\/index.php?rest_route=\/wp\/v2\/media\/49899"}],"wp:attachment":[{"href":"https:\/\/historiografija.hr\/index.php?rest_route=%2Fwp%2Fv2%2Fmedia&parent=49898"}],"wp:term":[{"taxonomy":"category","embeddable":true,"href":"https:\/\/historiografija.hr\/index.php?rest_route=%2Fwp%2Fv2%2Fcategories&post=49898"},{"taxonomy":"post_tag","embeddable":true,"href":"https:\/\/historiografija.hr\/index.php?rest_route=%2Fwp%2Fv2%2Ftags&post=49898"}],"curies":[{"name":"wp","href":"https:\/\/api.w.org\/{rel}","templated":true}]}}