{"id":49892,"date":"2025-11-26T17:16:00","date_gmt":"2025-11-26T17:16:00","guid":{"rendered":"https:\/\/historiografija.hr\/?p=49892"},"modified":"2025-11-26T17:16:24","modified_gmt":"2025-11-26T17:16:24","slug":"predavanje-ane-simic-hrvatski-kraljevi-i-glagoljasi-u-povijesti-i-pripovijesti","status":"publish","type":"post","link":"https:\/\/historiografija.hr\/?p=49892","title":{"rendered":"Predavanje Ane \u0160imi\u0107: Hrvatski kraljevi i glagolja\u0161i u povijesti i pripovijesti"},"content":{"rendered":"\n<p>Odjel za hrvatsko glagolja\u0161tvo Matice hrvatske<\/p>\n\n\n\n<p>\u010cetvrtak, 27. studenoga 2025. u 18:00 sati, Dvorana Jure Petri\u010devi\u0107a, Ulica Matice hrvatske 2, Strossmayerov trg 4, Zagreb<\/p>\n\n\n\n<p>Dokumentirana povijest Hrvatskoga Kraljevstva i hrvatskoga glagolja\u0161tva zapo\u010dinje s istom godinom, istim gradom i istim doga\u0111ajem. Rije\u010d je o crkvenom saboru koji je odr\u017ean u Splitu 925. godine. Zato je teku\u0107a 2025. godina u znaku obilje\u017eavanja dviju va\u017enih obljetnica: 1100. obljetnice Hrvatskoga Kraljevstva i 11 stolje\u0107a hrvatskoga glagolja\u0161tva.&nbsp; Ovo je predavanje posve\u0107eno dodirnim to\u010dkama tih dviju pojava. U prvom dijelu bit \u0107e rije\u010di o tome \u0161to znanost zna o glagolja\u0161tvu za vrijeme Hrvatskoga Kraljevstva (925. \u2013 po\u010d. 12. st.) te gdje su bili tje\u0161nji dodiri hrvatskih kraljeva i glagolja\u0161a. Drugi dio predavanja usredoto\u010dit \u0107e se na na\u010dine kako se u hrvatskoj knji\u017eevnosti, kao va\u017enoj nositeljici kolektivnoga pam\u0107enja, domi\u0161lja odnos hrvatskih kraljeva i glagolja\u0161a. U predavanju \u0107e se ponuditi i jedan od mogu\u0107ih odgovora na pitanje \u0161to bi trebao biti najva\u017eniji plod ove slavljeni\u010dke kraljevske i glagolja\u0161ke godine.<\/p>\n\n\n\n<p>Poveznica za Zoom:<\/p>\n\n\n\n<p><a href=\"https:\/\/us06web.zoom.us\/j\/84211548759?pwd=epMutmkba7iIYA0ui4oufPba6x93ua.1\">https:\/\/us06web.zoom.us\/j\/84211548759?pwd=epMutmkba7iIYA0ui4oufPba6x93ua.1<\/a><\/p>\n\n\n\n<hr class=\"wp-block-separator has-alpha-channel-opacity\"\/>\n\n\n\n<p>Izvor:<\/p>\n\n\n\n<p><a href=\"https:\/\/www.matica.hr\/zbivanja\/predavanje-ane-simic-hrvatski-kraljevi-i-glagoljasi-u-povijesti-i-pripovijesti-5018\">https:\/\/www.matica.hr\/zbivanja\/predavanje-ane-simic-hrvatski-kraljevi-i-glagoljasi-u-povijesti-i-pripovijesti-5018<\/a><\/p>\n\n\n\n<hr class=\"wp-block-separator has-alpha-channel-opacity\"\/>\n","protected":false},"excerpt":{"rendered":"","protected":false},"author":2,"featured_media":49893,"comment_status":"open","ping_status":"open","sticky":false,"template":"","format":"standard","meta":{"_acf_changed":false,"jetpack_post_was_ever_published":false,"_jetpack_newsletter_access":"","_jetpack_dont_email_post_to_subs":false,"_jetpack_newsletter_tier_id":0,"_jetpack_memberships_contains_paywalled_content":false,"_jetpack_memberships_contains_paid_content":false,"footnotes":"","jetpack_publicize_message":"","jetpack_publicize_feature_enabled":true,"jetpack_social_post_already_shared":true,"jetpack_social_options":{"image_generator_settings":{"template":"highway","default_image_id":0,"font":"","enabled":false},"version":2}},"categories":[3],"tags":[],"class_list":["post-49892","post","type-post","status-publish","format-standard","has-post-thumbnail","hentry","category-novosti"],"acf":{"facebook_opis":""},"jetpack_publicize_connections":[],"jetpack_featured_media_url":"https:\/\/i0.wp.com\/historiografija.hr\/wp-content\/uploads\/2025\/11\/simic_kraljevi_i_glagoljasi.png?fit=680%2C713&ssl=1","jetpack_sharing_enabled":true,"jetpack-related-posts":[],"_links":{"self":[{"href":"https:\/\/historiografija.hr\/index.php?rest_route=\/wp\/v2\/posts\/49892","targetHints":{"allow":["GET"]}}],"collection":[{"href":"https:\/\/historiografija.hr\/index.php?rest_route=\/wp\/v2\/posts"}],"about":[{"href":"https:\/\/historiografija.hr\/index.php?rest_route=\/wp\/v2\/types\/post"}],"author":[{"embeddable":true,"href":"https:\/\/historiografija.hr\/index.php?rest_route=\/wp\/v2\/users\/2"}],"replies":[{"embeddable":true,"href":"https:\/\/historiografija.hr\/index.php?rest_route=%2Fwp%2Fv2%2Fcomments&post=49892"}],"version-history":[{"count":1,"href":"https:\/\/historiografija.hr\/index.php?rest_route=\/wp\/v2\/posts\/49892\/revisions"}],"predecessor-version":[{"id":49894,"href":"https:\/\/historiografija.hr\/index.php?rest_route=\/wp\/v2\/posts\/49892\/revisions\/49894"}],"wp:featuredmedia":[{"embeddable":true,"href":"https:\/\/historiografija.hr\/index.php?rest_route=\/wp\/v2\/media\/49893"}],"wp:attachment":[{"href":"https:\/\/historiografija.hr\/index.php?rest_route=%2Fwp%2Fv2%2Fmedia&parent=49892"}],"wp:term":[{"taxonomy":"category","embeddable":true,"href":"https:\/\/historiografija.hr\/index.php?rest_route=%2Fwp%2Fv2%2Fcategories&post=49892"},{"taxonomy":"post_tag","embeddable":true,"href":"https:\/\/historiografija.hr\/index.php?rest_route=%2Fwp%2Fv2%2Ftags&post=49892"}],"curies":[{"name":"wp","href":"https:\/\/api.w.org\/{rel}","templated":true}]}}