{"id":49889,"date":"2025-11-25T21:56:49","date_gmt":"2025-11-25T21:56:49","guid":{"rendered":"https:\/\/historiografija.hr\/?p=49889"},"modified":"2025-11-25T21:56:49","modified_gmt":"2025-11-25T21:56:49","slug":"skriptinar-studiranje-prije-i-poslije-bolonje","status":"publish","type":"post","link":"https:\/\/historiografija.hr\/?p=49889","title":{"rendered":"SKRIPTINAR \u2013 Studiranje prije i poslije Bolonje"},"content":{"rendered":"\n<p>\u0160to mo\u017eemo zaklju\u010diti o Bolonjskom procesu nakon 15 godina?<\/p>\n\n\n\n<p>Pozivamo vas na sedmo izdanje Skriptinara \u2013 Studiranje prije i poslije Bolonje \u2013 u dvorani D6 na Filozofskom fakultetu u Zagrebu, 26. studenog 2025. (srijeda) u 19 sati. Ovoga puta pridru\u017eit \u0107e nam se Elvina \u0160ehi\u0107 i Dean Duda, koji \u0107e nas uvesti u diskusiju o studiranju prije i poslije provedbe Bolonjskog procesa.<\/p>\n\n\n\n<p>Koji su nedostatci i prednosti studiranja po bolonjskom sustavu? Je li ISVU sustav primjenjiv na dru\u0161tveno-humanisti\u010dke institucije? \u0160to je \u201eidealni student\u201c prema Bolonji? Na ova i srodna pitanja, svoje odgovore ponudit \u0107e Elvina i Dean, no tako\u0111er svi prisutni dobrodo\u0161li su pridonijeti raspravi svojim razmi\u0161ljanjima. Pripremnu literaturu mo\u017eete prona\u0107i na mre\u017eama Plenuma.<\/p>\n\n\n\n<p>O\u010dekujemo vas s va\u0161im kriti\u010dkim o\u0161tricama na Skriptinaru, a u nastavku ne\u0161to vi\u0161e o govornicima:<\/p>\n\n\n\n<p>Dean Duda je na Filozofskom fakultetu Sveu\u010dili\u0161ta u Zagrebu magistrirao komparativnu knji\u017eevnost i filozofiju 1992. godine, a na istom fakultetu brani doktorat 1997. Na Odsjeku za komparativnu knji\u017eevnost radi od 1990.<\/p>\n\n\n\n<p>Elvina \u0160ehi\u0107 diplomirala je filozofiju i povijest na Filozofskom fakultetu Sveu\u010dili\u0161ta u Zagrebu. Od 2016. do 2025. godine radila je kao tajnica na Odsjeku za filozofiju.<\/p>\n\n\n\n<hr class=\"wp-block-separator has-alpha-channel-opacity\"\/>\n\n\n\n<p>Izvor:<\/p>\n\n\n\n<p><a href=\"https:\/\/www.facebook.com\/plenumffzg\">https:\/\/www.facebook.com\/plenumffzg<\/a><\/p>\n\n\n\n<p><a href=\"https:\/\/www.instagram.com\/plenumffzg\">https:\/\/www.instagram.com\/plenumffzg<\/a><\/p>\n\n\n\n<hr class=\"wp-block-separator has-alpha-channel-opacity\"\/>\n","protected":false},"excerpt":{"rendered":"","protected":false},"author":2,"featured_media":49890,"comment_status":"open","ping_status":"open","sticky":false,"template":"","format":"standard","meta":{"_acf_changed":false,"jetpack_post_was_ever_published":false,"_jetpack_newsletter_access":"","_jetpack_dont_email_post_to_subs":false,"_jetpack_newsletter_tier_id":0,"_jetpack_memberships_contains_paywalled_content":false,"_jetpack_memberships_contains_paid_content":false,"footnotes":"","jetpack_publicize_message":"","jetpack_publicize_feature_enabled":true,"jetpack_social_post_already_shared":true,"jetpack_social_options":{"image_generator_settings":{"template":"highway","default_image_id":0,"font":"","enabled":false},"version":2}},"categories":[3],"tags":[],"class_list":["post-49889","post","type-post","status-publish","format-standard","has-post-thumbnail","hentry","category-novosti"],"acf":{"facebook_opis":""},"jetpack_publicize_connections":[],"jetpack_featured_media_url":"https:\/\/i0.wp.com\/historiografija.hr\/wp-content\/uploads\/2025\/11\/Skriptinar-7.jpg?fit=1080%2C1350&ssl=1","jetpack_sharing_enabled":true,"jetpack-related-posts":[],"_links":{"self":[{"href":"https:\/\/historiografija.hr\/index.php?rest_route=\/wp\/v2\/posts\/49889","targetHints":{"allow":["GET"]}}],"collection":[{"href":"https:\/\/historiografija.hr\/index.php?rest_route=\/wp\/v2\/posts"}],"about":[{"href":"https:\/\/historiografija.hr\/index.php?rest_route=\/wp\/v2\/types\/post"}],"author":[{"embeddable":true,"href":"https:\/\/historiografija.hr\/index.php?rest_route=\/wp\/v2\/users\/2"}],"replies":[{"embeddable":true,"href":"https:\/\/historiografija.hr\/index.php?rest_route=%2Fwp%2Fv2%2Fcomments&post=49889"}],"version-history":[{"count":1,"href":"https:\/\/historiografija.hr\/index.php?rest_route=\/wp\/v2\/posts\/49889\/revisions"}],"predecessor-version":[{"id":49891,"href":"https:\/\/historiografija.hr\/index.php?rest_route=\/wp\/v2\/posts\/49889\/revisions\/49891"}],"wp:featuredmedia":[{"embeddable":true,"href":"https:\/\/historiografija.hr\/index.php?rest_route=\/wp\/v2\/media\/49890"}],"wp:attachment":[{"href":"https:\/\/historiografija.hr\/index.php?rest_route=%2Fwp%2Fv2%2Fmedia&parent=49889"}],"wp:term":[{"taxonomy":"category","embeddable":true,"href":"https:\/\/historiografija.hr\/index.php?rest_route=%2Fwp%2Fv2%2Fcategories&post=49889"},{"taxonomy":"post_tag","embeddable":true,"href":"https:\/\/historiografija.hr\/index.php?rest_route=%2Fwp%2Fv2%2Ftags&post=49889"}],"curies":[{"name":"wp","href":"https:\/\/api.w.org\/{rel}","templated":true}]}}