{"id":49879,"date":"2025-11-25T21:23:13","date_gmt":"2025-11-25T21:23:13","guid":{"rendered":"https:\/\/historiografija.hr\/?p=49879"},"modified":"2025-11-25T21:24:24","modified_gmt":"2025-11-25T21:24:24","slug":"predstavljanje-knjige-vedrana-stojanovica-dubrovacki-diptih-u-knjiznici-hazu-u-zagrebu","status":"publish","type":"post","link":"https:\/\/historiografija.hr\/?p=49879","title":{"rendered":"Predstavljanje knjige Vedrana Stojanovi\u0107a \u201eDubrova\u010dki diptih\u201c u Knji\u017enici HAZU u Zagrebu"},"content":{"rendered":"\n<p>Zavod za povijesne znanosti Hrvatske akademije znanosti i umjetnost u Dubrovniku organizira predstavljanje knjige Vedrana Stojanovi\u0107a <em>Dubrova\u010dki diptih<\/em> koje \u0107e se odr\u017eati u \u010detvrtak 27. studenog 2025. u 18 sati u Knji\u017enici HAZU u Zagrebu. Uz autora, knjigu \u0107e predstaviti<strong> dr. sc. Irena Benyovsky Latin <\/strong>i <strong>dr. sc. Lovro Kun\u010devi\u0107<\/strong>, \u010dlan suradnik HAZU.<\/p>\n\n\n\n<p>Knjiga se temelji se na imagolo\u0161kom istra\u017eivanju koje ispituje kako se konstruirala slika gradskog prostora Dubrovnika od polovice 15. stolje\u0107a do potresa 1667. godine u narativnim vrelima (kronikama, putopisima i sl.). Temeljna razdjelnica na kojoj monografija po\u010diva jest ona izme\u0111u doma\u0107ih i stranih autora, odnosno izme\u0111u pogleda iznutra i izvana. Upravo ta dva razli\u010dita pogleda te posljedi\u010dno dvije razli\u010dite slike tvore cjelinu koja otkriva zajedni\u010dke motive te poma\u017ee u rasvjetljivanju njihovog me\u0111usobnog odnosa, odnosa s prethodnicima i zna\u010denje te slike u \u0161irem jadranskom i mediteranskom kontekstu.<\/p>\n\n\n\n<hr class=\"wp-block-separator has-alpha-channel-opacity\"\/>\n\n\n\n<p>Izvor:<\/p>\n\n\n\n<figure class=\"wp-block-embed is-type-wp-embed is-provider-hazu wp-block-embed-hazu\"><div class=\"wp-block-embed__wrapper\">\n<blockquote class=\"wp-embedded-content\" data-secret=\"xzUxjOkQft\"><a href=\"https:\/\/www.info.hazu.hr\/events\/u-knjiznici-hazu-predstavljanje-knjige-vedrana-stojanovica-dubrovacki-diptih\/\">U Knji\u017enici HAZU predstavljanje knjige Vedrana Stojanovi\u0107a Dubrova\u010dki diptih<\/a><\/blockquote><iframe loading=\"lazy\" class=\"wp-embedded-content\" sandbox=\"allow-scripts\" security=\"restricted\" style=\"position: absolute; visibility: hidden;\" title=\"&#8220;U Knji\u017enici HAZU predstavljanje knjige Vedrana Stojanovi\u0107a Dubrova\u010dki diptih&#8221; &#8212; HAZU\" src=\"https:\/\/www.info.hazu.hr\/events\/u-knjiznici-hazu-predstavljanje-knjige-vedrana-stojanovica-dubrovacki-diptih\/embed\/#?secret=xzUxjOkQft\" data-secret=\"xzUxjOkQft\" width=\"600\" height=\"338\" frameborder=\"0\" marginwidth=\"0\" marginheight=\"0\" scrolling=\"no\"><\/iframe>\n<\/div><\/figure>\n\n\n\n<hr class=\"wp-block-separator has-alpha-channel-opacity\"\/>\n","protected":false},"excerpt":{"rendered":"","protected":false},"author":2,"featured_media":49880,"comment_status":"open","ping_status":"open","sticky":false,"template":"","format":"standard","meta":{"_acf_changed":false,"jetpack_post_was_ever_published":false,"_jetpack_newsletter_access":"","_jetpack_dont_email_post_to_subs":false,"_jetpack_newsletter_tier_id":0,"_jetpack_memberships_contains_paywalled_content":false,"_jetpack_memberships_contains_paid_content":false,"footnotes":"","jetpack_publicize_message":"","jetpack_publicize_feature_enabled":true,"jetpack_social_post_already_shared":true,"jetpack_social_options":{"image_generator_settings":{"template":"highway","default_image_id":0,"font":"","enabled":false},"version":2}},"categories":[3],"tags":[],"class_list":["post-49879","post","type-post","status-publish","format-standard","has-post-thumbnail","hentry","category-novosti"],"acf":{"facebook_opis":""},"jetpack_publicize_connections":[],"jetpack_featured_media_url":"https:\/\/i0.wp.com\/historiografija.hr\/wp-content\/uploads\/2025\/11\/Pozivnica-Stojanovic.jpg?fit=1600%2C1066&ssl=1","jetpack_sharing_enabled":true,"jetpack-related-posts":[],"_links":{"self":[{"href":"https:\/\/historiografija.hr\/index.php?rest_route=\/wp\/v2\/posts\/49879","targetHints":{"allow":["GET"]}}],"collection":[{"href":"https:\/\/historiografija.hr\/index.php?rest_route=\/wp\/v2\/posts"}],"about":[{"href":"https:\/\/historiografija.hr\/index.php?rest_route=\/wp\/v2\/types\/post"}],"author":[{"embeddable":true,"href":"https:\/\/historiografija.hr\/index.php?rest_route=\/wp\/v2\/users\/2"}],"replies":[{"embeddable":true,"href":"https:\/\/historiografija.hr\/index.php?rest_route=%2Fwp%2Fv2%2Fcomments&post=49879"}],"version-history":[{"count":2,"href":"https:\/\/historiografija.hr\/index.php?rest_route=\/wp\/v2\/posts\/49879\/revisions"}],"predecessor-version":[{"id":49882,"href":"https:\/\/historiografija.hr\/index.php?rest_route=\/wp\/v2\/posts\/49879\/revisions\/49882"}],"wp:featuredmedia":[{"embeddable":true,"href":"https:\/\/historiografija.hr\/index.php?rest_route=\/wp\/v2\/media\/49880"}],"wp:attachment":[{"href":"https:\/\/historiografija.hr\/index.php?rest_route=%2Fwp%2Fv2%2Fmedia&parent=49879"}],"wp:term":[{"taxonomy":"category","embeddable":true,"href":"https:\/\/historiografija.hr\/index.php?rest_route=%2Fwp%2Fv2%2Fcategories&post=49879"},{"taxonomy":"post_tag","embeddable":true,"href":"https:\/\/historiografija.hr\/index.php?rest_route=%2Fwp%2Fv2%2Ftags&post=49879"}],"curies":[{"name":"wp","href":"https:\/\/api.w.org\/{rel}","templated":true}]}}