{"id":49870,"date":"2025-11-25T21:06:57","date_gmt":"2025-11-25T21:06:57","guid":{"rendered":"https:\/\/historiografija.hr\/?p=49870"},"modified":"2025-11-25T21:10:26","modified_gmt":"2025-11-25T21:10:26","slug":"promocija-zbornika-radova-nova-istrazivanja-jugoslovenske-proslosti-perspektive-sa-postjugoslovenskog-prostora-u-sarajevu","status":"publish","type":"post","link":"https:\/\/historiografija.hr\/?p=49870","title":{"rendered":"Promocija zbornika radova \u201cNova istra\u017eivanja jugoslovenske pro\u0161losti: perspektive sa postjugoslovenskog prostora\u201d u Sarajevu"},"content":{"rendered":"\n<p>Promocija zbornika radova \u201cNova istra\u017eivanja jugoslovenske pro\u0161losti: perspektive sa postjugoslovenskog prostora\u201d bit \u0107e odr\u017eana u Historijskom muzeju Bosne i Hercegovine u Sarajevu u \u010detvrtak, 27. 11. 2025. godine u 12 sati.<\/p>\n\n\n\n<hr class=\"wp-block-separator has-alpha-channel-opacity\"\/>\n\n\n\n<figure class=\"wp-block-image size-large is-resized\"><img data-recalc-dims=\"1\" loading=\"lazy\" decoding=\"async\" width=\"732\" height=\"1024\" data-attachment-id=\"49871\" data-permalink=\"https:\/\/historiografija.hr\/?attachment_id=49871\" data-orig-file=\"https:\/\/i0.wp.com\/historiografija.hr\/wp-content\/uploads\/2025\/11\/Promocija_Sarajevo.jpg?fit=1429%2C2000&amp;ssl=1\" data-orig-size=\"1429,2000\" data-comments-opened=\"1\" data-image-meta=\"{&quot;aperture&quot;:&quot;0&quot;,&quot;credit&quot;:&quot;&quot;,&quot;camera&quot;:&quot;&quot;,&quot;caption&quot;:&quot;&quot;,&quot;created_timestamp&quot;:&quot;0&quot;,&quot;copyright&quot;:&quot;&quot;,&quot;focal_length&quot;:&quot;0&quot;,&quot;iso&quot;:&quot;0&quot;,&quot;shutter_speed&quot;:&quot;0&quot;,&quot;title&quot;:&quot;&quot;,&quot;orientation&quot;:&quot;0&quot;}\" data-image-title=\"Promocija_Sarajevo\" data-image-description=\"\" data-image-caption=\"\" data-large-file=\"https:\/\/i0.wp.com\/historiografija.hr\/wp-content\/uploads\/2025\/11\/Promocija_Sarajevo.jpg?fit=732%2C1024&amp;ssl=1\" src=\"https:\/\/i0.wp.com\/historiografija.hr\/wp-content\/uploads\/2025\/11\/Promocija_Sarajevo.jpg?resize=732%2C1024&#038;ssl=1\" alt=\"\" class=\"wp-image-49871\" style=\"width:673px;height:auto\" srcset=\"https:\/\/i0.wp.com\/historiografija.hr\/wp-content\/uploads\/2025\/11\/Promocija_Sarajevo.jpg?resize=732%2C1024&amp;ssl=1 732w, https:\/\/i0.wp.com\/historiografija.hr\/wp-content\/uploads\/2025\/11\/Promocija_Sarajevo.jpg?resize=214%2C300&amp;ssl=1 214w, https:\/\/i0.wp.com\/historiografija.hr\/wp-content\/uploads\/2025\/11\/Promocija_Sarajevo.jpg?resize=768%2C1075&amp;ssl=1 768w, https:\/\/i0.wp.com\/historiografija.hr\/wp-content\/uploads\/2025\/11\/Promocija_Sarajevo.jpg?resize=1097%2C1536&amp;ssl=1 1097w, https:\/\/i0.wp.com\/historiografija.hr\/wp-content\/uploads\/2025\/11\/Promocija_Sarajevo.jpg?w=1429&amp;ssl=1 1429w\" sizes=\"auto, (max-width: 732px) 100vw, 732px\" \/><\/figure>\n\n\n\n<hr class=\"wp-block-separator has-alpha-channel-opacity\"\/>\n\n\n\n<p>Prethodne obavijesti:<\/p>\n\n\n\n<figure class=\"wp-block-embed is-type-wp-embed is-provider-historiografija-hr wp-block-embed-historiografija-hr\"><div class=\"wp-block-embed__wrapper\">\n<blockquote class=\"wp-embedded-content\" data-secret=\"ggYFUCl3Vx\"><a href=\"https:\/\/historiografija.hr\/?p=48790\">Promocija zbornika radova &#8220;Nova istra\u017eivanja jugoslovenske pro\u0161losti: perspektive sa postjugoslovenskog prostora&#8221; u Zagrebu<\/a><\/blockquote><iframe loading=\"lazy\" class=\"wp-embedded-content\" sandbox=\"allow-scripts\" security=\"restricted\" style=\"position: absolute; visibility: hidden;\" title=\"&#8220;Promocija zbornika radova &#8220;Nova istra\u017eivanja jugoslovenske pro\u0161losti: perspektive sa postjugoslovenskog prostora&#8221; u Zagrebu&#8221; &#8212; Historiografija.hr\" src=\"https:\/\/historiografija.hr\/?p=48790&#038;embed=true#?secret=rEpksuH3Vv#?secret=ggYFUCl3Vx\" data-secret=\"ggYFUCl3Vx\" width=\"600\" height=\"338\" frameborder=\"0\" marginwidth=\"0\" marginheight=\"0\" scrolling=\"no\"><\/iframe>\n<\/div><\/figure>\n\n\n\n<figure class=\"wp-block-embed is-type-wp-embed is-provider-historiografija-hr wp-block-embed-historiografija-hr\"><div class=\"wp-block-embed__wrapper\">\n<blockquote class=\"wp-embedded-content\" data-secret=\"AUx11tUx4w\"><a href=\"https:\/\/historiografija.hr\/?p=48404\">Zbornik radova \u201eNova istra\u017eivanja jugoslovenske pro\u0161losti: perspektive sa postjugoslovenskog prostora\u201c<\/a><\/blockquote><iframe loading=\"lazy\" class=\"wp-embedded-content\" sandbox=\"allow-scripts\" security=\"restricted\" style=\"position: absolute; visibility: hidden;\" title=\"&#8220;Zbornik radova \u201eNova istra\u017eivanja jugoslovenske pro\u0161losti: perspektive sa postjugoslovenskog prostora\u201c&#8221; &#8212; Historiografija.hr\" src=\"https:\/\/historiografija.hr\/?p=48404&#038;embed=true#?secret=IaXZCkRsmr#?secret=AUx11tUx4w\" data-secret=\"AUx11tUx4w\" width=\"600\" height=\"338\" frameborder=\"0\" marginwidth=\"0\" marginheight=\"0\" scrolling=\"no\"><\/iframe>\n<\/div><\/figure>\n\n\n\n<hr class=\"wp-block-separator has-alpha-channel-opacity\"\/>\n","protected":false},"excerpt":{"rendered":"","protected":false},"author":2,"featured_media":49871,"comment_status":"open","ping_status":"open","sticky":false,"template":"","format":"standard","meta":{"_acf_changed":false,"jetpack_post_was_ever_published":false,"_jetpack_newsletter_access":"","_jetpack_dont_email_post_to_subs":false,"_jetpack_newsletter_tier_id":0,"_jetpack_memberships_contains_paywalled_content":false,"_jetpack_memberships_contains_paid_content":false,"footnotes":"","jetpack_publicize_message":"","jetpack_publicize_feature_enabled":true,"jetpack_social_post_already_shared":true,"jetpack_social_options":{"image_generator_settings":{"template":"highway","default_image_id":0,"font":"","enabled":false},"version":2}},"categories":[3],"tags":[],"class_list":["post-49870","post","type-post","status-publish","format-standard","has-post-thumbnail","hentry","category-novosti"],"acf":{"facebook_opis":""},"jetpack_publicize_connections":[],"jetpack_featured_media_url":"https:\/\/i0.wp.com\/historiografija.hr\/wp-content\/uploads\/2025\/11\/Promocija_Sarajevo.jpg?fit=1429%2C2000&ssl=1","jetpack_sharing_enabled":true,"jetpack-related-posts":[],"_links":{"self":[{"href":"https:\/\/historiografija.hr\/index.php?rest_route=\/wp\/v2\/posts\/49870","targetHints":{"allow":["GET"]}}],"collection":[{"href":"https:\/\/historiografija.hr\/index.php?rest_route=\/wp\/v2\/posts"}],"about":[{"href":"https:\/\/historiografija.hr\/index.php?rest_route=\/wp\/v2\/types\/post"}],"author":[{"embeddable":true,"href":"https:\/\/historiografija.hr\/index.php?rest_route=\/wp\/v2\/users\/2"}],"replies":[{"embeddable":true,"href":"https:\/\/historiografija.hr\/index.php?rest_route=%2Fwp%2Fv2%2Fcomments&post=49870"}],"version-history":[{"count":4,"href":"https:\/\/historiografija.hr\/index.php?rest_route=\/wp\/v2\/posts\/49870\/revisions"}],"predecessor-version":[{"id":49875,"href":"https:\/\/historiografija.hr\/index.php?rest_route=\/wp\/v2\/posts\/49870\/revisions\/49875"}],"wp:featuredmedia":[{"embeddable":true,"href":"https:\/\/historiografija.hr\/index.php?rest_route=\/wp\/v2\/media\/49871"}],"wp:attachment":[{"href":"https:\/\/historiografija.hr\/index.php?rest_route=%2Fwp%2Fv2%2Fmedia&parent=49870"}],"wp:term":[{"taxonomy":"category","embeddable":true,"href":"https:\/\/historiografija.hr\/index.php?rest_route=%2Fwp%2Fv2%2Fcategories&post=49870"},{"taxonomy":"post_tag","embeddable":true,"href":"https:\/\/historiografija.hr\/index.php?rest_route=%2Fwp%2Fv2%2Ftags&post=49870"}],"curies":[{"name":"wp","href":"https:\/\/api.w.org\/{rel}","templated":true}]}}