{"id":4985,"date":"2017-06-21T08:18:39","date_gmt":"2017-06-21T08:18:39","guid":{"rendered":"http:\/\/historiografija.hr\/?p=4985"},"modified":"2017-06-21T08:18:39","modified_gmt":"2017-06-21T08:18:39","slug":"portal-maz-hr-nikola-tomasegovic-revizionizmom-protiv-revizionizma-ili-o-aporijama-liberalne-kritike-revizionizma","status":"publish","type":"post","link":"https:\/\/historiografija.hr\/?p=4985","title":{"rendered":"Portal MAZ.hr: Nikola Toma\u0161egovi\u0107 \u2013 Revizionizmom protiv revizionizma ili o aporijama liberalne kritike revizionizma"},"content":{"rendered":"<p>\u201cOd &#8216;usta\u0161a i partizana&#8217; ne treba bje\u017eati, dapa\u010de, tu predstoji sna\u017ena borba za afirmaciju na\u0161e antifa\u0161isti\u010dke pro\u0161losti \/ Me\u0111utim, postoji cijelo jedno podru\u010dje mikrohistorija, povijesti svakodnevice, obiteljskih i osobnih povijesti, kao i dru\u0161tvene i ekonomske povijesti koje se sustavno pre\u0161u\u0107uju i ignoriraju jer ne podlije\u017eu lako manipulacijama ni desnice ni liberala\u201d.<\/p>\n<p>&nbsp;<\/p>\n<p>&#8212;<\/p>\n<p>&nbsp;<\/p>\n<p><strong>MAZ<\/strong><\/p>\n<p>&nbsp;<\/p>\n<p>16.06.2017.<\/p>\n<p>&nbsp;<\/p>\n<p>Nikola Toma\u0161egovi\u0107<\/p>\n<p>&nbsp;<\/p>\n<p><strong>Revizionizmom protiv revizionizma ili o aporijama liberalne kritike revizionizma<\/strong><\/p>\n<p>&nbsp;<\/p>\n<p>&nbsp;<\/p>\n<p><em>Polemike o revizionizmu \u010desto obilje\u017eava jedna konceptualna zbrka. Upravo je zato mogu\u0107e da s jedne strane kriti\u010dar revizionizma upozorava na opasnosti revizionisti\u010dke prakse, dok s druge strane njegov zagovaratelj isti\u010de nu\u017enost konstantne revizije za historijsku znanost te da obojica budu u odre\u0111enom smislu u pravu. To je zato \u0161to oni, svjesno ili nesvjesno, vje\u0161to ili nevje\u0161to govore o razli\u010ditim stvarima.<\/em><\/p>\n<p>&nbsp;<\/p>\n<p>&nbsp;<\/p>\n<p>Ako bismo \u017eeljeli biti doista terminolo\u0161ki pedantni, trebali bismo govoriti o dva tipa revizionizma. Onaj na koji se obi\u010dno misli kada se govori o revizionizmu odnosi se na revizionizam \u010dinjenica, a mo\u017ee ga se u njegovom ekstremnom obliku zvati i negacionizmom. Autori koji se bave takvom rabotom napadaju konsenzusom me\u0111u strukom i u dru\u0161tvu ustanovljene \u201c\u010dinjenice\u201d o pro\u0161losti, kao \u0161to su npr. poku\u0161aji da se umanje ili negiraju \u017ertve odre\u0111enih logora smrti za vrijeme okupacije i kolaboracije na ovim prostorima. S druge strane, onaj po\u017eeljni revizionizam je revizionizam interpretacija koji se smatra nu\u017enim i neophodnim sastavnim dijelom historijske znanosti.<\/p>\n<p>&nbsp;<\/p>\n<p>&nbsp;<\/p>\n<p>Iako se ova distinkcija mo\u017ee \u010diniti korisna u odre\u0111enim, posebice akademskim raspravama, moramo se zapitati glede njene odr\u017eivosti. Naime, svatko tko je barem malo zavirio u historiju znanosti svjestan je toga da su i same \u201c\u010dinjenice\u201d uvelike dru\u0161tveno uvjetovane te da \u010desto ne ovise niti se zasnivaju na njihovoj korespondenciji sa \u201cstvarno\u0161\u0107u\u201d. \u010cak i kad se ne bi prihvatilo ovo konstruktivisti\u010dko gledanje na \u010dinjenice, ostaje nepobitna historiografska praksa koja naprosto negira mogu\u0107nost cjelovitog sagledavanja svih \u201c\u010dinjenica\u201d pro\u0161losti. Ona je prekompleksna za potpunu rekonstrukciju te od istra\u017eiva\u010da zahtijeva selekciju \u201c\u010dinjenica\u201d na kojima \u0107e graditi svoju pri\u010du. Uostalom, zar se ne bi moglo re\u0107i da je i revizija \u201c\u010dinjenica\u201d nu\u017ean aspekt jedne znanstvene discipline?<\/p>\n<p>&nbsp;<\/p>\n<p>&nbsp;<\/p>\n<p>\u010cini se dakle da nam nikakva terminolo\u0161ka pedanterija niti metodolo\u0161ka diskusija ne mo\u017ee pru\u017eiti klju\u010d za razumijevanje fenomena revizionizma. Upravo je ovaj strukovni, gotovo cehovski na\u010din promi\u0161ljanja revizionizma karakteristi\u010dan za njegove liberalno-gra\u0111anske kriti\u010dare. Tu se, me\u0111utim, skriva jedan mo\u017eda nehoti\u010dni refleks vladaju\u0107e ideologije koja sebe uvijek \u017eeli prikazati kao prirodno i zdravorazumsko mi\u0161ljenje. U tom gnu\u0161aju\u0107em otklonu od revizionizma obi\u010dno se sadr\u017eajno nalazi ponovno jedna odre\u0111ena politika povijesti, jedna njena interpretacija i jedan ideolo\u0161ki zahtjev za mjesto hegemonijskog povijesnog narativa, naime onog liberalnog.<\/p>\n<p>&nbsp;<\/p>\n<p><em><strong>Cijeli tekst dostupan je na poveznici:<\/strong><\/em><\/p>\n<p>&nbsp;<\/p>\n<blockquote data-secret=\"uHY7ZjhboH\" class=\"wp-embedded-content\"><p><a href=\"http:\/\/www.maz.hr\/2017\/06\/16\/revizionizmom-protiv-revizionizma-ili-o-aporijama-liberalne-kritike-revizionizma\/\">Revizionizmom protiv revizionizma ili o aporijama liberalne kritike revizionizma<\/a><\/p><\/blockquote>\n<p><iframe loading=\"lazy\" class=\"wp-embedded-content\" sandbox=\"allow-scripts\" security=\"restricted\" style=\"position: absolute; clip: rect(1px, 1px, 1px, 1px);\" src=\"http:\/\/www.maz.hr\/2017\/06\/16\/revizionizmom-protiv-revizionizma-ili-o-aporijama-liberalne-kritike-revizionizma\/embed\/#?secret=uHY7ZjhboH\" data-secret=\"uHY7ZjhboH\" width=\"600\" height=\"338\" title=\"&#8220;Revizionizmom protiv revizionizma ili o aporijama liberalne kritike revizionizma&#8221; &#8212; MAZ\" frameborder=\"0\" marginwidth=\"0\" marginheight=\"0\" scrolling=\"no\"><\/iframe><\/p>\n","protected":false},"excerpt":{"rendered":"","protected":false},"author":2,"featured_media":4986,"comment_status":"open","ping_status":"open","sticky":false,"template":"","format":"standard","meta":{"_acf_changed":false,"jetpack_post_was_ever_published":false,"_jetpack_newsletter_access":"","_jetpack_dont_email_post_to_subs":false,"_jetpack_newsletter_tier_id":0,"_jetpack_memberships_contains_paywalled_content":false,"_jetpack_memberships_contains_paid_content":false,"footnotes":"","jetpack_publicize_message":"","jetpack_publicize_feature_enabled":true,"jetpack_social_post_already_shared":true,"jetpack_social_options":{"image_generator_settings":{"template":"highway","default_image_id":0,"font":"","enabled":false},"version":2}},"categories":[3],"tags":[],"class_list":["post-4985","post","type-post","status-publish","format-standard","has-post-thumbnail","hentry","category-novosti"],"acf":{"facebook_opis":""},"jetpack_publicize_connections":[],"jetpack_featured_media_url":"https:\/\/i0.wp.com\/historiografija.hr\/wp-content\/uploads\/2017\/06\/Miting-oslobodjenja-grada-i-zemlje-Zagreb-11-svibnja-1945.png?fit=828%2C625&ssl=1","jetpack_sharing_enabled":true,"jetpack-related-posts":[{"id":52502,"url":"https:\/\/historiografija.hr\/?p=52502","url_meta":{"origin":4985,"position":0},"title":"Novi znanstveni projekt Hrvatskog instituta za povijest: \u201c\u017drtve ratova i dr\u017eavnog\/politi\u010dkog nasilja u hrvatskoj povijesti 20. stolje\u0107a\u201d","author":"Branimir Jankovi\u0107","date":"17. travnja 2026.","format":false,"excerpt":"Na redovitoj sjednici Vlade RH, 16. travnja 2026., donijet je Zaklju\u010dak kojim se pokre\u0107e znanstveni projekt \u201c\u017drtve ratova i dr\u017eavnog\/politi\u010dkog nasilja u hrvatskoj povijesti 20. stolje\u0107a\u201d. Projekt \u0107e provoditi i koordinirati Hrvatski institut za povijest u razdoblju trajanja projekta od pet godina. Zakljucak Vlade RH Iz teksta projektnog prijedloga: Problematika\u2026","rel":"","context":"U &quot;Novosti&quot;","block_context":{"text":"Novosti","link":"https:\/\/historiografija.hr\/?cat=3"},"img":{"alt_text":"","src":"https:\/\/i0.wp.com\/historiografija.hr\/wp-content\/uploads\/2026\/04\/Vlada-RH.jpg?fit=1200%2C557&ssl=1&resize=350%2C200","width":350,"height":200,"srcset":"https:\/\/i0.wp.com\/historiografija.hr\/wp-content\/uploads\/2026\/04\/Vlada-RH.jpg?fit=1200%2C557&ssl=1&resize=350%2C200 1x, https:\/\/i0.wp.com\/historiografija.hr\/wp-content\/uploads\/2026\/04\/Vlada-RH.jpg?fit=1200%2C557&ssl=1&resize=525%2C300 1.5x, https:\/\/i0.wp.com\/historiografija.hr\/wp-content\/uploads\/2026\/04\/Vlada-RH.jpg?fit=1200%2C557&ssl=1&resize=700%2C400 2x, https:\/\/i0.wp.com\/historiografija.hr\/wp-content\/uploads\/2026\/04\/Vlada-RH.jpg?fit=1200%2C557&ssl=1&resize=1050%2C600 3x"},"classes":[]},{"id":52666,"url":"https:\/\/historiografija.hr\/?p=52666","url_meta":{"origin":4985,"position":1},"title":"Najava programa Festivala povijesti Kliofest (5-8. V. 2026)","author":"Branimir Jankovi\u0107","date":"24. travnja 2026.","format":false,"excerpt":"Po trinaesti put odr\u017eava se Festival povijesti Kliofest! Do petka \u0107emo odr\u017eati osam okruglih stolova i dva kolokvija te niz predstavljanja knjiga i projekata razli\u010dite tematike, od antike do suvremenosti. Bit \u0107e predstavljeno i nekoliko izlo\u017ebi te odr\u017ean jedan povijesni kviz. Prikazat \u0107emo i jedan film \u2013 o generalu Boroevi\u0107u.\u2026","rel":"","context":"U &quot;Novosti&quot;","block_context":{"text":"Novosti","link":"https:\/\/historiografija.hr\/?cat=3"},"img":{"alt_text":"","src":"https:\/\/i0.wp.com\/historiografija.hr\/wp-content\/uploads\/2026\/04\/Kliofest-2026.jpg?fit=526%2C526&ssl=1&resize=350%2C200","width":350,"height":200,"srcset":"https:\/\/i0.wp.com\/historiografija.hr\/wp-content\/uploads\/2026\/04\/Kliofest-2026.jpg?fit=526%2C526&ssl=1&resize=350%2C200 1x, https:\/\/i0.wp.com\/historiografija.hr\/wp-content\/uploads\/2026\/04\/Kliofest-2026.jpg?fit=526%2C526&ssl=1&resize=525%2C300 1.5x"},"classes":[]},{"id":52508,"url":"https:\/\/historiografija.hr\/?p=52508","url_meta":{"origin":4985,"position":2},"title":"Glazbena radionica \u201eDUGMETARA REVISITED\u201c","author":"Branimir Jankovi\u0107","date":"17. travnja 2026.","format":false,"excerpt":"DUGMETARA REVISITED glazbena radionica vodi: Ana Horvat 13., 20. i 27. travnja, od 18 do 20 sati Radiona, Nova cesta 186 Na tri radioni\u010dka susreta uranjamo u naslje\u0111e Dugmetare, biv\u0161e tvornice dugmadi na Savskoj cesti koja je po\u010detkom 2000-ih igrom slu\u010daja postala \u017eivo, jedinstveno mjesto glazbene proizvodnje. Svoje su probe\u2026","rel":"","context":"U &quot;Novosti&quot;","block_context":{"text":"Novosti","link":"https:\/\/historiografija.hr\/?cat=3"},"img":{"alt_text":"","src":"https:\/\/i0.wp.com\/historiografija.hr\/wp-content\/uploads\/2026\/04\/TRESNJA_TRESTI.jpg?fit=380%2C475&ssl=1&resize=350%2C200","width":350,"height":200},"classes":[]},{"id":52646,"url":"https:\/\/historiografija.hr\/?p=52646","url_meta":{"origin":4985,"position":3},"title":"5. MALI FESTIVAL POVIJESTI U LASTOVU","author":"Branimir Jankovi\u0107","date":"24. travnja 2026.","format":false,"excerpt":"Peti Mali festival povijesti odr\u017eava se od 25. do 27. travnja 2026. na Lastovu, u suradnji Zavoda za povijesne znanosti HAZU u Dubrovniku, Op\u0107ine Lastovo i Turisti\u010dke zajednice te uz potporu Dubrova\u010dko-neretvanske \u017eupanije. Predavanja: Dr. sc. Jasna \u010capo \u201eKu\u0107a kao zalog budu\u0107nosti i most izme\u0111u iseljenika i domovine\u201c Dr. sc.\u2026","rel":"","context":"U &quot;Novosti&quot;","block_context":{"text":"Novosti","link":"https:\/\/historiografija.hr\/?cat=3"},"img":{"alt_text":"","src":"https:\/\/i0.wp.com\/historiografija.hr\/wp-content\/uploads\/2026\/04\/Lastovo.jpg?fit=1200%2C700&ssl=1&resize=350%2C200","width":350,"height":200,"srcset":"https:\/\/i0.wp.com\/historiografija.hr\/wp-content\/uploads\/2026\/04\/Lastovo.jpg?fit=1200%2C700&ssl=1&resize=350%2C200 1x, https:\/\/i0.wp.com\/historiografija.hr\/wp-content\/uploads\/2026\/04\/Lastovo.jpg?fit=1200%2C700&ssl=1&resize=525%2C300 1.5x, https:\/\/i0.wp.com\/historiografija.hr\/wp-content\/uploads\/2026\/04\/Lastovo.jpg?fit=1200%2C700&ssl=1&resize=700%2C400 2x, https:\/\/i0.wp.com\/historiografija.hr\/wp-content\/uploads\/2026\/04\/Lastovo.jpg?fit=1200%2C700&ssl=1&resize=1050%2C600 3x"},"classes":[]},{"id":52654,"url":"https:\/\/historiografija.hr\/?p=52654","url_meta":{"origin":4985,"position":4},"title":"Gostuju\u0107e predavanje &#8211; Danijel D\u017eino \u201eKasnoanti\u010dke i ranosrednjovjekovne gra\u0111evine u Brezi: Spomenici nepotpune biografije\u201c","author":"Branimir Jankovi\u0107","date":"24. travnja 2026.","format":false,"excerpt":"Doktorski studij predmoderne povijesti poziva na predavanje \"Kasnoanti\u010dke i ranosrednjovjekovne gra\u0111evine u Brezi: Spomenici nepotpune biografije\u201d koje \u0107e odr\u017eati profesor Danijel D\u017eino sa Sveu\u010dili\u0161ta Macquarie u Sydneyu u\u00a0utorak 28. travnja 2026. u 17h u Konferencijskoj dvorani Knji\u017enice Filozofskog fakulteta u Zagrebu. Predavanje \u0107e predo\u010diti nova saznanja dobivena kroz arhivsko-dokumentarna istra\u017eivanja\u2026","rel":"","context":"U &quot;Novosti&quot;","block_context":{"text":"Novosti","link":"https:\/\/historiografija.hr\/?cat=3"},"img":{"alt_text":"","src":"https:\/\/i0.wp.com\/historiografija.hr\/wp-content\/uploads\/2026\/04\/Dzino.jpg?fit=980%2C819&ssl=1&resize=350%2C200","width":350,"height":200,"srcset":"https:\/\/i0.wp.com\/historiografija.hr\/wp-content\/uploads\/2026\/04\/Dzino.jpg?fit=980%2C819&ssl=1&resize=350%2C200 1x, https:\/\/i0.wp.com\/historiografija.hr\/wp-content\/uploads\/2026\/04\/Dzino.jpg?fit=980%2C819&ssl=1&resize=525%2C300 1.5x, https:\/\/i0.wp.com\/historiografija.hr\/wp-content\/uploads\/2026\/04\/Dzino.jpg?fit=980%2C819&ssl=1&resize=700%2C400 2x"},"classes":[]},{"id":52660,"url":"https:\/\/historiografija.hr\/?p=52660","url_meta":{"origin":4985,"position":5},"title":"Medijski odjeci \u010dlanka Steve \u0110ura\u0161kovi\u0107a \u201e\u017dupanovljeva ne\u017eeljena djeca: ideolo\u0161ko pribli\u017eavanje neoliberala i kr\u0161\u0107anske radikalne desnice u Hrvatskoj\u201c","author":"Branimir Jankovi\u0107","date":"24. travnja 2026.","format":false,"excerpt":"U sklopu projekta \u201eIzazovi intelektualne povijesti: recepcije, preobrazbe i upotrebe politi\u010dkih ideja\u201c objavljen je polemi\u010dki \u010dlanak Steve \u0110ura\u0161kovi\u0107a \u201e\u017dupanovljeva ne\u017eeljena djeca: ideolo\u0161ko pribli\u017eavanje neoliberala i kr\u0161\u0107anske radikalne desnice u Hrvatskoj\u201c, koji je izazvao odre\u0111ene medijske reakcije. Stevo \u0110ura\u0161kovi\u0107 \u017dupanovljeva ne\u017eeljena djeca: ideolo\u0161ko pribli\u017eavanje neoliberala i kr\u0161\u0107anske radikalne desnice u Hrvatskoj\u2026","rel":"","context":"U &quot;Novosti&quot;","block_context":{"text":"Novosti","link":"https:\/\/historiografija.hr\/?cat=3"},"img":{"alt_text":"","src":"https:\/\/i0.wp.com\/historiografija.hr\/wp-content\/uploads\/2026\/04\/SD.png?fit=809%2C821&ssl=1&resize=350%2C200","width":350,"height":200,"srcset":"https:\/\/i0.wp.com\/historiografija.hr\/wp-content\/uploads\/2026\/04\/SD.png?fit=809%2C821&ssl=1&resize=350%2C200 1x, https:\/\/i0.wp.com\/historiografija.hr\/wp-content\/uploads\/2026\/04\/SD.png?fit=809%2C821&ssl=1&resize=525%2C300 1.5x, https:\/\/i0.wp.com\/historiografija.hr\/wp-content\/uploads\/2026\/04\/SD.png?fit=809%2C821&ssl=1&resize=700%2C400 2x"},"classes":[]}],"_links":{"self":[{"href":"https:\/\/historiografija.hr\/index.php?rest_route=\/wp\/v2\/posts\/4985","targetHints":{"allow":["GET"]}}],"collection":[{"href":"https:\/\/historiografija.hr\/index.php?rest_route=\/wp\/v2\/posts"}],"about":[{"href":"https:\/\/historiografija.hr\/index.php?rest_route=\/wp\/v2\/types\/post"}],"author":[{"embeddable":true,"href":"https:\/\/historiografija.hr\/index.php?rest_route=\/wp\/v2\/users\/2"}],"replies":[{"embeddable":true,"href":"https:\/\/historiografija.hr\/index.php?rest_route=%2Fwp%2Fv2%2Fcomments&post=4985"}],"version-history":[{"count":1,"href":"https:\/\/historiografija.hr\/index.php?rest_route=\/wp\/v2\/posts\/4985\/revisions"}],"predecessor-version":[{"id":4987,"href":"https:\/\/historiografija.hr\/index.php?rest_route=\/wp\/v2\/posts\/4985\/revisions\/4987"}],"wp:featuredmedia":[{"embeddable":true,"href":"https:\/\/historiografija.hr\/index.php?rest_route=\/wp\/v2\/media\/4986"}],"wp:attachment":[{"href":"https:\/\/historiografija.hr\/index.php?rest_route=%2Fwp%2Fv2%2Fmedia&parent=4985"}],"wp:term":[{"taxonomy":"category","embeddable":true,"href":"https:\/\/historiografija.hr\/index.php?rest_route=%2Fwp%2Fv2%2Fcategories&post=4985"},{"taxonomy":"post_tag","embeddable":true,"href":"https:\/\/historiografija.hr\/index.php?rest_route=%2Fwp%2Fv2%2Ftags&post=4985"}],"curies":[{"name":"wp","href":"https:\/\/api.w.org\/{rel}","templated":true}]}}