{"id":49845,"date":"2025-11-24T23:15:43","date_gmt":"2025-11-24T23:15:43","guid":{"rendered":"https:\/\/historiografija.hr\/?p=49845"},"modified":"2025-11-24T23:16:09","modified_gmt":"2025-11-24T23:16:09","slug":"jean-paul-bled-marija-terezija","status":"publish","type":"post","link":"https:\/\/historiografija.hr\/?p=49845","title":{"rendered":"Jean-Paul Bled, \u201eMarija Terezija\u201c"},"content":{"rendered":"\n<p>S francuskog preveo Veljko Stani\u0107<\/p>\n\n\n\n<hr class=\"wp-block-separator has-alpha-channel-opacity\"\/>\n\n\n\n<p>Knjiga o <em>Mariji Tereziji<\/em>, delo istori\u010dara \u017dan-Pol Bleda, osvetljava \u017eivot i vladavinu jedne od najzna\u010dajnijih evropskih monarhinja. Prikazuje njenu snagu, politi\u010dku mudrost i li\u010dnu posve\u0107enost dr\u017eavi, porodici i podanicima. Kroz portret \u017eene koja je bila i vladarka i majka, Bled do\u010darava kako je Marija Terezija, uprkos ratovima i izazovima, postavila temelje moderne Austrije i u\u010dvrstila autoritet Habzbur\u0161ke monarhije.<\/p>\n\n\n\n<hr class=\"wp-block-separator has-alpha-channel-opacity\"\/>\n\n\n\n<p>Izdava\u010d: NNK international, Beograd<\/p>\n\n\n\n<p>Godina izdanja: 2025.<\/p>\n\n\n\n<p>Pismo: \u0106irilica<\/p>\n\n\n\n<p>Broj strana: 516<\/p>\n\n\n\n<hr class=\"wp-block-separator has-alpha-channel-opacity\"\/>\n\n\n\n<figure class=\"wp-block-image size-full\"><img data-recalc-dims=\"1\" loading=\"lazy\" decoding=\"async\" width=\"400\" height=\"555\" data-attachment-id=\"49846\" data-permalink=\"https:\/\/historiografija.hr\/?attachment_id=49846\" data-orig-file=\"https:\/\/i0.wp.com\/historiografija.hr\/wp-content\/uploads\/2025\/11\/Terezija.png?fit=400%2C555&amp;ssl=1\" data-orig-size=\"400,555\" data-comments-opened=\"1\" data-image-meta=\"{&quot;aperture&quot;:&quot;0&quot;,&quot;credit&quot;:&quot;&quot;,&quot;camera&quot;:&quot;&quot;,&quot;caption&quot;:&quot;&quot;,&quot;created_timestamp&quot;:&quot;0&quot;,&quot;copyright&quot;:&quot;&quot;,&quot;focal_length&quot;:&quot;0&quot;,&quot;iso&quot;:&quot;0&quot;,&quot;shutter_speed&quot;:&quot;0&quot;,&quot;title&quot;:&quot;&quot;,&quot;orientation&quot;:&quot;0&quot;}\" data-image-title=\"Terezija\" data-image-description=\"\" data-image-caption=\"\" data-large-file=\"https:\/\/i0.wp.com\/historiografija.hr\/wp-content\/uploads\/2025\/11\/Terezija.png?fit=400%2C555&amp;ssl=1\" src=\"https:\/\/i0.wp.com\/historiografija.hr\/wp-content\/uploads\/2025\/11\/Terezija.png?resize=400%2C555&#038;ssl=1\" alt=\"\" class=\"wp-image-49846\" srcset=\"https:\/\/i0.wp.com\/historiografija.hr\/wp-content\/uploads\/2025\/11\/Terezija.png?w=400&amp;ssl=1 400w, https:\/\/i0.wp.com\/historiografija.hr\/wp-content\/uploads\/2025\/11\/Terezija.png?resize=216%2C300&amp;ssl=1 216w\" sizes=\"auto, (max-width: 400px) 100vw, 400px\" \/><\/figure>\n\n\n\n<hr class=\"wp-block-separator has-alpha-channel-opacity\"\/>\n\n\n\n<p>Izvor:<\/p>\n\n\n\n<p><a href=\"https:\/\/delfi.rs\/knjige\/241453-marija-terezija-knjiga-delfi-knjizare.html\">https:\/\/delfi.rs\/knjige\/241453-marija-terezija-knjiga-delfi-knjizare.html<\/a><\/p>\n\n\n\n<hr class=\"wp-block-separator has-alpha-channel-opacity\"\/>\n","protected":false},"excerpt":{"rendered":"","protected":false},"author":2,"featured_media":49846,"comment_status":"open","ping_status":"open","sticky":false,"template":"","format":"standard","meta":{"_acf_changed":false,"jetpack_post_was_ever_published":false,"_jetpack_newsletter_access":"","_jetpack_dont_email_post_to_subs":false,"_jetpack_newsletter_tier_id":0,"_jetpack_memberships_contains_paywalled_content":false,"_jetpack_memberships_contains_paid_content":false,"footnotes":"","jetpack_publicize_message":"","jetpack_publicize_feature_enabled":true,"jetpack_social_post_already_shared":true,"jetpack_social_options":{"image_generator_settings":{"template":"highway","default_image_id":0,"font":"","enabled":false},"version":2}},"categories":[8,3],"tags":[],"class_list":["post-49845","post","type-post","status-publish","format-standard","has-post-thumbnail","hentry","category-knjige","category-novosti"],"acf":{"facebook_opis":""},"jetpack_publicize_connections":[],"jetpack_featured_media_url":"https:\/\/i0.wp.com\/historiografija.hr\/wp-content\/uploads\/2025\/11\/Terezija.png?fit=400%2C555&ssl=1","jetpack_sharing_enabled":true,"jetpack-related-posts":[],"_links":{"self":[{"href":"https:\/\/historiografija.hr\/index.php?rest_route=\/wp\/v2\/posts\/49845","targetHints":{"allow":["GET"]}}],"collection":[{"href":"https:\/\/historiografija.hr\/index.php?rest_route=\/wp\/v2\/posts"}],"about":[{"href":"https:\/\/historiografija.hr\/index.php?rest_route=\/wp\/v2\/types\/post"}],"author":[{"embeddable":true,"href":"https:\/\/historiografija.hr\/index.php?rest_route=\/wp\/v2\/users\/2"}],"replies":[{"embeddable":true,"href":"https:\/\/historiografija.hr\/index.php?rest_route=%2Fwp%2Fv2%2Fcomments&post=49845"}],"version-history":[{"count":2,"href":"https:\/\/historiografija.hr\/index.php?rest_route=\/wp\/v2\/posts\/49845\/revisions"}],"predecessor-version":[{"id":49848,"href":"https:\/\/historiografija.hr\/index.php?rest_route=\/wp\/v2\/posts\/49845\/revisions\/49848"}],"wp:featuredmedia":[{"embeddable":true,"href":"https:\/\/historiografija.hr\/index.php?rest_route=\/wp\/v2\/media\/49846"}],"wp:attachment":[{"href":"https:\/\/historiografija.hr\/index.php?rest_route=%2Fwp%2Fv2%2Fmedia&parent=49845"}],"wp:term":[{"taxonomy":"category","embeddable":true,"href":"https:\/\/historiografija.hr\/index.php?rest_route=%2Fwp%2Fv2%2Fcategories&post=49845"},{"taxonomy":"post_tag","embeddable":true,"href":"https:\/\/historiografija.hr\/index.php?rest_route=%2Fwp%2Fv2%2Ftags&post=49845"}],"curies":[{"name":"wp","href":"https:\/\/api.w.org\/{rel}","templated":true}]}}