{"id":49837,"date":"2025-11-24T22:53:46","date_gmt":"2025-11-24T22:53:46","guid":{"rendered":"https:\/\/historiografija.hr\/?p=49837"},"modified":"2025-11-24T22:53:46","modified_gmt":"2025-11-24T22:53:46","slug":"prva-istrazivacka-radionica-sto-je-prosvjetiteljstvo-u-sklopu-projekta-izmedu-znanja-i-neznanja-ideje-prakse-i-nasljede-prosvjetiteljstva-u-hrvatskim-zemljama","status":"publish","type":"post","link":"https:\/\/historiografija.hr\/?p=49837","title":{"rendered":"Prva istra\u017eiva\u010dka radionica \u201e\u0160to je prosvjetiteljstvo?\u201c u sklopu projekta \u201cIzme\u0111u znanja i neznanja: ideje, prakse i naslje\u0111e prosvjetiteljstva u hrvatskim zemljama\u201d"},"content":{"rendered":"\n<p>\u010cast nam je i zadovoljstvo pozvati vas na prvu istra\u017eiva\u010dku radionicu u sklopu projekta \u201cIzme\u0111u znanja i neznanja: ideje, prakse i naslje\u0111e prosvjetiteljstva u hrvatskim zemljama\u201d (LIGHT).<\/p>\n\n\n\n<p>Radionica naslova \u0160to je prosvjetiteljstvo? odr\u017eat \u0107e se u <strong>Multimedijalnoj dvorani Instituta Ivo Pilar u Zagrebu u petak, 28. studenog, s po\u010detkom u 9 sati<\/strong>. Uz suradnike na projektu, na radionici \u0107e sudjelovati i uva\u017eeni predava\u010di iz inozemstva, profesor emeritus John Robertson (Sveu\u010dili\u0161te u Cambridgeu) i profesor L\u00e1szl\u00f3 Kontler (Srednjoeuropsko sveu\u010dili\u0161te u Be\u010du).<\/p>\n\n\n\n<p>Cilj je predstaviti rezultate prve godine istra\u017eivanja i u razgovoru do\u0107i do novih saznanja o naravi prosvjetiteljstva na hrvatskom povijesnom prostoru.<\/p>\n\n\n\n<p>Zbog gostovanja stru\u010dnjaka iz inozemstva, jezik radionice bit \u0107e engleski, a izlaganja \u0107e se prenositi u\u017eivo putem slu\u017ebene Youtube stranice Hrvatskog instituta za povijest (<a href=\"https:\/\/www.youtube.com\/@HIPZagreb\/streams\">https:\/\/www.youtube.com\/@HIPZagreb\/streams<\/a>).<\/p>\n\n\n\n<p>Veselimo se va\u0161em dolasku!<\/p>\n\n\n\n<p><a href=\"https:\/\/www.hipzg.hr\/wp-content\/uploads\/2025\/11\/LIGHT_deplijan.pdf\">DEPLIJAN<\/a><\/p>\n\n\n\n<p><a href=\"https:\/\/www.hipzg.hr\/wp-content\/uploads\/2025\/11\/LIGHT_knjizica-sazetaka.pdf\">KNJI\u017dICA SA\u017dETAKA<\/a><\/p>\n\n\n\n<hr class=\"wp-block-separator has-alpha-channel-opacity\"\/>\n\n\n\n<p>Izvori:<\/p>\n\n\n\n<figure class=\"wp-block-embed is-type-wp-embed is-provider-hipzg wp-block-embed-hipzg\"><div class=\"wp-block-embed__wrapper\">\n<blockquote class=\"wp-embedded-content\" data-secret=\"5EBuxsCueO\"><a href=\"https:\/\/www.hipzg.hr\/28-studenog-s-pocetkom-u-9-sati-prvu-istrazivacku-radionicu-u-sklopu-projekta-izmedu-znanja-i-neznanja-ideje-prakse-i-nasljede-prosvjetiteljstva-u-hrvatskim-zemljama-light\/\">28. studenog 2025., s po\u010detkom u 9 sati prva istra\u017eiva\u010dka radionica pod nazivom \u0160to je prosvjetiteljstvo?, u sklopu projekta &#8220;Izme\u0111u znanja i neznanja:\u00a0ideje, prakse i naslje\u0111e prosvjetiteljstva u hrvatskim zemljama&#8221; (LIGHT).<\/a><\/blockquote><iframe loading=\"lazy\" class=\"wp-embedded-content\" sandbox=\"allow-scripts\" security=\"restricted\" style=\"position: absolute; visibility: hidden;\" title=\"&#8220;28. studenog 2025., s po\u010detkom u 9 sati prva istra\u017eiva\u010dka radionica pod nazivom \u0160to je prosvjetiteljstvo?, u sklopu projekta &#8220;Izme\u0111u znanja i neznanja:\u00a0ideje, prakse i naslje\u0111e prosvjetiteljstva u hrvatskim zemljama&#8221; (LIGHT).&#8221; &#8212; HIPZG\" src=\"https:\/\/www.hipzg.hr\/28-studenog-s-pocetkom-u-9-sati-prvu-istrazivacku-radionicu-u-sklopu-projekta-izmedu-znanja-i-neznanja-ideje-prakse-i-nasljede-prosvjetiteljstva-u-hrvatskim-zemljama-light\/embed\/#?secret=JwcqjkIWYK#?secret=5EBuxsCueO\" data-secret=\"5EBuxsCueO\" width=\"600\" height=\"338\" frameborder=\"0\" marginwidth=\"0\" marginheight=\"0\" scrolling=\"no\"><\/iframe>\n<\/div><\/figure>\n\n\n\n<figure class=\"wp-block-embed is-type-wp-embed is-provider-hrzz-projekt-light wp-block-embed-hrzz-projekt-light\"><div class=\"wp-block-embed__wrapper\">\n<blockquote class=\"wp-embedded-content\" data-secret=\"7ictDD9YWc\"><a href=\"https:\/\/light.hipzg.hr\/2025\/11\/19\/poziv-na-prvu-istrazivacku-radionicu\/\">Poziv na prvu istra\u017eiva\u010dku radionicu &#8220;\u0160to je prosvjetiteljstvo?&#8221;<\/a><\/blockquote><iframe loading=\"lazy\" class=\"wp-embedded-content\" sandbox=\"allow-scripts\" security=\"restricted\" style=\"position: absolute; visibility: hidden;\" title=\"&#8220;Poziv na prvu istra\u017eiva\u010dku radionicu &#8220;\u0160to je prosvjetiteljstvo?&#8221;&#8221; &#8212; HRZZ projekt LIGHT\" src=\"https:\/\/light.hipzg.hr\/2025\/11\/19\/poziv-na-prvu-istrazivacku-radionicu\/embed\/#?secret=QMglXfPsrF#?secret=7ictDD9YWc\" data-secret=\"7ictDD9YWc\" width=\"600\" height=\"338\" frameborder=\"0\" marginwidth=\"0\" marginheight=\"0\" scrolling=\"no\"><\/iframe>\n<\/div><\/figure>\n\n\n\n<hr class=\"wp-block-separator has-alpha-channel-opacity\"\/>\n","protected":false},"excerpt":{"rendered":"","protected":false},"author":2,"featured_media":49838,"comment_status":"open","ping_status":"open","sticky":false,"template":"","format":"standard","meta":{"_acf_changed":false,"jetpack_post_was_ever_published":false,"_jetpack_newsletter_access":"","_jetpack_dont_email_post_to_subs":false,"_jetpack_newsletter_tier_id":0,"_jetpack_memberships_contains_paywalled_content":false,"_jetpack_memberships_contains_paid_content":false,"footnotes":"","jetpack_publicize_message":"","jetpack_publicize_feature_enabled":true,"jetpack_social_post_already_shared":true,"jetpack_social_options":{"image_generator_settings":{"template":"highway","default_image_id":0,"font":"","enabled":false},"version":2}},"categories":[3,9],"tags":[],"class_list":["post-49837","post","type-post","status-publish","format-standard","has-post-thumbnail","hentry","category-novosti","category-skupovi"],"acf":{"facebook_opis":""},"jetpack_publicize_connections":[],"jetpack_featured_media_url":"https:\/\/i0.wp.com\/historiografija.hr\/wp-content\/uploads\/2025\/11\/Pozivnica-prosvjetiteljstvo.jpg?fit=1024%2C577&ssl=1","jetpack_sharing_enabled":true,"jetpack-related-posts":[],"_links":{"self":[{"href":"https:\/\/historiografija.hr\/index.php?rest_route=\/wp\/v2\/posts\/49837","targetHints":{"allow":["GET"]}}],"collection":[{"href":"https:\/\/historiografija.hr\/index.php?rest_route=\/wp\/v2\/posts"}],"about":[{"href":"https:\/\/historiografija.hr\/index.php?rest_route=\/wp\/v2\/types\/post"}],"author":[{"embeddable":true,"href":"https:\/\/historiografija.hr\/index.php?rest_route=\/wp\/v2\/users\/2"}],"replies":[{"embeddable":true,"href":"https:\/\/historiografija.hr\/index.php?rest_route=%2Fwp%2Fv2%2Fcomments&post=49837"}],"version-history":[{"count":1,"href":"https:\/\/historiografija.hr\/index.php?rest_route=\/wp\/v2\/posts\/49837\/revisions"}],"predecessor-version":[{"id":49839,"href":"https:\/\/historiografija.hr\/index.php?rest_route=\/wp\/v2\/posts\/49837\/revisions\/49839"}],"wp:featuredmedia":[{"embeddable":true,"href":"https:\/\/historiografija.hr\/index.php?rest_route=\/wp\/v2\/media\/49838"}],"wp:attachment":[{"href":"https:\/\/historiografija.hr\/index.php?rest_route=%2Fwp%2Fv2%2Fmedia&parent=49837"}],"wp:term":[{"taxonomy":"category","embeddable":true,"href":"https:\/\/historiografija.hr\/index.php?rest_route=%2Fwp%2Fv2%2Fcategories&post=49837"},{"taxonomy":"post_tag","embeddable":true,"href":"https:\/\/historiografija.hr\/index.php?rest_route=%2Fwp%2Fv2%2Ftags&post=49837"}],"curies":[{"name":"wp","href":"https:\/\/api.w.org\/{rel}","templated":true}]}}