{"id":49834,"date":"2025-11-24T22:41:06","date_gmt":"2025-11-24T22:41:06","guid":{"rendered":"https:\/\/historiografija.hr\/?p=49834"},"modified":"2025-11-24T22:41:06","modified_gmt":"2025-11-24T22:41:06","slug":"knjiga-historia-antica-e-moderna-sacra-e-profana-della-citta-di-trieste-vracena-u-nsk","status":"publish","type":"post","link":"https:\/\/historiografija.hr\/?p=49834","title":{"rendered":"Knjiga \u201eHistoria antica e moderna, sacra e profana della citt\u00e0 di Trieste\u201c vra\u0107ena u NSK"},"content":{"rendered":"\n<p>Povijesno djelo <em>Historia antica e moderna, sacra e profana della citt\u00e0 di Trieste<\/em> karmeli\u0107anskog redovnika Irenea della Crocea (Giovanni Maria Manarutti) nastalo krajem 17. stolje\u0107a vra\u0107eno je u Nacionalnu i sveu\u010dili\u0161nu knji\u017enicu nakon \u0161to je tijekom velike kra\u0111e 1980-ih godina bilo otu\u0111eno iz njezina fonda.<\/p>\n\n\n\n<p>Knjigu je glavnoj ravnateljici NSK prof. dr. sc. Ivanki Stri\u010devi\u0107 predao hrvatski veleposlanik u Italiji Jasen Mesi\u0107 tijekom odr\u017eavanja konferencije <em>Giornata Internazionale contro il traffico illecito di beni culturali<\/em> u povodu Me\u0111unarodnoga dana borbe protiv ilegalne trgovine kulturnim dobrima u organizaciji Kluba UNESCO u Goriziji. \u201e<em>Historia antica e moderna, sacra e profana della citt\u00e0 di Trieste<\/em> napokon se vra\u0107a ku\u0107i\u201d, izjavila je glavna ravnateljica NSK prof. dr. sc. Ivanka Stri\u010devi\u0107 prilikom sve\u010danoga preuzimanja knjige, izraziv\u0161i i zahvalnost nadle\u017enim ustanovama na predanom radu na povratu otu\u0111enih knjiga.<\/p>\n\n\n\n<p>Manaruttijevo povijesno djelo sastoji se od osam poglavlja u kojima autor obra\u0111uje najstariju povijest Trsta do 1100. godine. U pojedinim poglavljima bavi se i povije\u0161\u0107u Istarskoga poluotoka, zbog \u010dega knjiga predstavlja vrijedan izvor i za hrvatsku povijest. Opremljena je ilustracijama, a na jednoj od uvodnih stranica nalazi se i portret Josipa I. (rimsko-njema\u010dki car, ugarsko-hrvatski, \u010de\u0161ki kralj). Da je djelo izvorno bilo dio fonda Nacionalne i sveu\u010dili\u0161ne knji\u017enice u Zagrebu potvr\u0111uje sa\u010duvana dokumentacija.<\/p>\n\n\n\n<p>Povratak ovoga knji\u017enog blaga rezultat je dugogodi\u0161nje uspje\u0161ne suradnje NSK s Ministarstvom kulture i medija Republike Hrvatske, Ministarstvom unutarnjih poslova, Ministarstvom vanjskih i europskih poslova te Veleposlanstvom Republike Hrvatske u Italiji.<\/p>\n\n\n\n<p>Podsje\u0107amo da su od 2019. do 2025. godine NSK vra\u0107ena jo\u0161 tri otu\u0111ena djela. <em>Selenographia sive Lunae descriptio atque accurata tam macularum eius, quam motuum diversorum\u2026 delineati objavljena 1647. godine u Gdanjsku, <\/em>&nbsp;\u010diji je autor poljski astronom Jan Heweliusz (lat. Johannes Hevelius), vra\u0107ena je Knji\u017enici 2019. godine. Godinu kasnije vra\u0107eno je djelo o magiji<em> Trinum magicum sive Secretorum magicorum \u2026 opus<\/em> Caesara Longinusa, objavljeno 1614. u Frankfurtu, a 2022. godine vra\u0107en je i <em>Dizionario geografico portatile, <\/em>djelo\u0161vicarskog geografa i kartografa Isaaka Broucknera objavljeno u Veneciji 1761. godine.<\/p>\n\n\n\n<hr class=\"wp-block-separator has-alpha-channel-opacity\"\/>\n\n\n\n<p>Izvor:<\/p>\n\n\n\n<figure class=\"wp-block-embed is-type-wp-embed is-provider-nacionalna-i-sveu-ili-na-knji-nica-u-zagrebu wp-block-embed-nacionalna-i-sveu-ili-na-knji-nica-u-zagrebu\"><div class=\"wp-block-embed__wrapper\">\n<blockquote class=\"wp-embedded-content\" data-secret=\"40pgazCrHA\"><a href=\"https:\/\/nsk.hr\/vijesti\/nsk-vraceno-jos-jedno-vrijedno-knjizno-blago\/\">NSK vra\u0107eno jo\u0161 jedno vrijedno knji\u017eno blago<\/a><\/blockquote><iframe loading=\"lazy\" class=\"wp-embedded-content\" sandbox=\"allow-scripts\" security=\"restricted\" style=\"position: absolute; visibility: hidden;\" title=\"&#8220;NSK vra\u0107eno jo\u0161 jedno vrijedno knji\u017eno blago&#8221; &#8212; Nacionalna i sveu\u010dili\u0161na knji\u017enica u Zagrebu\" src=\"https:\/\/nsk.hr\/vijesti\/nsk-vraceno-jos-jedno-vrijedno-knjizno-blago\/embed\/#?secret=o16qr9amCr#?secret=40pgazCrHA\" data-secret=\"40pgazCrHA\" width=\"600\" height=\"338\" frameborder=\"0\" marginwidth=\"0\" marginheight=\"0\" scrolling=\"no\"><\/iframe>\n<\/div><\/figure>\n\n\n\n<hr class=\"wp-block-separator has-alpha-channel-opacity\"\/>\n","protected":false},"excerpt":{"rendered":"","protected":false},"author":2,"featured_media":49835,"comment_status":"open","ping_status":"open","sticky":false,"template":"","format":"standard","meta":{"_acf_changed":false,"jetpack_post_was_ever_published":false,"_jetpack_newsletter_access":"","_jetpack_dont_email_post_to_subs":false,"_jetpack_newsletter_tier_id":0,"_jetpack_memberships_contains_paywalled_content":false,"_jetpack_memberships_contains_paid_content":false,"footnotes":"","jetpack_publicize_message":"","jetpack_publicize_feature_enabled":true,"jetpack_social_post_already_shared":true,"jetpack_social_options":{"image_generator_settings":{"template":"highway","default_image_id":0,"font":"","enabled":false},"version":2}},"categories":[3],"tags":[],"class_list":["post-49834","post","type-post","status-publish","format-standard","has-post-thumbnail","hentry","category-novosti"],"acf":{"facebook_opis":""},"jetpack_publicize_connections":[],"jetpack_featured_media_url":"https:\/\/i0.wp.com\/historiografija.hr\/wp-content\/uploads\/2025\/11\/Historia.jpg?fit=1465%2C1080&ssl=1","jetpack_sharing_enabled":true,"jetpack-related-posts":[],"_links":{"self":[{"href":"https:\/\/historiografija.hr\/index.php?rest_route=\/wp\/v2\/posts\/49834","targetHints":{"allow":["GET"]}}],"collection":[{"href":"https:\/\/historiografija.hr\/index.php?rest_route=\/wp\/v2\/posts"}],"about":[{"href":"https:\/\/historiografija.hr\/index.php?rest_route=\/wp\/v2\/types\/post"}],"author":[{"embeddable":true,"href":"https:\/\/historiografija.hr\/index.php?rest_route=\/wp\/v2\/users\/2"}],"replies":[{"embeddable":true,"href":"https:\/\/historiografija.hr\/index.php?rest_route=%2Fwp%2Fv2%2Fcomments&post=49834"}],"version-history":[{"count":1,"href":"https:\/\/historiografija.hr\/index.php?rest_route=\/wp\/v2\/posts\/49834\/revisions"}],"predecessor-version":[{"id":49836,"href":"https:\/\/historiografija.hr\/index.php?rest_route=\/wp\/v2\/posts\/49834\/revisions\/49836"}],"wp:featuredmedia":[{"embeddable":true,"href":"https:\/\/historiografija.hr\/index.php?rest_route=\/wp\/v2\/media\/49835"}],"wp:attachment":[{"href":"https:\/\/historiografija.hr\/index.php?rest_route=%2Fwp%2Fv2%2Fmedia&parent=49834"}],"wp:term":[{"taxonomy":"category","embeddable":true,"href":"https:\/\/historiografija.hr\/index.php?rest_route=%2Fwp%2Fv2%2Fcategories&post=49834"},{"taxonomy":"post_tag","embeddable":true,"href":"https:\/\/historiografija.hr\/index.php?rest_route=%2Fwp%2Fv2%2Ftags&post=49834"}],"curies":[{"name":"wp","href":"https:\/\/api.w.org\/{rel}","templated":true}]}}