{"id":49824,"date":"2025-11-24T22:16:02","date_gmt":"2025-11-24T22:16:02","guid":{"rendered":"https:\/\/historiografija.hr\/?p=49824"},"modified":"2025-11-24T22:16:32","modified_gmt":"2025-11-24T22:16:32","slug":"predavanje-marijana-lipovca-sveti-vaclav-suvremenik-kralja-tomislava-i-simbol-ceske-drzavnosti-u-pozegi","status":"publish","type":"post","link":"https:\/\/historiografija.hr\/?p=49824","title":{"rendered":"Predavanje Marijana Lipovca \u201eSveti Vaclav, suvremenik kralja Tomislava i simbol \u010de\u0161ke dr\u017eavnosti\u201c u Po\u017eegi"},"content":{"rendered":"\n<p>U organizaciji Povijesnog dru\u0161tva Po\u017eega, Hrvatsko-\u010de\u0161kog dru\u0161tva i Ogranka Matice hrvatske Po\u017eega, u srijedu 26. studenoga 2025. godine odr\u017eat \u0107e se zanimljivo i vrijedno predavanje pod naslovom <strong>\u201eSveti Vaclav, suvremenik kralja Tomislava i simbol \u010de\u0161ke dr\u017eavnosti\u201c<\/strong>.<br><br>Predavanje \u0107e odr\u017eati prof. <strong>Marijan Lipovac<\/strong>, jedan od najistaknutijih poznavatelja \u010de\u0161ko-hrvatskih kulturno-povijesnih veza.<br><br>Susret je zakazan za <strong>18 sati u Dvorani znanja Gradske knji\u017enice Po\u017eega<\/strong>, a nakon predavanja predvi\u0111ena je i rasprava, \u0161to \u0107e posjetiteljima pru\u017eiti priliku za dodatna pitanja i razmjenu mi\u0161ljenja.<br><br>Organizatori \u2013 prof. <strong>Vinko Tadi\u0107<\/strong>, predsjednik Povijesnog dru\u0161tva Po\u017eega, i prof. <strong>Anita Kari\u0107<\/strong>, predsjednica Ogranka Matice hrvatske Po\u017eega \u2013 pozivaju sve zainteresirane gra\u0111ane, ljubitelje povijesti i kulture da se pridru\u017ee ovom vrijednom doga\u0111aju.<br><br><strong>Ulaz je slobodan, a svi su dobrodo\u0161li!<\/strong><\/p>\n\n\n\n<hr class=\"wp-block-separator has-alpha-channel-opacity\"\/>\n\n\n\n<figure class=\"wp-block-image size-large\"><img data-recalc-dims=\"1\" loading=\"lazy\" decoding=\"async\" width=\"860\" height=\"561\" data-attachment-id=\"49825\" data-permalink=\"https:\/\/historiografija.hr\/?attachment_id=49825\" data-orig-file=\"https:\/\/i0.wp.com\/historiografija.hr\/wp-content\/uploads\/2025\/11\/Predavanje-Sveti-Vaclav.jpg?fit=1575%2C1028&amp;ssl=1\" data-orig-size=\"1575,1028\" data-comments-opened=\"1\" data-image-meta=\"{&quot;aperture&quot;:&quot;0&quot;,&quot;credit&quot;:&quot;&quot;,&quot;camera&quot;:&quot;&quot;,&quot;caption&quot;:&quot;&quot;,&quot;created_timestamp&quot;:&quot;0&quot;,&quot;copyright&quot;:&quot;&quot;,&quot;focal_length&quot;:&quot;0&quot;,&quot;iso&quot;:&quot;0&quot;,&quot;shutter_speed&quot;:&quot;0&quot;,&quot;title&quot;:&quot;&quot;,&quot;orientation&quot;:&quot;1&quot;}\" data-image-title=\"Predavanje Sveti V\u00e1clav\" data-image-description=\"\" data-image-caption=\"\" data-large-file=\"https:\/\/i0.wp.com\/historiografija.hr\/wp-content\/uploads\/2025\/11\/Predavanje-Sveti-Vaclav.jpg?fit=860%2C561&amp;ssl=1\" src=\"https:\/\/i0.wp.com\/historiografija.hr\/wp-content\/uploads\/2025\/11\/Predavanje-Sveti-Vaclav.jpg?resize=860%2C561&#038;ssl=1\" alt=\"\" class=\"wp-image-49825\" srcset=\"https:\/\/i0.wp.com\/historiografija.hr\/wp-content\/uploads\/2025\/11\/Predavanje-Sveti-Vaclav.jpg?resize=1024%2C668&amp;ssl=1 1024w, https:\/\/i0.wp.com\/historiografija.hr\/wp-content\/uploads\/2025\/11\/Predavanje-Sveti-Vaclav.jpg?resize=300%2C196&amp;ssl=1 300w, https:\/\/i0.wp.com\/historiografija.hr\/wp-content\/uploads\/2025\/11\/Predavanje-Sveti-Vaclav.jpg?resize=768%2C501&amp;ssl=1 768w, https:\/\/i0.wp.com\/historiografija.hr\/wp-content\/uploads\/2025\/11\/Predavanje-Sveti-Vaclav.jpg?resize=1536%2C1003&amp;ssl=1 1536w, https:\/\/i0.wp.com\/historiografija.hr\/wp-content\/uploads\/2025\/11\/Predavanje-Sveti-Vaclav.jpg?w=1575&amp;ssl=1 1575w\" sizes=\"auto, (max-width: 860px) 100vw, 860px\" \/><\/figure>\n\n\n\n<hr class=\"wp-block-separator has-alpha-channel-opacity\"\/>\n\n\n\n<p>Izvor:<\/p>\n\n\n\n<p><a href=\"https:\/\/www.034portal.hr\/poziv-na-predavanje-u-pozegi-doznajte-sve-o-svetom-vaclavu-simbolu-ceske-drzavnosti-988\">https:\/\/www.034portal.hr\/poziv-na-predavanje-u-pozegi-doznajte-sve-o-svetom-vaclavu-simbolu-ceske-drzavnosti-988<\/a><\/p>\n\n\n\n<hr class=\"wp-block-separator has-alpha-channel-opacity\"\/>\n","protected":false},"excerpt":{"rendered":"","protected":false},"author":2,"featured_media":49825,"comment_status":"open","ping_status":"open","sticky":false,"template":"","format":"standard","meta":{"_acf_changed":false,"jetpack_post_was_ever_published":false,"_jetpack_newsletter_access":"","_jetpack_dont_email_post_to_subs":false,"_jetpack_newsletter_tier_id":0,"_jetpack_memberships_contains_paywalled_content":false,"_jetpack_memberships_contains_paid_content":false,"footnotes":"","jetpack_publicize_message":"","jetpack_publicize_feature_enabled":true,"jetpack_social_post_already_shared":true,"jetpack_social_options":{"image_generator_settings":{"template":"highway","default_image_id":0,"font":"","enabled":false},"version":2}},"categories":[3],"tags":[],"class_list":["post-49824","post","type-post","status-publish","format-standard","has-post-thumbnail","hentry","category-novosti"],"acf":{"facebook_opis":""},"jetpack_publicize_connections":[],"jetpack_featured_media_url":"https:\/\/i0.wp.com\/historiografija.hr\/wp-content\/uploads\/2025\/11\/Predavanje-Sveti-Vaclav.jpg?fit=1575%2C1028&ssl=1","jetpack_sharing_enabled":true,"jetpack-related-posts":[],"_links":{"self":[{"href":"https:\/\/historiografija.hr\/index.php?rest_route=\/wp\/v2\/posts\/49824","targetHints":{"allow":["GET"]}}],"collection":[{"href":"https:\/\/historiografija.hr\/index.php?rest_route=\/wp\/v2\/posts"}],"about":[{"href":"https:\/\/historiografija.hr\/index.php?rest_route=\/wp\/v2\/types\/post"}],"author":[{"embeddable":true,"href":"https:\/\/historiografija.hr\/index.php?rest_route=\/wp\/v2\/users\/2"}],"replies":[{"embeddable":true,"href":"https:\/\/historiografija.hr\/index.php?rest_route=%2Fwp%2Fv2%2Fcomments&post=49824"}],"version-history":[{"count":2,"href":"https:\/\/historiografija.hr\/index.php?rest_route=\/wp\/v2\/posts\/49824\/revisions"}],"predecessor-version":[{"id":49827,"href":"https:\/\/historiografija.hr\/index.php?rest_route=\/wp\/v2\/posts\/49824\/revisions\/49827"}],"wp:featuredmedia":[{"embeddable":true,"href":"https:\/\/historiografija.hr\/index.php?rest_route=\/wp\/v2\/media\/49825"}],"wp:attachment":[{"href":"https:\/\/historiografija.hr\/index.php?rest_route=%2Fwp%2Fv2%2Fmedia&parent=49824"}],"wp:term":[{"taxonomy":"category","embeddable":true,"href":"https:\/\/historiografija.hr\/index.php?rest_route=%2Fwp%2Fv2%2Fcategories&post=49824"},{"taxonomy":"post_tag","embeddable":true,"href":"https:\/\/historiografija.hr\/index.php?rest_route=%2Fwp%2Fv2%2Ftags&post=49824"}],"curies":[{"name":"wp","href":"https:\/\/api.w.org\/{rel}","templated":true}]}}