{"id":49821,"date":"2025-11-24T22:10:51","date_gmt":"2025-11-24T22:10:51","guid":{"rendered":"https:\/\/historiografija.hr\/?p=49821"},"modified":"2025-11-24T22:10:51","modified_gmt":"2025-11-24T22:10:51","slug":"predstavljanje-knjige-leksikon-graditelja-arhitekata-i-gradevinskih-inzenjera-iz-ceske-na-prostoru-hrvatske-u-krizevcima","status":"publish","type":"post","link":"https:\/\/historiografija.hr\/?p=49821","title":{"rendered":"Predstavljanje knjige \u201eLeksikon graditelja, arhitekata i gra\u0111evinskih in\u017eenjera iz \u010ce\u0161ke na prostoru Hrvatske\u201c u Kri\u017eevcima"},"content":{"rendered":"\n<p>Pozivamo vas na predstavljanje knjige <strong>Jasenke Kranj\u010devi\u0107&nbsp;<em>Leksikon graditelja, arhitekata i gra\u0111evinskih in\u017eenjera iz \u010ce\u0161ke na prostoru Hrvatske<\/em><\/strong>, koje \u0107e se odr\u017eati u <strong>\u010detvrtak 27. studenoga 2025., u Gradskoj knji\u017enici Franjo Markovi\u0107 u Kri\u017eevcima<\/strong>, A.G. Mato\u0161a 4, s po\u010detkom <strong>u 17 sati.<\/strong><\/p>\n\n\n\n<p>Predstavljanje \u0107e voditi Ivan Pekli\u0107, a sudjelovati \u0107e autorica Jasenka Kranj\u010devi\u0107 i Damir Agi\u010di\u0107, izdava\u010d.<\/p>\n\n\n\n<p>Na po\u010detku predstavljanja prisutnima \u0107e se obratiti akademik Franjo Tomi\u0107.<\/p>\n\n\n\n<p>Tema ove knjige je djelovanje graditelja, arhitekata i gra\u0111evinskih in\u017eenjera ro\u0111enih u \u010ce\u0161koj, a djelovali u Hrvatskoj. Nastala je kao rezultat dugogodi\u0161njeg istra\u017eivanja koje se razvijalo i \u0161irilo kroz \u010detiri znanstvena projekta. Dru\u0161tvene, gospodarske i politi\u010dke veze izme\u0111u Hrvatske i \u010ce\u0161ke ja\u010daju tijekom 19. stolje\u0107a, a najve\u0107i zamah dobivaju u posljednjim desetlje\u0107ima zajedni\u010dkog \u017eivota unutar Habsbur\u0161ke, kasnije Austro-Ugarske Monarhije. Naj\u017eivlji me\u0111usobni kontakti odvijali su se u podru\u010dju obrazovanja, kulture i znanosti. Istra\u017eivanje predstavljeno u ovoj knjizi potvr\u0111uje da ni arhitektonsko-graditeljska djelatnost nije ostala po strani, nego je bila obilje\u017eena brojnim va\u017enim vezama i utjecajima. Izdava\u010di su Srednja Europa i Institut za turizam.<\/p>\n\n\n\n<hr class=\"wp-block-separator has-alpha-channel-opacity\"\/>\n\n\n\n<p>Izvor:<\/p>\n\n\n\n<p><a href=\"https:\/\/srednja-europa.hr\/dogadaji\/poziv-na-predstavljanje-knjige-leksikon-graditelja-arhitekata-i-gradevinskih-inzenjera-iz-ceske-na-prostoru-hrvatske-2\">https:\/\/srednja-europa.hr\/dogadaji\/poziv-na-predstavljanje-knjige-leksikon-graditelja-arhitekata-i-gradevinskih-inzenjera-iz-ceske-na-prostoru-hrvatske-2<\/a><\/p>\n\n\n\n<hr class=\"wp-block-separator has-alpha-channel-opacity\"\/>\n","protected":false},"excerpt":{"rendered":"","protected":false},"author":2,"featured_media":49822,"comment_status":"open","ping_status":"open","sticky":false,"template":"","format":"standard","meta":{"_acf_changed":false,"jetpack_post_was_ever_published":false,"_jetpack_newsletter_access":"","_jetpack_dont_email_post_to_subs":false,"_jetpack_newsletter_tier_id":0,"_jetpack_memberships_contains_paywalled_content":false,"_jetpack_memberships_contains_paid_content":false,"footnotes":"","jetpack_publicize_message":"","jetpack_publicize_feature_enabled":true,"jetpack_social_post_already_shared":true,"jetpack_social_options":{"image_generator_settings":{"template":"highway","default_image_id":0,"font":"","enabled":false},"version":2}},"categories":[3],"tags":[],"class_list":["post-49821","post","type-post","status-publish","format-standard","has-post-thumbnail","hentry","category-novosti"],"acf":{"facebook_opis":""},"jetpack_publicize_connections":[],"jetpack_featured_media_url":"https:\/\/i0.wp.com\/historiografija.hr\/wp-content\/uploads\/2025\/11\/Pozivnica_Leksikon_Krizevci.png?fit=2000%2C1000&ssl=1","jetpack_sharing_enabled":true,"jetpack-related-posts":[],"_links":{"self":[{"href":"https:\/\/historiografija.hr\/index.php?rest_route=\/wp\/v2\/posts\/49821","targetHints":{"allow":["GET"]}}],"collection":[{"href":"https:\/\/historiografija.hr\/index.php?rest_route=\/wp\/v2\/posts"}],"about":[{"href":"https:\/\/historiografija.hr\/index.php?rest_route=\/wp\/v2\/types\/post"}],"author":[{"embeddable":true,"href":"https:\/\/historiografija.hr\/index.php?rest_route=\/wp\/v2\/users\/2"}],"replies":[{"embeddable":true,"href":"https:\/\/historiografija.hr\/index.php?rest_route=%2Fwp%2Fv2%2Fcomments&post=49821"}],"version-history":[{"count":1,"href":"https:\/\/historiografija.hr\/index.php?rest_route=\/wp\/v2\/posts\/49821\/revisions"}],"predecessor-version":[{"id":49823,"href":"https:\/\/historiografija.hr\/index.php?rest_route=\/wp\/v2\/posts\/49821\/revisions\/49823"}],"wp:featuredmedia":[{"embeddable":true,"href":"https:\/\/historiografija.hr\/index.php?rest_route=\/wp\/v2\/media\/49822"}],"wp:attachment":[{"href":"https:\/\/historiografija.hr\/index.php?rest_route=%2Fwp%2Fv2%2Fmedia&parent=49821"}],"wp:term":[{"taxonomy":"category","embeddable":true,"href":"https:\/\/historiografija.hr\/index.php?rest_route=%2Fwp%2Fv2%2Fcategories&post=49821"},{"taxonomy":"post_tag","embeddable":true,"href":"https:\/\/historiografija.hr\/index.php?rest_route=%2Fwp%2Fv2%2Ftags&post=49821"}],"curies":[{"name":"wp","href":"https:\/\/api.w.org\/{rel}","templated":true}]}}