{"id":49771,"date":"2025-11-21T20:53:35","date_gmt":"2025-11-21T20:53:35","guid":{"rendered":"https:\/\/historiografija.hr\/?p=49771"},"modified":"2025-11-21T20:53:35","modified_gmt":"2025-11-21T20:53:35","slug":"radionica-budi-istrazivac_ica-istrazi-povijest-zagreba-pod-ustaskim-rezimom-kroz-price-svjedoka-vremena","status":"publish","type":"post","link":"https:\/\/historiografija.hr\/?p=49771","title":{"rendered":"Radionica: Budi istra\u017eiva\u010d_ica \u2014 Istra\u017ei povijest Zagreba pod usta\u0161kim re\u017eimom kroz pri\u010de svjedoka vremena"},"content":{"rendered":"\n<p>Jesi li mlada osoba od 18 do 35 godina?<br><br>Zanima te kako je izgledala svakodnevica u Zagrebu tijekom Drugog svjetskog rata? \u017deli\u0161 doznati vi\u0161e o uspostavi sustava terora u NDH kroz pri\u010de svjedoka vremena? I zajedno s vr\u0161njacima promi\u0161ljati o tome kako primjereno i uklju\u010divo memorijalizirati mjesta stradanja i \u010duvati sje\u0107anje na \u017ertve?<br><br>Ako da \u2014 pridru\u017ei nam se na interaktivnoj radionici u Ku\u0107i ljudskih prava (Selska cesta 112C ) u utorak 25.11.2005. od 17 sati i otkrij odgovore na ova i mnoga druga pitanja kojima \u0107emo se baviti.<br><br>O\u010dekivano trajanje: 1,5 sat.<br><br>Radionica se odvija u sklopu projekta \u201eReMEMBER Europe\u201c, koji financira Europska unija kroz program CERV.<\/p>\n\n\n\n<hr class=\"wp-block-separator has-alpha-channel-opacity\"\/>\n\n\n\n<p>Izvor:<\/p>\n\n\n\n<p><a href=\"https:\/\/www.facebook.com\/DocumentaZagreb\">https:\/\/www.facebook.com\/DocumentaZagreb<\/a><\/p>\n\n\n\n<hr class=\"wp-block-separator has-alpha-channel-opacity\"\/>\n","protected":false},"excerpt":{"rendered":"","protected":false},"author":2,"featured_media":49772,"comment_status":"open","ping_status":"open","sticky":false,"template":"","format":"standard","meta":{"_acf_changed":false,"jetpack_post_was_ever_published":false,"_jetpack_newsletter_access":"","_jetpack_dont_email_post_to_subs":false,"_jetpack_newsletter_tier_id":0,"_jetpack_memberships_contains_paywalled_content":false,"_jetpack_memberships_contains_paid_content":false,"footnotes":"","jetpack_publicize_message":"","jetpack_publicize_feature_enabled":true,"jetpack_social_post_already_shared":true,"jetpack_social_options":{"image_generator_settings":{"template":"highway","default_image_id":0,"font":"","enabled":false},"version":2}},"categories":[3,9],"tags":[],"class_list":["post-49771","post","type-post","status-publish","format-standard","has-post-thumbnail","hentry","category-novosti","category-skupovi"],"acf":{"facebook_opis":""},"jetpack_publicize_connections":[],"jetpack_featured_media_url":"https:\/\/i0.wp.com\/historiografija.hr\/wp-content\/uploads\/2025\/11\/Budi_istrazivac.jpg?fit=940%2C788&ssl=1","jetpack_sharing_enabled":true,"jetpack-related-posts":[],"_links":{"self":[{"href":"https:\/\/historiografija.hr\/index.php?rest_route=\/wp\/v2\/posts\/49771","targetHints":{"allow":["GET"]}}],"collection":[{"href":"https:\/\/historiografija.hr\/index.php?rest_route=\/wp\/v2\/posts"}],"about":[{"href":"https:\/\/historiografija.hr\/index.php?rest_route=\/wp\/v2\/types\/post"}],"author":[{"embeddable":true,"href":"https:\/\/historiografija.hr\/index.php?rest_route=\/wp\/v2\/users\/2"}],"replies":[{"embeddable":true,"href":"https:\/\/historiografija.hr\/index.php?rest_route=%2Fwp%2Fv2%2Fcomments&post=49771"}],"version-history":[{"count":1,"href":"https:\/\/historiografija.hr\/index.php?rest_route=\/wp\/v2\/posts\/49771\/revisions"}],"predecessor-version":[{"id":49773,"href":"https:\/\/historiografija.hr\/index.php?rest_route=\/wp\/v2\/posts\/49771\/revisions\/49773"}],"wp:featuredmedia":[{"embeddable":true,"href":"https:\/\/historiografija.hr\/index.php?rest_route=\/wp\/v2\/media\/49772"}],"wp:attachment":[{"href":"https:\/\/historiografija.hr\/index.php?rest_route=%2Fwp%2Fv2%2Fmedia&parent=49771"}],"wp:term":[{"taxonomy":"category","embeddable":true,"href":"https:\/\/historiografija.hr\/index.php?rest_route=%2Fwp%2Fv2%2Fcategories&post=49771"},{"taxonomy":"post_tag","embeddable":true,"href":"https:\/\/historiografija.hr\/index.php?rest_route=%2Fwp%2Fv2%2Ftags&post=49771"}],"curies":[{"name":"wp","href":"https:\/\/api.w.org\/{rel}","templated":true}]}}