{"id":49767,"date":"2025-11-21T20:37:45","date_gmt":"2025-11-21T20:37:45","guid":{"rendered":"https:\/\/historiografija.hr\/?p=49767"},"modified":"2025-11-21T20:39:00","modified_gmt":"2025-11-21T20:39:00","slug":"poziv-za-prijavu-na-medunarodnu-znanstvenu-konferenciju-u-okviru-9-dana-sime-i-ante-starcevica-krajolik-u-obrazovanju-i-obrazovanje-u-krajoliku","status":"publish","type":"post","link":"https:\/\/historiografija.hr\/?p=49767","title":{"rendered":"Poziv za prijavu na me\u0111unarodnu znanstvenu konferenciju u okviru 9. Dana \u0160ime i Ante Star\u010devi\u0107a: Krajolik u obrazovanju i obrazovanje u krajoliku"},"content":{"rendered":"\n<p>U nastavku prenosimo poziv za prijavu na me\u0111unarodnu znanstvenu konferenciju koja se bavi problematikom krajolika i u povijesnoj perspektivi, odnosno povijesnim krajolikom, te je stoga posebno otvorena i za sudjelovanje povjesni\u010dara i povjesni\u010darki.<\/p>\n\n\n\n<hr class=\"wp-block-separator has-alpha-channel-opacity\"\/>\n\n\n\n<p><strong>Odjel za nastavni\u010dke studije u Gospi\u0107u Sveu\u010dili\u0161ta u Zadru&nbsp;<\/strong><\/p>\n\n\n\n<p>u suradnji s<\/p>\n\n\n\n<p>Institutom za kulturnu povijest Znanstveno-istra\u017eiva\u010dkoga centra Slovenske akademije znanosti i umjetnosti,<br>Poslijediplomskom \u0161kolom ZRC SAZU<br>i<br>Fakultetom za odgojne i obrazovne znanosti Sveu\u010dili\u0161ta Jurja Dobrile u Puli<\/p>\n\n\n\n<p>organizira<\/p>\n\n\n\n<p>me\u0111unarodnu znanstvenu konferenciju u okviru<br><strong>9. Dana \u0160ime i Ante Star\u010devi\u0107a<\/strong><\/p>\n\n\n\n<p>pod nazivom<\/p>\n\n\n\n<p><strong>Krajolik u obrazovanju i obrazovanje u krajoliku<\/strong><strong><\/strong><\/p>\n\n\n\n<p><strong>22.\u2013 23. svibnja 2026.<\/strong><br><strong>u Gospi\u0107u<\/strong><br>Dr. Ante Star\u010devi\u0107a 12<\/p>\n\n\n\n<p>Podrazumijevaju\u0107i zajedni\u0161tvo svih sastavnica nekoga prostora onako kako ih opa\u017ea \u010dovjek, krajolik je ne samo \u010dest motiv u vizualnim umjetnostima, nego je i sadr\u017eajno veoma bogat umjetni\u010dko-interpretativni i znanstveno-istra\u017eiva\u010dki koncept pogodan za razli\u010dite interdisciplinarne pristupe. Od 19. stolje\u0107a, kada ga kao znanstveni koncept u geografiju uvodi Alexander von Humboldt, do danas postao je predmetom istra\u017eivanja i drugih znanstvenih disciplina, od arheologije i povijesnih studija, preko ekologije i okoli\u0161nih studija, do krajobrazne arhitekture, urbanizma, ali i psihologije, sociologije i drugih znanosti.<\/p>\n\n\n\n<p>Premda \u010dest u svakodnevnoj uporabi, sam pojam <em>krajolik<\/em>, zajedno sa svojim ina\u010dicama <em>krajobrazom<\/em> i <em>pejza\u017eom<\/em>, vi\u0161ezna\u010dan je i semanti\u010dki iznimno plodan pojam. Ovisno o kontekstima i rakursima, pojedina se ina\u010dica razli\u010dito razumijeva i rabi u razli\u010ditim podru\u010djima umjetnosti i znanosti. Tako ga, primjerice, nalazimo kao pejza\u017eno slikarstvo i pejza\u017eno oblikovanje u likovnim umjetnostima, pejza\u017enu liriku u knji\u017eevnosti, sveprisutni jezi\u010dni krajolik te glazbeni krajolik u glazbenoj umjetnosti. U geografiji, arhitekturi i urbanizmu rabe se pojmovi urbani i ruralni te prirodni i kulturni pejza\u017e (ili krajolik), u agronomiji i prirodnim znanostima govori se o krajobraznoj arhitekturi te zna\u010dajnome krajobrazu kao obliku za\u0161ti\u0107enoga podru\u010dja. Termini kulturni, povijesni i arheolo\u0161ki krajolik naj\u010de\u0161\u0107e se rabe u kontekstu za\u0161tite kulturne ba\u0161tine. Slijedom navedenoga, krajolik je \u010dest pojam i u obrazovanju, i to na svim razinama \u2013 od pred\u0161kolskoga do visoko\u0161kolskoga obrazovanja \u2013 s pretpostavljenim ina\u010dicama <em>krajolik<\/em> i <em>krajobraz<\/em> na ni\u017eim razinama.<\/p>\n\n\n\n<p>Budu\u0107i da dominantno ozna\u010dava otvorene prostore, <em>krajolik<\/em> je, uz <em>okoli\u0161<\/em>, neizostavni koncept u suvremenome obrazovanju, u kojemu se izvo\u0111enje izvanu\u010dioni\u010dke nastave u prirodnim i kulturnim krajolicima poti\u010de u svim nastavnim predmetima. Prednosti takve nastave o\u010dituju se u pobolj\u0161anome fizi\u010dkom i mentalnom zdravlju pred\u0161kolaca, u\u010denika i studenata, razvoju \u017eivotno va\u017enih kompetencija kao \u0161to su snala\u017eenje u prirodnome i urbanome okoli\u0161u, kreativnost, znati\u017eelja, tolerancija, \u017eelja za otkrivanjem i istra\u017eiva\u010dkim radom, socijalno povezivanje, potreba o\u010duvanja i za\u0161tite vlastite i tu\u0111e prirodne i kulturne ba\u0161tine te ljubav prema zavi\u010daju i domovini.<\/p>\n\n\n\n<p>S obzirom na \u0161irinu koncepta krajolik i njegovu primjenjivost u obrazovanju, pozivamo Vas na daljnje istra\u017eivanje i raspravu o naslovnoj temi, koje bi se moglo uklopiti u sljede\u0107e ili druge sli\u010dne teme:<\/p>\n\n\n\n<ul class=\"wp-block-list\">\n<li><strong>Koncept krajolika<\/strong> \u2013 definicija i teorijski okvir pojma, percepcija krajolika, krajolik u znanosti i umjetnosti, krajolik u odnosu na druge pojmove kao \u0161to su <em>osje\u0107aj mjesta, zavi\u010daj, okoli\u0161<\/em>, vrste krajolika<\/li>\n\n\n\n<li><strong>Za\u0161tita krajolika<\/strong> \u2013 pravna osnova, kulturni krajolik i ba\u0161tina, za\u0161ti\u0107ena prirodna ba\u0161tina, primjeri za\u0161tite krajolika<\/li>\n\n\n\n<li><strong>Kultura, povijest i krajolik<\/strong> \u2013 knji\u017eevna reprezentacija krajolika, umjetni\u010dka interpretacija krajolika, povijesni krajolik, arheologija krajolika i okoli\u0161a<\/li>\n\n\n\n<li><strong>Vi\u0161ejezi\u010dnost i jezi\u010dni krajolik<\/strong> \u2013 komunikacija i vi\u0161ejezi\u010dnost u digitalnome okru\u017eenju, jezi\u010dni krajolik u kontekstu globalizacije, jezi\u010dni identitet prostora, semanti\u010dka slojevitost pojma <em>landscape<\/em>, toponimi u krajoliku<\/li>\n\n\n\n<li><strong>Suodnos \u010dovjeka i krajolika<\/strong> \u2013 me\u0111udjelovanje ljudi i prirode u oblikovanju krajolika, djelovanje okoline na pona\u0161anje pojedinca i skupina<\/li>\n\n\n\n<li><strong>Krajolik u nastavi i obrazovanju<\/strong> \u2013 krajolik u kurikulumu i \u0161kolskim ud\u017ebenicima, u\u010deni\u010dko i studentsko poimanje krajolika, ekolo\u0161ko obrazovanje i volontiranje<\/li>\n\n\n\n<li><strong>Krajolik u izvanu\u010dioni\u010dkoj nastavi <\/strong>\u2013 iskustva u odr\u017eavanju nastave u prirodnome i kulturnome krajoliku zavi\u010daja, krajolik u izvannastavnim aktivnostima.<\/li>\n<\/ul>\n\n\n\n<p>Jezici konferencije su hrvatski i engleski.<\/p>\n\n\n\n<p>Radni dio konferencije 22. svibnja 2026. odr\u017eat \u0107e se na Odjelu za nastavni\u010dke studije u Gospi\u0107u. Drugi dan konferencije 23. svibnja 2026. predvi\u0111en je izlet u gospi\u0107ku okolicu.<\/p>\n\n\n\n<p>Sudionici skupa dobit \u0107e slu\u017ebenu potvrdnicu o sudjelovanju na konferenciji.<\/p>\n\n\n\n<p>Izlaganja s konferencije sudionici \u0107e u obliku radova mo\u0107i objaviti u zborniku radova sa skupa. Svi pristigli radovi pro\u0107i \u0107e postupak dvostruke slijepe recenzije. Objavljeni radovi trebat \u0107e ostvariti dvije pozitivne recenzije.<\/p>\n\n\n\n<p>Sve dodatne informacije mogu se dobiti e-po\u0161tom: <a href=\"mailto:dani-sas@unizd.hr\">dani-sas@unizd.hr<\/a>.<\/p>\n\n\n\n<p>U o\u010dekivanju Va\u0161ega odaziva na\u0161oj konferenciji, srda\u010dno Vas pozdravljamo!<\/p>\n\n\n\n<p>doc. dr. sc. Ivana Crljenko<br><em>Predsjednica Programskoga odbora<\/em><\/p>\n\n\n\n<p>doc. dr. sc. Dodi Malada<br><em>Predsjednica Organizacijskoga odbora<\/em><\/p>\n\n\n\n<hr class=\"wp-block-separator has-alpha-channel-opacity\"\/>\n\n\n\n<p>Izvor:<\/p>\n\n\n\n<figure class=\"wp-block-embed is-type-wp-embed is-provider-krajolik-u-obrazovanju-i-obrazovanje-u-krajoliku wp-block-embed-krajolik-u-obrazovanju-i-obrazovanje-u-krajoliku\"><div class=\"wp-block-embed__wrapper\">\n<blockquote class=\"wp-embedded-content\" data-secret=\"BUciVOt7Dw\"><a href=\"https:\/\/conference.unizd.hr\/dani-sas-9-hr\/\">PO\u010cETNA<\/a><\/blockquote><iframe loading=\"lazy\" class=\"wp-embedded-content\" sandbox=\"allow-scripts\" security=\"restricted\" style=\"position: absolute; visibility: hidden;\" title=\"&#8220;PO\u010cETNA&#8221; &#8212; Krajolik u obrazovanju i obrazovanje u krajoliku\" src=\"https:\/\/conference.unizd.hr\/dani-sas-9-hr\/embed\/#?secret=BUciVOt7Dw\" data-secret=\"BUciVOt7Dw\" width=\"600\" height=\"338\" frameborder=\"0\" marginwidth=\"0\" marginheight=\"0\" scrolling=\"no\"><\/iframe>\n<\/div><\/figure>\n\n\n\n<hr class=\"wp-block-separator has-alpha-channel-opacity\"\/>\n","protected":false},"excerpt":{"rendered":"","protected":false},"author":2,"featured_media":49768,"comment_status":"open","ping_status":"open","sticky":false,"template":"","format":"standard","meta":{"_acf_changed":false,"jetpack_post_was_ever_published":false,"_jetpack_newsletter_access":"","_jetpack_dont_email_post_to_subs":false,"_jetpack_newsletter_tier_id":0,"_jetpack_memberships_contains_paywalled_content":false,"_jetpack_memberships_contains_paid_content":false,"footnotes":"","jetpack_publicize_message":"","jetpack_publicize_feature_enabled":true,"jetpack_social_post_already_shared":true,"jetpack_social_options":{"image_generator_settings":{"template":"highway","default_image_id":0,"font":"","enabled":false},"version":2}},"categories":[3,9],"tags":[],"class_list":["post-49767","post","type-post","status-publish","format-standard","has-post-thumbnail","hentry","category-novosti","category-skupovi"],"acf":{"facebook_opis":""},"jetpack_publicize_connections":[],"jetpack_featured_media_url":"https:\/\/i0.wp.com\/historiografija.hr\/wp-content\/uploads\/2025\/11\/Krajolik.jpg?fit=629%2C179&ssl=1","jetpack_sharing_enabled":true,"jetpack-related-posts":[],"_links":{"self":[{"href":"https:\/\/historiografija.hr\/index.php?rest_route=\/wp\/v2\/posts\/49767","targetHints":{"allow":["GET"]}}],"collection":[{"href":"https:\/\/historiografija.hr\/index.php?rest_route=\/wp\/v2\/posts"}],"about":[{"href":"https:\/\/historiografija.hr\/index.php?rest_route=\/wp\/v2\/types\/post"}],"author":[{"embeddable":true,"href":"https:\/\/historiografija.hr\/index.php?rest_route=\/wp\/v2\/users\/2"}],"replies":[{"embeddable":true,"href":"https:\/\/historiografija.hr\/index.php?rest_route=%2Fwp%2Fv2%2Fcomments&post=49767"}],"version-history":[{"count":2,"href":"https:\/\/historiografija.hr\/index.php?rest_route=\/wp\/v2\/posts\/49767\/revisions"}],"predecessor-version":[{"id":49770,"href":"https:\/\/historiografija.hr\/index.php?rest_route=\/wp\/v2\/posts\/49767\/revisions\/49770"}],"wp:featuredmedia":[{"embeddable":true,"href":"https:\/\/historiografija.hr\/index.php?rest_route=\/wp\/v2\/media\/49768"}],"wp:attachment":[{"href":"https:\/\/historiografija.hr\/index.php?rest_route=%2Fwp%2Fv2%2Fmedia&parent=49767"}],"wp:term":[{"taxonomy":"category","embeddable":true,"href":"https:\/\/historiografija.hr\/index.php?rest_route=%2Fwp%2Fv2%2Fcategories&post=49767"},{"taxonomy":"post_tag","embeddable":true,"href":"https:\/\/historiografija.hr\/index.php?rest_route=%2Fwp%2Fv2%2Ftags&post=49767"}],"curies":[{"name":"wp","href":"https:\/\/api.w.org\/{rel}","templated":true}]}}