{"id":49747,"date":"2025-11-20T23:14:39","date_gmt":"2025-11-20T23:14:39","guid":{"rendered":"https:\/\/historiografija.hr\/?p=49747"},"modified":"2025-11-20T23:14:39","modified_gmt":"2025-11-20T23:14:39","slug":"tribina-dezerterstvo-kao-eticki-cin","status":"publish","type":"post","link":"https:\/\/historiografija.hr\/?p=49747","title":{"rendered":"Tribina \u201eDezerterstvo kao eti\u010dki \u010din\u201c"},"content":{"rendered":"\n<p>U subotu, 22.11.2025. u 12 sati u dvorani KIC-a odr\u017eat \u0107e se panel Dezerterstvo kao eti\u010dki \u010din na kojemu \u0107e sudjelovati: Zlata \u0110ur\u0111evi\u0107, redovita profesorica na Pravnom fakultetu Sveu\u010dili\u0161ta u Zagrebu, sociolog Kruno Kardov, izv. prof. na Filozofskom fakultetu Sveu\u010dili\u0161ta u Zagrebu, povjesni\u010darka umjetnosti Ivana Hana\u010dek, te sve\u0107enik Stanko Perica, ravnatelj Isusova\u010dke slu\u017ebe za izbjeglice u Jugoisto\u010dnoj Europi.<\/p>\n\n\n\n<p>Panel \u0107e moderirati \u0110ur\u0111ica \u010cili\u0107, knji\u017eevnica, prevoditeljica i polonistica, profesorica na Filozofskom fakultetu Sveu\u010dili\u0161ta u Zagrebu.<\/p>\n\n\n\n<hr class=\"wp-block-separator has-alpha-channel-opacity\"\/>\n\n\n\n<p>Izvor:<\/p>\n\n\n\n<p><a href=\"https:\/\/www.kic.hr\/program\/dezerterstvo-kao-eticki-cin\">https:\/\/www.kic.hr\/program\/dezerterstvo-kao-eticki-cin<\/a><\/p>\n\n\n\n<hr class=\"wp-block-separator has-alpha-channel-opacity\"\/>\n","protected":false},"excerpt":{"rendered":"","protected":false},"author":2,"featured_media":49748,"comment_status":"open","ping_status":"open","sticky":false,"template":"","format":"standard","meta":{"_acf_changed":false,"jetpack_post_was_ever_published":false,"_jetpack_newsletter_access":"","_jetpack_dont_email_post_to_subs":false,"_jetpack_newsletter_tier_id":0,"_jetpack_memberships_contains_paywalled_content":false,"_jetpack_memberships_contains_paid_content":false,"footnotes":"","jetpack_publicize_message":"","jetpack_publicize_feature_enabled":true,"jetpack_social_post_already_shared":true,"jetpack_social_options":{"image_generator_settings":{"template":"highway","default_image_id":0,"font":"","enabled":false},"version":2}},"categories":[3],"tags":[],"class_list":["post-49747","post","type-post","status-publish","format-standard","has-post-thumbnail","hentry","category-novosti"],"acf":{"facebook_opis":""},"jetpack_publicize_connections":[],"jetpack_featured_media_url":"https:\/\/i0.wp.com\/historiografija.hr\/wp-content\/uploads\/2025\/11\/cizma.webp?fit=780%2C441&ssl=1","jetpack_sharing_enabled":true,"jetpack-related-posts":[],"_links":{"self":[{"href":"https:\/\/historiografija.hr\/index.php?rest_route=\/wp\/v2\/posts\/49747","targetHints":{"allow":["GET"]}}],"collection":[{"href":"https:\/\/historiografija.hr\/index.php?rest_route=\/wp\/v2\/posts"}],"about":[{"href":"https:\/\/historiografija.hr\/index.php?rest_route=\/wp\/v2\/types\/post"}],"author":[{"embeddable":true,"href":"https:\/\/historiografija.hr\/index.php?rest_route=\/wp\/v2\/users\/2"}],"replies":[{"embeddable":true,"href":"https:\/\/historiografija.hr\/index.php?rest_route=%2Fwp%2Fv2%2Fcomments&post=49747"}],"version-history":[{"count":1,"href":"https:\/\/historiografija.hr\/index.php?rest_route=\/wp\/v2\/posts\/49747\/revisions"}],"predecessor-version":[{"id":49749,"href":"https:\/\/historiografija.hr\/index.php?rest_route=\/wp\/v2\/posts\/49747\/revisions\/49749"}],"wp:featuredmedia":[{"embeddable":true,"href":"https:\/\/historiografija.hr\/index.php?rest_route=\/wp\/v2\/media\/49748"}],"wp:attachment":[{"href":"https:\/\/historiografija.hr\/index.php?rest_route=%2Fwp%2Fv2%2Fmedia&parent=49747"}],"wp:term":[{"taxonomy":"category","embeddable":true,"href":"https:\/\/historiografija.hr\/index.php?rest_route=%2Fwp%2Fv2%2Fcategories&post=49747"},{"taxonomy":"post_tag","embeddable":true,"href":"https:\/\/historiografija.hr\/index.php?rest_route=%2Fwp%2Fv2%2Ftags&post=49747"}],"curies":[{"name":"wp","href":"https:\/\/api.w.org\/{rel}","templated":true}]}}