{"id":49740,"date":"2025-11-20T23:02:32","date_gmt":"2025-11-20T23:02:32","guid":{"rendered":"https:\/\/historiografija.hr\/?p=49740"},"modified":"2025-11-20T23:02:32","modified_gmt":"2025-11-20T23:02:32","slug":"u-hazu-predavanje-akademika-marija-slausa-geneticko-porijeklo-hrvata","status":"publish","type":"post","link":"https:\/\/historiografija.hr\/?p=49740","title":{"rendered":"U HAZU predavanje akademika Marija \u0160lausa Geneti\u010dko porijeklo Hrvata"},"content":{"rendered":"\n<p>Hrvatska akademija znanosti i umjetnosti organizira predavanje na temu&nbsp;<em><strong>Geneti\u010dko porijeklo Hrvata&nbsp;<\/strong><\/em>koje \u0107e odr\u017eati&nbsp;<strong>akademik Mario \u0160laus&nbsp;u ponedjeljak 24. studenog 2025. u 13 sati&nbsp;<\/strong>u Knji\u017enici Hrvatske akademije znanosti i umjetnosti,&nbsp;Strossmayerov trg 14 u Zagrebu.<\/p>\n\n\n\n<p>U rujnu 2025. objavljena je velika studija u znanstvenom \u010dasopisu <em>Nature<\/em> s rezultatima istra\u017eivanja me\u0111unarodnog tima znanstvenika iz Njema\u010dke, Austrije, Poljske, \u010ce\u0161ke i Hrvatske koja je dala odgovore na klju\u010dna pitanja va\u017ena za razumijevanje hrvatskog nacionalnog identiteta. Tko smo, jesmo li oduvijek \u017eivjeli na ovim prostorima ili smo se od nekuda doselili, a ako jesmo, gdje se nalazila na\u0161a pradomovina i&nbsp; na koji na\u010din i kada smo do\u0161li u svoju sada\u0161nju domovinu?<\/p>\n\n\n\n<p>Genetska analiza vi\u0161e od 550 do danas neanaliziranih drevnih genoma pokazala je da su u razdoblju od druge polovice 7. do 9. stolje\u0107a Poljska, isto\u010dna Njema\u010dka i Hrvatska do\u017eivjele gotovo kompletnu promjenu svog genetskog podrijetla koja je bila rezultat dolaska novih doseljenika iz sjeveroisto\u010dne Europe, \u010dija pradomovina se nalazila na trome\u0111i podru\u010dja kojega danas \u010dine ju\u017ena Bjelorusije, sjeverna Ukrajina i zapadna Rusija, uglavnom uz gornji tok rijeke Dnjepar. Ova lokacija znatno je isto\u010dnija i sjevernija te udaljenija od lokacija poput ju\u017ene Poljske ili \u010ce\u0161ke gdje se ranije smje\u0161tala pradomovina Hrvata. Analiza uniparentalnih genetskih biljega: haplogrupa na Y-kromosomu i mitohodrijske DNA pokazale su da u ovoj migraciji nije bilo spolne pristranosti: selile su se cijele obitelji, a ne samo ratnici, a mu\u0161karci i \u017eene podjednako su doprinijeli nastanku novih dru\u0161tava.<\/p>\n\n\n\n<p>U odnosu na obrazac uo\u010den u Poljskoj i isto\u010dnoj Njema\u010dkoj, gdje 90% do 95% populacije pokazuje novo genetsko podrijetlo, situacija u Hrvatskoj je pri\u010da o promjeni, ali i kontinuitetu. Naime, drevna DNA iz Hrvatske pokazuje zna\u010dajan priljev novog isto\u010dnoeuropskog podrijetla, na razini izme\u0111u 75% do 80%, ali ne i potpunu genetsku promjenu. Umjesto toga, isto\u010dnoeuropski doseljenici mije\u0161ali su se s lokalnim populacijama stvaraju\u0107i nove, hibridne zajednice \u0161to je rezultiralo kulturnom, jezi\u010dnom i genetskom raznoliko\u0161\u0107u koja i danas obilje\u017eava na\u0161u domovinu.<\/p>\n\n\n\n<p>S hrvatske strane u istra\u017eivanju i nastanku studije sudjelovali su akademik Mario \u0160laus, upravitelj Antropolo\u0161kog centra Hrvatske akademije znanosti i umjetnosti koji \u0107e iznijeti glavne zaklju\u010dke studije i objasniti kako se do njih do\u0161lo, i biv\u0161i ravnatelj Arheolo\u0161kog muzeja u Zadru dr. sc. Radomir Juri\u0107 koji je otkrio i otkopao arheolo\u0161ko nalazi\u0161te Velim kraj Stankovca koje je klju\u010dno za rasvjetljavanje porijeklo Hrvata.<\/p>\n\n\n\n<hr class=\"wp-block-separator has-alpha-channel-opacity\"\/>\n\n\n\n<p>Izvor:<\/p>\n\n\n\n<figure class=\"wp-block-embed is-type-wp-embed is-provider-hazu wp-block-embed-hazu\"><div class=\"wp-block-embed__wrapper\">\n<blockquote class=\"wp-embedded-content\" data-secret=\"uRUUEGs4lX\"><a href=\"https:\/\/www.info.hazu.hr\/events\/u-hazu-predavanje-akademika-marija-slausa-geneticko-porijeklo-hrvata\/\">U HAZU predavanje akademika Marija \u0160lausa Geneti\u010dko porijeklo Hrvata<\/a><\/blockquote><iframe loading=\"lazy\" class=\"wp-embedded-content\" sandbox=\"allow-scripts\" security=\"restricted\" style=\"position: absolute; visibility: hidden;\" title=\"&#8220;U HAZU predavanje akademika Marija \u0160lausa Geneti\u010dko porijeklo Hrvata&#8221; &#8212; HAZU\" src=\"https:\/\/www.info.hazu.hr\/events\/u-hazu-predavanje-akademika-marija-slausa-geneticko-porijeklo-hrvata\/embed\/#?secret=uRUUEGs4lX\" data-secret=\"uRUUEGs4lX\" width=\"600\" height=\"338\" frameborder=\"0\" marginwidth=\"0\" marginheight=\"0\" scrolling=\"no\"><\/iframe>\n<\/div><\/figure>\n\n\n\n<hr class=\"wp-block-separator has-alpha-channel-opacity\"\/>\n","protected":false},"excerpt":{"rendered":"","protected":false},"author":2,"featured_media":48132,"comment_status":"open","ping_status":"open","sticky":false,"template":"","format":"standard","meta":{"_acf_changed":false,"jetpack_post_was_ever_published":false,"_jetpack_newsletter_access":"","_jetpack_dont_email_post_to_subs":false,"_jetpack_newsletter_tier_id":0,"_jetpack_memberships_contains_paywalled_content":false,"_jetpack_memberships_contains_paid_content":false,"footnotes":"","jetpack_publicize_message":"","jetpack_publicize_feature_enabled":true,"jetpack_social_post_already_shared":true,"jetpack_social_options":{"image_generator_settings":{"template":"highway","default_image_id":0,"font":"","enabled":false},"version":2}},"categories":[3],"tags":[],"class_list":["post-49740","post","type-post","status-publish","format-standard","has-post-thumbnail","hentry","category-novosti"],"acf":{"facebook_opis":""},"jetpack_publicize_connections":[],"jetpack_featured_media_url":"https:\/\/i0.wp.com\/historiografija.hr\/wp-content\/uploads\/2025\/09\/Velim_Slaus.jpg?fit=768%2C1024&ssl=1","jetpack_sharing_enabled":true,"jetpack-related-posts":[],"_links":{"self":[{"href":"https:\/\/historiografija.hr\/index.php?rest_route=\/wp\/v2\/posts\/49740","targetHints":{"allow":["GET"]}}],"collection":[{"href":"https:\/\/historiografija.hr\/index.php?rest_route=\/wp\/v2\/posts"}],"about":[{"href":"https:\/\/historiografija.hr\/index.php?rest_route=\/wp\/v2\/types\/post"}],"author":[{"embeddable":true,"href":"https:\/\/historiografija.hr\/index.php?rest_route=\/wp\/v2\/users\/2"}],"replies":[{"embeddable":true,"href":"https:\/\/historiografija.hr\/index.php?rest_route=%2Fwp%2Fv2%2Fcomments&post=49740"}],"version-history":[{"count":1,"href":"https:\/\/historiografija.hr\/index.php?rest_route=\/wp\/v2\/posts\/49740\/revisions"}],"predecessor-version":[{"id":49741,"href":"https:\/\/historiografija.hr\/index.php?rest_route=\/wp\/v2\/posts\/49740\/revisions\/49741"}],"wp:featuredmedia":[{"embeddable":true,"href":"https:\/\/historiografija.hr\/index.php?rest_route=\/wp\/v2\/media\/48132"}],"wp:attachment":[{"href":"https:\/\/historiografija.hr\/index.php?rest_route=%2Fwp%2Fv2%2Fmedia&parent=49740"}],"wp:term":[{"taxonomy":"category","embeddable":true,"href":"https:\/\/historiografija.hr\/index.php?rest_route=%2Fwp%2Fv2%2Fcategories&post=49740"},{"taxonomy":"post_tag","embeddable":true,"href":"https:\/\/historiografija.hr\/index.php?rest_route=%2Fwp%2Fv2%2Ftags&post=49740"}],"curies":[{"name":"wp","href":"https:\/\/api.w.org\/{rel}","templated":true}]}}