{"id":49721,"date":"2025-11-19T22:44:27","date_gmt":"2025-11-19T22:44:27","guid":{"rendered":"https:\/\/historiografija.hr\/?p=49721"},"modified":"2025-11-19T22:44:57","modified_gmt":"2025-11-19T22:44:57","slug":"predstavljanje-knjige-zlatka-kramarica-i-poslije-tita-tito-u-splitu","status":"publish","type":"post","link":"https:\/\/historiografija.hr\/?p=49721","title":{"rendered":"Predstavljanje knjige Zlatka Kramari\u0107a \u201eI poslije Tita \u2013 Tito\u201c u Splitu"},"content":{"rendered":"\n<hr class=\"wp-block-separator has-alpha-channel-opacity\"\/>\n\n\n\n<p>Hrvatska paneuropska unija \u2013 Ogranak Split i Hrvatska udruga \u201cBenedikt\u201d, u suradnji s Veleposlanstvom Republike Hrvatske u Tirani i Hrvatskom sveu\u010dili\u0161nom nakladom, organiziraju predstavljanje knjige <strong>\u201eI poslije Tita \u2013 Tito: Povijest. Sje\u0107anje. Trauma.\u201c<\/strong> autora <strong>prof. dr. sc. Zlatka Kramari\u0107a<\/strong>.<\/p>\n\n\n\n<p><strong>Petak, 21. studenoga 2025. u 18 sati<\/strong><\/p>\n\n\n\n<p><strong>Matica hrvatska \u2013 Ogranak Split, Marmontova 1\/II<\/strong><\/p>\n\n\n\n<p>Knjigu \u0107e predstaviti:<\/p>\n\n\n\n<ul class=\"wp-block-list\">\n<li><strong>akademik Davorin Rudolf<\/strong>, \u010dlan HAZU-a<\/li>\n\n\n\n<li><strong>prof. dr. sc. Pavo Bari\u0161i\u0107<\/strong>, predsjednik Me\u0111unarodne paneuropske unije<\/li>\n\n\n\n<li><strong>prof. dr. sc. Ivan Bo\u0161kovi\u0107<\/strong>, umirovljeni sveu\u010dili\u0161ni profesor<\/li>\n\n\n\n<li><strong>prof. dr. sc. Zlatko Kramari\u0107<\/strong>, autor<\/li>\n<\/ul>\n\n\n\n<p>Program \u0107e moderirati <strong>prof. dr. sc. Ivan Pavi\u0107<\/strong>, predsjednik splitskog ogranka HPEU-a.<\/p>\n\n\n\n<p>U ime Hrvatske udruge Benedikt pozdravnu rije\u010d odr\u017eat \u0107e<strong> Radoslav Zaradi\u0107, <\/strong>predsjednik udruge<strong>.<\/strong><\/p>\n\n\n\n<p>Knjiga na 290 stranica donosi pet interdisciplinarnih studija koje obra\u0111uju kraj komunizma, raspad komunisti\u010dkih sustava u jugoisto\u010dnoj Europi te naslje\u0111e komunisti\u010dkih struktura u suvremenim dru\u0161tvima. Autor kroz prizmu povijesti, kolektivnog sje\u0107anja i traume otvara kompleksna pitanja politi\u010dkih i dru\u0161tvenih procesa koji su obilje\u017eili na\u0161e vrijeme.<\/p>\n\n\n\n<p>Ulaz je slobodan.<\/p>\n\n\n\n<p>Pozivamo sve zainteresirane da se pridru\u017ee ovom va\u017enom intelektualnom i kulturnom doga\u0111aju.<\/p>\n\n\n\n<hr class=\"wp-block-separator has-alpha-channel-opacity\"\/>\n\n\n\n<p>Izvor:<\/p>\n\n\n\n<figure class=\"wp-block-embed is-type-wp-embed is-provider-hrvatska-udruga-benedikt wp-block-embed-hrvatska-udruga-benedikt\"><div class=\"wp-block-embed__wrapper\">\n<blockquote class=\"wp-embedded-content\" data-secret=\"Btdx4kSVVu\"><a href=\"https:\/\/hu-benedikt.hr\/2025\/11\/najava-predstavljanje-knjige-i-poslije-tita-tito-prof-dr-sc-zlatka-kramarica-u-splitu\/\">NAJAVA | Predstavljanje knjige \u201eI poslije Tita \u2013 Tito\u201c prof. dr. sc. Zlatka Kramari\u0107a u Splitu<\/a><\/blockquote><iframe loading=\"lazy\" class=\"wp-embedded-content\" sandbox=\"allow-scripts\" security=\"restricted\" style=\"position: absolute; visibility: hidden;\" title=\"&#8220;NAJAVA | Predstavljanje knjige \u201eI poslije Tita \u2013 Tito\u201c prof. dr. sc. Zlatka Kramari\u0107a u Splitu&#8221; &#8212; Hrvatska udruga Benedikt\" src=\"https:\/\/hu-benedikt.hr\/2025\/11\/najava-predstavljanje-knjige-i-poslije-tita-tito-prof-dr-sc-zlatka-kramarica-u-splitu\/embed\/#?secret=Btdx4kSVVu\" data-secret=\"Btdx4kSVVu\" width=\"600\" height=\"338\" frameborder=\"0\" marginwidth=\"0\" marginheight=\"0\" scrolling=\"no\"><\/iframe>\n<\/div><\/figure>\n\n\n\n<hr class=\"wp-block-separator has-alpha-channel-opacity\"\/>\n","protected":false},"excerpt":{"rendered":"","protected":false},"author":2,"featured_media":49722,"comment_status":"open","ping_status":"open","sticky":false,"template":"","format":"standard","meta":{"_acf_changed":false,"jetpack_post_was_ever_published":false,"_jetpack_newsletter_access":"","_jetpack_dont_email_post_to_subs":false,"_jetpack_newsletter_tier_id":0,"_jetpack_memberships_contains_paywalled_content":false,"_jetpack_memberships_contains_paid_content":false,"footnotes":"","jetpack_publicize_message":"","jetpack_publicize_feature_enabled":true,"jetpack_social_post_already_shared":true,"jetpack_social_options":{"image_generator_settings":{"template":"highway","default_image_id":0,"font":"","enabled":false},"version":2}},"categories":[3],"tags":[],"class_list":["post-49721","post","type-post","status-publish","format-standard","has-post-thumbnail","hentry","category-novosti"],"acf":{"facebook_opis":""},"jetpack_publicize_connections":[],"jetpack_featured_media_url":"https:\/\/i0.wp.com\/historiografija.hr\/wp-content\/uploads\/2025\/11\/HU_Benedikt.jpg?fit=1282%2C641&ssl=1","jetpack_sharing_enabled":true,"jetpack-related-posts":[],"_links":{"self":[{"href":"https:\/\/historiografija.hr\/index.php?rest_route=\/wp\/v2\/posts\/49721","targetHints":{"allow":["GET"]}}],"collection":[{"href":"https:\/\/historiografija.hr\/index.php?rest_route=\/wp\/v2\/posts"}],"about":[{"href":"https:\/\/historiografija.hr\/index.php?rest_route=\/wp\/v2\/types\/post"}],"author":[{"embeddable":true,"href":"https:\/\/historiografija.hr\/index.php?rest_route=\/wp\/v2\/users\/2"}],"replies":[{"embeddable":true,"href":"https:\/\/historiografija.hr\/index.php?rest_route=%2Fwp%2Fv2%2Fcomments&post=49721"}],"version-history":[{"count":2,"href":"https:\/\/historiografija.hr\/index.php?rest_route=\/wp\/v2\/posts\/49721\/revisions"}],"predecessor-version":[{"id":49724,"href":"https:\/\/historiografija.hr\/index.php?rest_route=\/wp\/v2\/posts\/49721\/revisions\/49724"}],"wp:featuredmedia":[{"embeddable":true,"href":"https:\/\/historiografija.hr\/index.php?rest_route=\/wp\/v2\/media\/49722"}],"wp:attachment":[{"href":"https:\/\/historiografija.hr\/index.php?rest_route=%2Fwp%2Fv2%2Fmedia&parent=49721"}],"wp:term":[{"taxonomy":"category","embeddable":true,"href":"https:\/\/historiografija.hr\/index.php?rest_route=%2Fwp%2Fv2%2Fcategories&post=49721"},{"taxonomy":"post_tag","embeddable":true,"href":"https:\/\/historiografija.hr\/index.php?rest_route=%2Fwp%2Fv2%2Ftags&post=49721"}],"curies":[{"name":"wp","href":"https:\/\/api.w.org\/{rel}","templated":true}]}}