{"id":49703,"date":"2025-11-19T22:17:56","date_gmt":"2025-11-19T22:17:56","guid":{"rendered":"https:\/\/historiografija.hr\/?p=49703"},"modified":"2025-11-19T22:20:02","modified_gmt":"2025-11-19T22:20:02","slug":"simpozij-zajednicko-povijesno-sjecanje-na-socansku-frontu-izlozba-hrvatske-jedinice-na-soskoj-fronti-i-dokumentarni-film-general-boroevic","status":"publish","type":"post","link":"https:\/\/historiografija.hr\/?p=49703","title":{"rendered":"Simpozij \u201eZajedni\u010dko povijesno sje\u0107anje na so\u010dansku frontu\u201c, izlo\u017eba \u201eHrvatske jedinice na so\u0161koj fronti\u201c i dokumentarni film \u201eGeneral Boroevi\u0107\u201c"},"content":{"rendered":"\n<p>Slovenski dom KPD Bazovica Rijeka&nbsp;u suradnji s Kobari\u0161kim muzejem i Veleposlanstvom Republike Slovenije u Zagrebu organizira stru\u010dni simpozij&nbsp;<em>Skupni zgodovinski spomin na so\u0161ko fronto \/ Zajedni\u010dko povijesno sje\u0107anje na so\u010dansku frontu<\/em>&nbsp;uz popratnu izlo\u017ebu&nbsp;<em>Hrva\u0161ke enote na so\u0161ki fronti \/ hrvatske jedinice na so\u0161koj fronti<\/em>.<\/p>\n\n\n\n<p>U programu \u0107e sudjelovati i hrvatski te slovenski povjesni\u010dari.&nbsp;<\/p>\n\n\n\n<hr class=\"wp-block-separator has-alpha-channel-opacity\"\/>\n\n\n\n<p>Izvor i dodatne obavijesti u prilogu:<\/p>\n\n\n\n<figure class=\"wp-block-embed is-type-wp-embed is-provider-hrvatski-kulturni-dom-na-su-aku wp-block-embed-hrvatski-kulturni-dom-na-su-aku\"><div class=\"wp-block-embed__wrapper\">\n<blockquote class=\"wp-embedded-content\" data-secret=\"0BwckZ7Cj4\"><a href=\"https:\/\/hkd-rijeka.hr\/dogadanja\/skupni-zgodovinski-spomin-na-sosko-fronto-hrvaske-enote-na-soski-fronti\/\">Skupni zgodovinski spomin na so\u0161ko fronto \/ Hrva\u0161ke enote na so\u0161ki fronti<\/a><\/blockquote><iframe loading=\"lazy\" class=\"wp-embedded-content\" sandbox=\"allow-scripts\" security=\"restricted\" style=\"position: absolute; visibility: hidden;\" title=\"&#8220;Skupni zgodovinski spomin na so\u0161ko fronto \/ Hrva\u0161ke enote na so\u0161ki fronti&#8221; &#8212; Hrvatski kulturni dom na Su\u0161aku\" src=\"https:\/\/hkd-rijeka.hr\/dogadanja\/skupni-zgodovinski-spomin-na-sosko-fronto-hrvaske-enote-na-soski-fronti\/embed\/#?secret=XbOojWbWlk#?secret=0BwckZ7Cj4\" data-secret=\"0BwckZ7Cj4\" width=\"600\" height=\"338\" frameborder=\"0\" marginwidth=\"0\" marginheight=\"0\" scrolling=\"no\"><\/iframe>\n<\/div><\/figure>\n\n\n\n<hr class=\"wp-block-separator has-alpha-channel-opacity\"\/>\n\n\n\n<div data-wp-interactive=\"core\/file\" class=\"wp-block-file\"><object data-wp-bind--hidden=\"!state.hasPdfPreview\" hidden class=\"wp-block-file__embed\" data=\"https:\/\/historiografija.hr\/wp-content\/uploads\/2025\/11\/plakat.pdf\" type=\"application\/pdf\" style=\"width:100%;height:600px\" aria-label=\"Ugra\u0111eno plakat.\"><\/object><a id=\"wp-block-file--media-6cabbced-09f5-4d4a-b9f1-c86bb8d20e9f\" href=\"https:\/\/historiografija.hr\/wp-content\/uploads\/2025\/11\/plakat.pdf\">plakat<\/a><a href=\"https:\/\/historiografija.hr\/wp-content\/uploads\/2025\/11\/plakat.pdf\" class=\"wp-block-file__button wp-element-button\" download aria-describedby=\"wp-block-file--media-6cabbced-09f5-4d4a-b9f1-c86bb8d20e9f\">Preuzmi<\/a><\/div>\n\n\n\n<hr class=\"wp-block-separator has-alpha-channel-opacity\"\/>\n\n\n\n<div data-wp-interactive=\"core\/file\" class=\"wp-block-file\"><object data-wp-bind--hidden=\"!state.hasPdfPreview\" hidden class=\"wp-block-file__embed\" data=\"https:\/\/historiografija.hr\/wp-content\/uploads\/2025\/11\/pozivnica.pdf\" type=\"application\/pdf\" style=\"width:100%;height:600px\" aria-label=\"Ugra\u0111eno pozivnica.\"><\/object><a id=\"wp-block-file--media-478db814-747a-4cc7-8921-a4334f4be9d8\" href=\"https:\/\/historiografija.hr\/wp-content\/uploads\/2025\/11\/pozivnica.pdf\">pozivnica<\/a><a href=\"https:\/\/historiografija.hr\/wp-content\/uploads\/2025\/11\/pozivnica.pdf\" class=\"wp-block-file__button wp-element-button\" download aria-describedby=\"wp-block-file--media-478db814-747a-4cc7-8921-a4334f4be9d8\">Preuzmi<\/a><\/div>\n\n\n\n<hr class=\"wp-block-separator has-alpha-channel-opacity\"\/>\n","protected":false},"excerpt":{"rendered":"","protected":false},"author":2,"featured_media":49704,"comment_status":"open","ping_status":"open","sticky":false,"template":"","format":"standard","meta":{"_acf_changed":false,"jetpack_post_was_ever_published":false,"_jetpack_newsletter_access":"","_jetpack_dont_email_post_to_subs":false,"_jetpack_newsletter_tier_id":0,"_jetpack_memberships_contains_paywalled_content":false,"_jetpack_memberships_contains_paid_content":false,"footnotes":"","jetpack_publicize_message":"","jetpack_publicize_feature_enabled":true,"jetpack_social_post_already_shared":true,"jetpack_social_options":{"image_generator_settings":{"template":"highway","default_image_id":0,"font":"","enabled":false},"version":2}},"categories":[13,10,3,9],"tags":[],"class_list":["post-49703","post","type-post","status-publish","format-standard","has-post-thumbnail","hentry","category-filmovi-i-serije","category-izlozbe","category-novosti","category-skupovi"],"acf":{"facebook_opis":""},"jetpack_publicize_connections":[],"jetpack_featured_media_url":"https:\/\/i0.wp.com\/historiografija.hr\/wp-content\/uploads\/2025\/11\/kobariski.jpg?fit=768%2C576&ssl=1","jetpack_sharing_enabled":true,"jetpack-related-posts":[],"_links":{"self":[{"href":"https:\/\/historiografija.hr\/index.php?rest_route=\/wp\/v2\/posts\/49703","targetHints":{"allow":["GET"]}}],"collection":[{"href":"https:\/\/historiografija.hr\/index.php?rest_route=\/wp\/v2\/posts"}],"about":[{"href":"https:\/\/historiografija.hr\/index.php?rest_route=\/wp\/v2\/types\/post"}],"author":[{"embeddable":true,"href":"https:\/\/historiografija.hr\/index.php?rest_route=\/wp\/v2\/users\/2"}],"replies":[{"embeddable":true,"href":"https:\/\/historiografija.hr\/index.php?rest_route=%2Fwp%2Fv2%2Fcomments&post=49703"}],"version-history":[{"count":4,"href":"https:\/\/historiografija.hr\/index.php?rest_route=\/wp\/v2\/posts\/49703\/revisions"}],"predecessor-version":[{"id":49711,"href":"https:\/\/historiografija.hr\/index.php?rest_route=\/wp\/v2\/posts\/49703\/revisions\/49711"}],"wp:featuredmedia":[{"embeddable":true,"href":"https:\/\/historiografija.hr\/index.php?rest_route=\/wp\/v2\/media\/49704"}],"wp:attachment":[{"href":"https:\/\/historiografija.hr\/index.php?rest_route=%2Fwp%2Fv2%2Fmedia&parent=49703"}],"wp:term":[{"taxonomy":"category","embeddable":true,"href":"https:\/\/historiografija.hr\/index.php?rest_route=%2Fwp%2Fv2%2Fcategories&post=49703"},{"taxonomy":"post_tag","embeddable":true,"href":"https:\/\/historiografija.hr\/index.php?rest_route=%2Fwp%2Fv2%2Ftags&post=49703"}],"curies":[{"name":"wp","href":"https:\/\/api.w.org\/{rel}","templated":true}]}}