{"id":49696,"date":"2025-11-19T22:00:22","date_gmt":"2025-11-19T22:00:22","guid":{"rendered":"https:\/\/historiografija.hr\/?p=49696"},"modified":"2025-11-19T22:00:22","modified_gmt":"2025-11-19T22:00:22","slug":"predavanje-dr-sc-dinka-zupana-zivot-i-djelo-matije-petra-katancica-u-povodu-200-obljetnice-smrti-u-centru-za-znanstveni-rad-hazu-u-vinkovcima","status":"publish","type":"post","link":"https:\/\/historiografija.hr\/?p=49696","title":{"rendered":"Predavanje dr. sc. Dinka \u017dupana \u201c\u017divot i djelo Matije Petra Katan\u010di\u0107a, u povodu 200. obljetnice smrti\u201d u Centru za znanstveni rad HAZU u Vinkovcima"},"content":{"rendered":"\n<p>U organizaciji Centra za znanstveni rad Hrvatske akademije znanosti i umjetnosti u Vinkovcima dr. sc. Dinko \u017dupan, znanstveni savjetnik Hrvatskoga instituta za povijest, Podru\u017enice za povijest Slavonije, Srijema i Baranje u Slavonskom Brodu, odr\u017eat \u0107e predavanje <em>\u017divot i djelo Matije Petra Katan\u010di\u0107a, u povodu 200. obljetnice smrti<\/em> u Centru za znanstveni rad HAZU u Vinkovcima, Jurja Dalmatinca 22, u srijedu 19. studenog 2025. u 18 sati.<\/p>\n\n\n\n<p>Dr. sc. Dinko \u017dupan, znanstveni savjetnik, pokrenuo je znanstvenu manifestaciju <em>Dani Matije Petra Katan\u010di\u0107a <\/em>u Valpovu 2019. godine u organizaciji Grada Valpova i Podru\u017enice Hrvatskoga instituta za povijest u Slavonskom Brodu. Ovogodi\u0161nji 7. <em>Dani Matije Petra Katan\u010di\u0107a<\/em> posve\u0107eni su velikoj obljetni\u010dkoj 200. godi\u0161njici ro\u0111enja toga istaknutoga hrvatskog erudita s podru\u010dja tada\u0161njih humanisti\u010dkih znanosti s kraja 18. i po\u010detka 19. stolje\u0107a. Zalaganjem i radom dr. Dinka \u017dupana otvoren je Edukacijsko-interpretacijski centar <em>Matija Petar Katan\u010di\u0107<\/em> i izgra\u0111en Memorijalni centar <em>Matija Petar Katan\u010di\u0107<\/em> zbog \u010dega, uz ostalo, Valpovo s ponosom nosi perifrazno ime \u201egrad Matije Petra Katan\u010di\u0107a\u201c.<\/p>\n\n\n\n<hr class=\"wp-block-separator has-alpha-channel-opacity\"\/>\n\n\n\n<p>Izvor:<\/p>\n\n\n\n<figure class=\"wp-block-embed is-type-wp-embed is-provider-hazu wp-block-embed-hazu\"><div class=\"wp-block-embed__wrapper\">\n<blockquote class=\"wp-embedded-content\" data-secret=\"4JrK8zAPtq\"><a href=\"https:\/\/www.info.hazu.hr\/events\/predavanje-dr-sc-dinka-zupana-zivot-i-djelo-matije-petra-katancica-u-povodu-200-obljetnice-smrti-u-centru-za-znanstveni-rad-hazu-u-vinkovcima\/\">Predavanje dr. sc. Dinka \u017dupana &#8220;\u017divot i djelo Matije Petra Katan\u010di\u0107a, u povodu 200. obljetnice smrti&#8221; u Centru za znanstveni rad HAZU u Vinkovcima<\/a><\/blockquote><iframe loading=\"lazy\" class=\"wp-embedded-content\" sandbox=\"allow-scripts\" security=\"restricted\" style=\"position: absolute; visibility: hidden;\" title=\"&#8220;Predavanje dr. sc. Dinka \u017dupana &#8220;\u017divot i djelo Matije Petra Katan\u010di\u0107a, u povodu 200. obljetnice smrti&#8221; u Centru za znanstveni rad HAZU u Vinkovcima&#8221; &#8212; HAZU\" src=\"https:\/\/www.info.hazu.hr\/events\/predavanje-dr-sc-dinka-zupana-zivot-i-djelo-matije-petra-katancica-u-povodu-200-obljetnice-smrti-u-centru-za-znanstveni-rad-hazu-u-vinkovcima\/embed\/#?secret=4JrK8zAPtq\" data-secret=\"4JrK8zAPtq\" width=\"600\" height=\"338\" frameborder=\"0\" marginwidth=\"0\" marginheight=\"0\" scrolling=\"no\"><\/iframe>\n<\/div><\/figure>\n\n\n\n<hr class=\"wp-block-separator has-alpha-channel-opacity\"\/>\n","protected":false},"excerpt":{"rendered":"","protected":false},"author":2,"featured_media":49697,"comment_status":"open","ping_status":"open","sticky":false,"template":"","format":"standard","meta":{"_acf_changed":false,"jetpack_post_was_ever_published":false,"_jetpack_newsletter_access":"","_jetpack_dont_email_post_to_subs":false,"_jetpack_newsletter_tier_id":0,"_jetpack_memberships_contains_paywalled_content":false,"_jetpack_memberships_contains_paid_content":false,"footnotes":"","jetpack_publicize_message":"","jetpack_publicize_feature_enabled":true,"jetpack_social_post_already_shared":true,"jetpack_social_options":{"image_generator_settings":{"template":"highway","default_image_id":0,"font":"","enabled":false},"version":2}},"categories":[3],"tags":[],"class_list":["post-49696","post","type-post","status-publish","format-standard","has-post-thumbnail","hentry","category-novosti"],"acf":{"facebook_opis":""},"jetpack_publicize_connections":[],"jetpack_featured_media_url":"https:\/\/i0.wp.com\/historiografija.hr\/wp-content\/uploads\/2025\/11\/Pozivnica-Zupan.jpg?fit=300%2C400&ssl=1","jetpack_sharing_enabled":true,"jetpack-related-posts":[],"_links":{"self":[{"href":"https:\/\/historiografija.hr\/index.php?rest_route=\/wp\/v2\/posts\/49696","targetHints":{"allow":["GET"]}}],"collection":[{"href":"https:\/\/historiografija.hr\/index.php?rest_route=\/wp\/v2\/posts"}],"about":[{"href":"https:\/\/historiografija.hr\/index.php?rest_route=\/wp\/v2\/types\/post"}],"author":[{"embeddable":true,"href":"https:\/\/historiografija.hr\/index.php?rest_route=\/wp\/v2\/users\/2"}],"replies":[{"embeddable":true,"href":"https:\/\/historiografija.hr\/index.php?rest_route=%2Fwp%2Fv2%2Fcomments&post=49696"}],"version-history":[{"count":1,"href":"https:\/\/historiografija.hr\/index.php?rest_route=\/wp\/v2\/posts\/49696\/revisions"}],"predecessor-version":[{"id":49698,"href":"https:\/\/historiografija.hr\/index.php?rest_route=\/wp\/v2\/posts\/49696\/revisions\/49698"}],"wp:featuredmedia":[{"embeddable":true,"href":"https:\/\/historiografija.hr\/index.php?rest_route=\/wp\/v2\/media\/49697"}],"wp:attachment":[{"href":"https:\/\/historiografija.hr\/index.php?rest_route=%2Fwp%2Fv2%2Fmedia&parent=49696"}],"wp:term":[{"taxonomy":"category","embeddable":true,"href":"https:\/\/historiografija.hr\/index.php?rest_route=%2Fwp%2Fv2%2Fcategories&post=49696"},{"taxonomy":"post_tag","embeddable":true,"href":"https:\/\/historiografija.hr\/index.php?rest_route=%2Fwp%2Fv2%2Ftags&post=49696"}],"curies":[{"name":"wp","href":"https:\/\/api.w.org\/{rel}","templated":true}]}}