{"id":49690,"date":"2025-11-19T21:47:47","date_gmt":"2025-11-19T21:47:47","guid":{"rendered":"https:\/\/historiografija.hr\/?p=49690"},"modified":"2025-11-19T21:47:47","modified_gmt":"2025-11-19T21:47:47","slug":"javno-predavanje-zagreb-donji-grad-prostor-ljudi-i-nasljede-koje-zivimo","status":"publish","type":"post","link":"https:\/\/historiografija.hr\/?p=49690","title":{"rendered":"Javno predavanje \u201eZagreb \u2013 Donji grad: prostor, ljudi i naslje\u0111e koje \u017eivimo\u201c"},"content":{"rendered":"\n<p><strong>Gradska knji\u017enica \u2014 Knji\u017enice grada Zagreba i Institut za povijest umjetnosti u okviru programa zavi\u010dajne zbirke <a href=\"https:\/\/www.kgz.hr\/hr\/knjiznice\/gradska-knjiznica-zbirka-zagrabiensia\/836\" target=\"_blank\" rel=\"noreferrer noopener\">Zagrabiensia<\/a> i projekta <a href=\"https:\/\/www.ipu.hr\/article\/hr\/1616\/ARHZAG\">ARHZAG<\/a> pozivaju Vas na predavanje Ive Muraj i Eve Radolovi\u0107 \u201eZagreb \u2013 Donji grad: prostor, ljudi i naslje\u0111e koje \u017eivimo\u201c, koje \u0107e se odr\u017eati u \u010detvrtak, 20. studenoga 2025. u 18:00 sati u Multimedijalnoj dvorani u Gradskoj knji\u017enici (Star\u010devi\u0107ev trg 4, Zagreb).<\/strong><\/p>\n\n\n\n<p><strong>&gt;&gt;&gt; <a href=\"https:\/\/www.ipu.hr\/content\/info\/ARHZAG_IPU-KGZ_predavanje_20251120_poziv.pdf\">POZIV<\/a> &lt;&lt;&lt;<\/strong><\/p>\n\n\n\n<p>Zagreba\u010dki Donji grad nije samo arhitektonska cjelina nego i \u017eivi prostor u kojem se naslje\u0111e i suvremenost neprestano isprepli\u0107u. Tijekom posljednjih 150 godina stanovanje i kultura \u017eivljenja u ovom dijelu grada do\u017eivjeli su brojne promjene. Turbulentni povijesni doga\u0111aji i promjene dru\u0161tveno-politi\u010dkih prilika primorali su dugogodi\u0161nje stanovnike \u2013 \u010dije obitelji ovdje \u017eive generacijama \u2013 da se stalno prilago\u0111avaju novim okolnostima.<\/p>\n\n\n\n<p>Predavanje donosi osobni pogled na arhitektonske i kulturne procese u zagreba\u010dkom Donjem gradu \u2013 prostoru koji istodobno \u010duva i gubi tragove vlastite povijesti. Kroz primjere stanovanja i svakodnevnog \u017eivota razmatra se odnos izme\u0111u prostora, identiteta i vrijednosti koje oblikuju suvremeni Donji grad te \u0161to zapravo zna\u010di \u201e\u017eivjeti ba\u0161tinu\u201d.<\/p>\n\n\n\n<p>Poziv je to na promi\u0161ljanje o tome \u0161to u Donjem gradu \u017eelimo \u010duvati, a \u0161to mijenjati, kako suvremeni \u017eivot utje\u010de na graditeljsko naslje\u0111e kao neizostavni dio na\u0161eg kulturnog identiteta te s kojim se izazovima suo\u010davaju njegovi dugogodi\u0161nji stanovnici.<\/p>\n\n\n\n<p><strong>Organizacija i uvodna rije\u010d:<\/strong><\/p>\n\n\n\n<ul class=\"wp-block-list\">\n<li><strong>Ivana Fi\u0161trek<\/strong>, voditeljica zbirke Zagrabiensia, Gradska knji\u017enica, Knji\u017enice grada Zagreba<\/li>\n\n\n\n<li><strong>Irena Kra\u0161evac<\/strong>, voditeljica projekta ARHZAG<\/li>\n<\/ul>\n\n\n\n<hr class=\"wp-block-separator has-alpha-channel-opacity\"\/>\n\n\n\n<p>Izvor:<\/p>\n\n\n\n<p><a href=\"https:\/\/www.ipu.hr\/article\/hr\/2056\/zagreb-donji-grad-prostor-ljudi-i-nasljede-koje-zivimo\">https:\/\/www.ipu.hr\/article\/hr\/2056\/zagreb-donji-grad-prostor-ljudi-i-nasljede-koje-zivimo<\/a><\/p>\n\n\n\n<hr class=\"wp-block-separator has-alpha-channel-opacity\"\/>\n","protected":false},"excerpt":{"rendered":"","protected":false},"author":2,"featured_media":49691,"comment_status":"open","ping_status":"open","sticky":false,"template":"","format":"standard","meta":{"_acf_changed":false,"jetpack_post_was_ever_published":false,"_jetpack_newsletter_access":"","_jetpack_dont_email_post_to_subs":false,"_jetpack_newsletter_tier_id":0,"_jetpack_memberships_contains_paywalled_content":false,"_jetpack_memberships_contains_paid_content":false,"footnotes":"","jetpack_publicize_message":"","jetpack_publicize_feature_enabled":true,"jetpack_social_post_already_shared":true,"jetpack_social_options":{"image_generator_settings":{"template":"highway","default_image_id":0,"font":"","enabled":false},"version":2}},"categories":[3],"tags":[],"class_list":["post-49690","post","type-post","status-publish","format-standard","has-post-thumbnail","hentry","category-novosti"],"acf":{"facebook_opis":""},"jetpack_publicize_connections":[],"jetpack_featured_media_url":"https:\/\/i0.wp.com\/historiografija.hr\/wp-content\/uploads\/2025\/11\/arhzag-ipu-kgz-pozivnica.jpg?fit=1699%2C1063&ssl=1","jetpack_sharing_enabled":true,"jetpack-related-posts":[],"_links":{"self":[{"href":"https:\/\/historiografija.hr\/index.php?rest_route=\/wp\/v2\/posts\/49690","targetHints":{"allow":["GET"]}}],"collection":[{"href":"https:\/\/historiografija.hr\/index.php?rest_route=\/wp\/v2\/posts"}],"about":[{"href":"https:\/\/historiografija.hr\/index.php?rest_route=\/wp\/v2\/types\/post"}],"author":[{"embeddable":true,"href":"https:\/\/historiografija.hr\/index.php?rest_route=\/wp\/v2\/users\/2"}],"replies":[{"embeddable":true,"href":"https:\/\/historiografija.hr\/index.php?rest_route=%2Fwp%2Fv2%2Fcomments&post=49690"}],"version-history":[{"count":1,"href":"https:\/\/historiografija.hr\/index.php?rest_route=\/wp\/v2\/posts\/49690\/revisions"}],"predecessor-version":[{"id":49692,"href":"https:\/\/historiografija.hr\/index.php?rest_route=\/wp\/v2\/posts\/49690\/revisions\/49692"}],"wp:featuredmedia":[{"embeddable":true,"href":"https:\/\/historiografija.hr\/index.php?rest_route=\/wp\/v2\/media\/49691"}],"wp:attachment":[{"href":"https:\/\/historiografija.hr\/index.php?rest_route=%2Fwp%2Fv2%2Fmedia&parent=49690"}],"wp:term":[{"taxonomy":"category","embeddable":true,"href":"https:\/\/historiografija.hr\/index.php?rest_route=%2Fwp%2Fv2%2Fcategories&post=49690"},{"taxonomy":"post_tag","embeddable":true,"href":"https:\/\/historiografija.hr\/index.php?rest_route=%2Fwp%2Fv2%2Ftags&post=49690"}],"curies":[{"name":"wp","href":"https:\/\/api.w.org\/{rel}","templated":true}]}}