{"id":49666,"date":"2025-11-17T14:33:44","date_gmt":"2025-11-17T14:33:44","guid":{"rendered":"https:\/\/historiografija.hr\/?p=49666"},"modified":"2025-11-17T14:34:13","modified_gmt":"2025-11-17T14:34:13","slug":"multimedijalna-izlozba-ratne-fotografije-vukovar-91","status":"publish","type":"post","link":"https:\/\/historiografija.hr\/?p=49666","title":{"rendered":"Multimedijalna izlo\u017eba ratne fotografije: &#8220;Vukovar &#8217;91&#8221;"},"content":{"rendered":"\n<p>\u010cast nam je pozvati Vas na otvorenje multimedijalne izlo\u017ebe autenti\u010dnih fotografija iz ratnog Vukovara 1991. godine, jedinstvenog postava koji donosi do sada nevi\u0111ene prizore grada i njegovih ljudi u trenucima najve\u0107e tragedije i hrabrosti.<\/p>\n\n\n\n<p>Izlo\u017eba okuplja radove renomiranih svjetskih fotografa: <strong>Delmija Alvareza, Davida Pratta, Laurenta Van der Stockta, Stevea Chapman-Bertellija, Philippea Lobjoisa i Jean-Louisa Ravaleta<\/strong>, \u010diji su objektivi zabilje\u017eili stvarnost ratnog Vukovara tijekom 1991. godine.<\/p>\n\n\n\n<p><br>Velik dio ovih fotografija nikada do sada nije bio izlo\u017een ni javno prikazan, a njihovo predstavljanje postalo je mogu\u0107e zahvaljuju\u0107i predanoj vi\u0161egodi\u0161njoj potrazi i prikupljanju gra\u0111e koje su vodili Josip Deur i Darko Gali\u0107.<\/p>\n\n\n\n<p><br>Multimedijalni koncept izlo\u017ebe omogu\u0107it \u0107e posjetiteljima dublje razumijevanje konteksta u kojem su fotografije nastale \u2013 kroz kombinaciju vizualnog, dokumentarnog i arhivskog materijala koji svjedo\u010di o razmjerima razaranja, ali i o snazi nade, solidarnosti i otpora gra\u0111ana Vukovara.<\/p>\n\n\n\n<p><br>Otvorenje izlo\u017ebe odr\u017eat \u0107e se <strong>u nedjelju, 16. studenoga 2025. godine u 13 sati&nbsp;u Hrvatskom domu Vukovar, kao dio slu\u017ebenog programa obilje\u017eavanja Dana sje\u0107anja na \u017ertvu Vukovara.&nbsp;<\/strong>Bit \u0107e nam iznimna \u010dast da svojim dolaskom podr\u017eite ovaj va\u017ean projekt koji \u010duva sje\u0107anje, donosi novu povijesnu vrijednost i daje glas fotografskim pri\u010dama koje su predugo ostale skrivene.<\/p>\n\n\n\n<p>Organizator ovog doga\u0111aja je Savjet za branitelje Grada Vukovara.<\/p>\n\n\n\n<hr class=\"wp-block-separator has-alpha-channel-opacity\"\/>\n\n\n\n<p>Izvor:<\/p>\n\n\n\n<p><a href=\"https:\/\/www.hrvatskidomvukovar.hr\/index.php?id=990\">https:\/\/www.hrvatskidomvukovar.hr\/index.php?id=990<\/a><\/p>\n\n\n\n<hr class=\"wp-block-separator has-alpha-channel-opacity\"\/>\n\n\n\n<p>Iz medija:<\/p>\n\n\n\n<figure class=\"wp-block-embed is-type-wp-embed is-provider-novi-list wp-block-embed-novi-list\"><div class=\"wp-block-embed__wrapper\">\n<blockquote class=\"wp-embedded-content\" data-secret=\"YQRgvbAVlC\"><a href=\"https:\/\/www.novilist.hr\/novosti\/hrvatska\/otvorena-izlozba-fotografija-stranih-reportera-iz-ratnog-vukovara-neke-nikad-nisu-bile-u-javnosti\/\">Otvorena izlo\u017eba fotografija stranih reportera iz ratnog Vukovara, neke nikad nisu bile u javnosti<\/a><\/blockquote><iframe loading=\"lazy\" class=\"wp-embedded-content\" sandbox=\"allow-scripts\" security=\"restricted\" style=\"position: absolute; visibility: hidden;\" title=\"&#8220;Otvorena izlo\u017eba fotografija stranih reportera iz ratnog Vukovara, neke nikad nisu bile u javnosti&#8221; &#8212; Novi list\" src=\"https:\/\/www.novilist.hr\/novosti\/hrvatska\/otvorena-izlozba-fotografija-stranih-reportera-iz-ratnog-vukovara-neke-nikad-nisu-bile-u-javnosti\/embed\/#?secret=V0pjLNtk25#?secret=YQRgvbAVlC\" data-secret=\"YQRgvbAVlC\" width=\"600\" height=\"338\" frameborder=\"0\" marginwidth=\"0\" marginheight=\"0\" scrolling=\"no\"><\/iframe>\n<\/div><\/figure>\n\n\n\n<p><a href=\"https:\/\/www.index.hr\/vijesti\/clanak\/foto-otvorena-izlozba-fotografija-stranih-fotoreportera-iz-ratnog-vukovara-1991\/2731172.aspx\">https:\/\/www.index.hr\/vijesti\/clanak\/foto-otvorena-izlozba-fotografija-stranih-fotoreportera-iz-ratnog-vukovara-1991\/2731172.aspx<\/a><\/p>\n\n\n\n<p><a href=\"https:\/\/www.24sata.hr\/news\/foto-velika-izlozba-u-vukovaru-neke-fotografije-su-po-prvi-put-ugledale-svijetlo-dana-1088397\/2\">https:\/\/www.24sata.hr\/news\/foto-velika-izlozba-u-vukovaru-neke-fotografije-su-po-prvi-put-ugledale-svijetlo-dana-1088397\/2<\/a><\/p>\n\n\n\n<hr class=\"wp-block-separator has-alpha-channel-opacity\"\/>\n","protected":false},"excerpt":{"rendered":"","protected":false},"author":2,"featured_media":49667,"comment_status":"open","ping_status":"open","sticky":false,"template":"","format":"standard","meta":{"_acf_changed":false,"jetpack_post_was_ever_published":false,"_jetpack_newsletter_access":"","_jetpack_dont_email_post_to_subs":false,"_jetpack_newsletter_tier_id":0,"_jetpack_memberships_contains_paywalled_content":false,"_jetpack_memberships_contains_paid_content":false,"footnotes":"","jetpack_publicize_message":"","jetpack_publicize_feature_enabled":true,"jetpack_social_post_already_shared":true,"jetpack_social_options":{"image_generator_settings":{"template":"highway","default_image_id":0,"font":"","enabled":false},"version":2}},"categories":[10,3],"tags":[],"class_list":["post-49666","post","type-post","status-publish","format-standard","has-post-thumbnail","hentry","category-izlozbe","category-novosti"],"acf":{"facebook_opis":""},"jetpack_publicize_connections":[],"jetpack_featured_media_url":"https:\/\/i0.wp.com\/historiografija.hr\/wp-content\/uploads\/2025\/11\/Grad-Vukovar.jpg?fit=1024%2C682&ssl=1","jetpack_sharing_enabled":true,"jetpack-related-posts":[],"_links":{"self":[{"href":"https:\/\/historiografija.hr\/index.php?rest_route=\/wp\/v2\/posts\/49666","targetHints":{"allow":["GET"]}}],"collection":[{"href":"https:\/\/historiografija.hr\/index.php?rest_route=\/wp\/v2\/posts"}],"about":[{"href":"https:\/\/historiografija.hr\/index.php?rest_route=\/wp\/v2\/types\/post"}],"author":[{"embeddable":true,"href":"https:\/\/historiografija.hr\/index.php?rest_route=\/wp\/v2\/users\/2"}],"replies":[{"embeddable":true,"href":"https:\/\/historiografija.hr\/index.php?rest_route=%2Fwp%2Fv2%2Fcomments&post=49666"}],"version-history":[{"count":2,"href":"https:\/\/historiografija.hr\/index.php?rest_route=\/wp\/v2\/posts\/49666\/revisions"}],"predecessor-version":[{"id":49669,"href":"https:\/\/historiografija.hr\/index.php?rest_route=\/wp\/v2\/posts\/49666\/revisions\/49669"}],"wp:featuredmedia":[{"embeddable":true,"href":"https:\/\/historiografija.hr\/index.php?rest_route=\/wp\/v2\/media\/49667"}],"wp:attachment":[{"href":"https:\/\/historiografija.hr\/index.php?rest_route=%2Fwp%2Fv2%2Fmedia&parent=49666"}],"wp:term":[{"taxonomy":"category","embeddable":true,"href":"https:\/\/historiografija.hr\/index.php?rest_route=%2Fwp%2Fv2%2Fcategories&post=49666"},{"taxonomy":"post_tag","embeddable":true,"href":"https:\/\/historiografija.hr\/index.php?rest_route=%2Fwp%2Fv2%2Ftags&post=49666"}],"curies":[{"name":"wp","href":"https:\/\/api.w.org\/{rel}","templated":true}]}}