{"id":49659,"date":"2025-11-17T14:17:23","date_gmt":"2025-11-17T14:17:23","guid":{"rendered":"https:\/\/historiografija.hr\/?p=49659"},"modified":"2025-11-17T14:17:23","modified_gmt":"2025-11-17T14:17:23","slug":"predstavljanje-knjige-marka-rasice-zakoni-brace-dubrovacke-bratovstine-od-1808-do-2015","status":"publish","type":"post","link":"https:\/\/historiografija.hr\/?p=49659","title":{"rendered":"Predstavljanje knjige Marka Ra\u0161ice \u201eZakoni bra\u0107e: dubrova\u010dke bratov\u0161tine od 1808. do 2015.\u201c"},"content":{"rendered":"\n<p>Zavod za povijesne znanosti Hrvatske akademije znanosti i umjetnost u Dubrovniku organizira predstavljanje knjige&nbsp;<strong>Marka Ra\u0161ic<em>e<\/em><\/strong><em>&nbsp;Zakoni bra\u0107e: dubrova\u010dke bratov\u0161tine od 1808. do 2015.<\/em>&nbsp;koje \u0107e se odr\u017eati u \u010detvrtak 20. studenog 2025. u 18 sati u Knji\u017enici HAZU u Zagrebu.&nbsp;Uz autora, knjigu \u0107e predstaviti<strong>&nbsp;prof. dr. sc. Ljiljana Marks, prof. dr. sc. Zrinka Pe\u0161orda Vardi\u0107<\/strong>&nbsp;i&nbsp;<strong>akademkinja Nella Lonza<\/strong>.<\/p>\n\n\n\n<p>Padom Dubrova\u010dke Republike zapo\u010dinje pravno turbulentno razdoblje u kojem dr\u017eavne vlasti koje su se izmjenjivale kroz stolje\u0107a nisu prona\u0161le odgovaraju\u0107i pravni okvir koji bi odgovarao stvarnom statusu i zna\u010denju bratov\u0161tina. Na temelju propisa, katastra i zemlji\u0161nih knjiga, gra\u0111e iz fondova Dr\u017eavnih arhiva u Splitu, Zadru i Dubrovniku te arhiva Biskupskog ordinarijata u Dubrovniku razmotrena je pravna osobnost bratov\u0161tina i propisi koji su ure\u0111ivali statut bratima\/bra\u0107e unutar bratov\u0161tina i izvan njih od ranog 19. stolje\u0107a do 2015. i stupanja na snagu Zakona o udrugama. Osobito je analiziran odnos bratov\u0161tina prema \u201ebratskim\u201c grobovima te sukob dr\u017eavnog zakona i realnog obi\u010dajnopravnog poretka. Knjiga pokazuje kako pravnu normu nije dostatno promatrati u njenom zakonskom izri\u010daju ve\u0107 treba uo\u010diti njeno stvarno zna\u010denje i funkciju u pravnoj &nbsp;i dru\u0161tvenoj (tradicijskoj) okolini.<\/p>\n\n\n\n<hr class=\"wp-block-separator has-alpha-channel-opacity\"\/>\n\n\n\n<p>Izvor:<\/p>\n\n\n\n<figure class=\"wp-block-embed is-type-wp-embed is-provider-hazu wp-block-embed-hazu\"><div class=\"wp-block-embed__wrapper\">\n<blockquote class=\"wp-embedded-content\" data-secret=\"RKAY9RO7E2\"><a href=\"https:\/\/www.info.hazu.hr\/events\/u-knjiznici-hazu-predstavljanje-knjige-marka-rasice-zakoni-brace-dubrovacke-bratovstine-od-1808-do-2015\/\">U Knji\u017enici HAZU predstavljanje knjige Marka Ra\u0161ice Zakoni bra\u0107e: dubrova\u010dke bratov\u0161tine od 1808. do 2015.<\/a><\/blockquote><iframe loading=\"lazy\" class=\"wp-embedded-content\" sandbox=\"allow-scripts\" security=\"restricted\" style=\"position: absolute; visibility: hidden;\" title=\"&#8220;U Knji\u017enici HAZU predstavljanje knjige Marka Ra\u0161ice Zakoni bra\u0107e: dubrova\u010dke bratov\u0161tine od 1808. do 2015.&#8221; &#8212; HAZU\" src=\"https:\/\/www.info.hazu.hr\/events\/u-knjiznici-hazu-predstavljanje-knjige-marka-rasice-zakoni-brace-dubrovacke-bratovstine-od-1808-do-2015\/embed\/#?secret=RKAY9RO7E2\" data-secret=\"RKAY9RO7E2\" width=\"600\" height=\"338\" frameborder=\"0\" marginwidth=\"0\" marginheight=\"0\" scrolling=\"no\"><\/iframe>\n<\/div><\/figure>\n\n\n\n<hr class=\"wp-block-separator has-alpha-channel-opacity\"\/>\n","protected":false},"excerpt":{"rendered":"","protected":false},"author":2,"featured_media":49660,"comment_status":"open","ping_status":"open","sticky":false,"template":"","format":"standard","meta":{"_acf_changed":false,"jetpack_post_was_ever_published":false,"_jetpack_newsletter_access":"","_jetpack_dont_email_post_to_subs":false,"_jetpack_newsletter_tier_id":0,"_jetpack_memberships_contains_paywalled_content":false,"_jetpack_memberships_contains_paid_content":false,"footnotes":"","jetpack_publicize_message":"","jetpack_publicize_feature_enabled":true,"jetpack_social_post_already_shared":true,"jetpack_social_options":{"image_generator_settings":{"template":"highway","default_image_id":0,"font":"","enabled":false},"version":2}},"categories":[3],"tags":[],"class_list":["post-49659","post","type-post","status-publish","format-standard","has-post-thumbnail","hentry","category-novosti"],"acf":{"facebook_opis":""},"jetpack_publicize_connections":[],"jetpack_featured_media_url":"https:\/\/i0.wp.com\/historiografija.hr\/wp-content\/uploads\/2025\/11\/Pozivnica-Rasica.jpg?fit=1500%2C1000&ssl=1","jetpack_sharing_enabled":true,"jetpack-related-posts":[],"_links":{"self":[{"href":"https:\/\/historiografija.hr\/index.php?rest_route=\/wp\/v2\/posts\/49659","targetHints":{"allow":["GET"]}}],"collection":[{"href":"https:\/\/historiografija.hr\/index.php?rest_route=\/wp\/v2\/posts"}],"about":[{"href":"https:\/\/historiografija.hr\/index.php?rest_route=\/wp\/v2\/types\/post"}],"author":[{"embeddable":true,"href":"https:\/\/historiografija.hr\/index.php?rest_route=\/wp\/v2\/users\/2"}],"replies":[{"embeddable":true,"href":"https:\/\/historiografija.hr\/index.php?rest_route=%2Fwp%2Fv2%2Fcomments&post=49659"}],"version-history":[{"count":1,"href":"https:\/\/historiografija.hr\/index.php?rest_route=\/wp\/v2\/posts\/49659\/revisions"}],"predecessor-version":[{"id":49661,"href":"https:\/\/historiografija.hr\/index.php?rest_route=\/wp\/v2\/posts\/49659\/revisions\/49661"}],"wp:featuredmedia":[{"embeddable":true,"href":"https:\/\/historiografija.hr\/index.php?rest_route=\/wp\/v2\/media\/49660"}],"wp:attachment":[{"href":"https:\/\/historiografija.hr\/index.php?rest_route=%2Fwp%2Fv2%2Fmedia&parent=49659"}],"wp:term":[{"taxonomy":"category","embeddable":true,"href":"https:\/\/historiografija.hr\/index.php?rest_route=%2Fwp%2Fv2%2Fcategories&post=49659"},{"taxonomy":"post_tag","embeddable":true,"href":"https:\/\/historiografija.hr\/index.php?rest_route=%2Fwp%2Fv2%2Ftags&post=49659"}],"curies":[{"name":"wp","href":"https:\/\/api.w.org\/{rel}","templated":true}]}}