{"id":49656,"date":"2025-11-17T14:12:32","date_gmt":"2025-11-17T14:12:32","guid":{"rendered":"https:\/\/historiografija.hr\/?p=49656"},"modified":"2025-11-17T14:12:32","modified_gmt":"2025-11-17T14:12:32","slug":"predstavljanje-knjige-igora-golesa-dalmacija-iz-arhive-jednog-kolekcionara","status":"publish","type":"post","link":"https:\/\/historiografija.hr\/?p=49656","title":{"rendered":"Predstavljanje knjige Igora Gole\u0161a \u201eDalmacija iz arhive jednog kolekcionara\u201c"},"content":{"rendered":"\n<p>Hrvatski pomorski muzej Split i Dalmatian story j.d.o.o. imaju \u010dast pozvati Vas na predstavljanje knjige<\/p>\n\n\n\n<p><strong>Igor Gole\u0161:<\/strong> <strong>Dalmacija iz arhive jednog kolekcionara<\/strong><\/p>\n\n\n\n<p>u \u010detvrtak, 20. studenoga 2025. godine u 18:00 sati<\/p>\n\n\n\n<p>Hrvatski pomorski muzej Split, Tvr\u0111ava Gripe<\/p>\n\n\n\n<p>O knjizi \u0107e uz autora govoriti Sanja Acalija, Mercedes Marinkovi\u0107 i Ljubomir Radi\u0107<\/p>\n\n\n\n<hr class=\"wp-block-separator has-alpha-channel-opacity\"\/>\n\n\n\n<p>U ovoj biografsko kolekcionarskoj knjizi \u2013 katalogu, otkrivamo kako su sakuplja\u010dki po\u010deci Igora Gole\u0161a vezani uz filateliju, kako to biva kod brojnih kolekcionara. No s vremenom su se afiniteti mijenjali te usmjeravali ponajprije prema starim razglednicama. Igor Gole\u0161 je zasigurno me\u0111u ljudima koji su u zadnjih desetak godina u Hrvatskoj u\u010dinili zna\u010dajan korak u pribli\u017eavanju ove tematike \u0161iroj publici. Iza njega stoje \u010detiri monumentalne monografije, koje predstavljaju prve razglednice Dalmacije, kroz sa\u010duvane primjerke iz najva\u017enijih privatnih i institucionalnih zbirki u Republici Hrvatskoj. Njegov projekt je prepoznat od niza stru\u010dnjaka koji su participirali svojim tekstualnim prilozima u spomenutim monografijama.<\/p>\n\n\n\n<p>Katalog svoje zbirke autor je podijelio na tri dijela: razglednice, iseljeni\u0161tvo i pisanu\/dokumentarnu\/arhivsku gra\u0111u. Ono \u0161to je zna\u010dajno i za sakuplja\u010de i za istra\u017eiva\u010de je oznaka u vidu zvjezdice, kojima je ozna\u010dio koliko je pojedini primjerak razglednice rijedak i u kojem broju primjeraka je danas poznat. Izbor za naslovnicu me\u0111u mno\u0161tvom krasnih motiva Dalmacije nije bio lagan no korijeni autora su presudili jer upravo s motivima Rogoznice zapo\u010delo je stvaranje ove zbirke 2007. godine, stoga se razglednica koja prikazuje \u010duvenu procesiju Gospi od Kapelice nametnula kao logi\u010dan izbor.<\/p>\n\n\n\n<p>Svoju zbirku razglednica, koja je bila nukleus za realiziranje ovog kataloga, garniranu i drugim predmetima predstavio je javnosti u Hrvatskom pomorskom muzeju Split na izlo\u017ebi <em>Zaboravljena Dalmacija I<\/em> koja je uprili\u010dena prije tri godine. Sada je pred nama katalog cijele zbirke kojeg \u0107e na istom mjestu kao i zbirku, uz autora \u2013 vlasnika zbirke, predstaviti muzejska savjetnica Sanja Acalija iz Muzeja Grada Ka\u0161tela, knji\u017eevnica Mercedes Marinkovi\u0107 i Ljubomir Radi\u0107, ravnatelj muzeja doma\u0107ina doga\u0111anja.<\/p>\n\n\n\n<hr class=\"wp-block-separator has-alpha-channel-opacity\"\/>\n","protected":false},"excerpt":{"rendered":"","protected":false},"author":2,"featured_media":49657,"comment_status":"open","ping_status":"open","sticky":false,"template":"","format":"standard","meta":{"_acf_changed":false,"jetpack_post_was_ever_published":false,"_jetpack_newsletter_access":"","_jetpack_dont_email_post_to_subs":false,"_jetpack_newsletter_tier_id":0,"_jetpack_memberships_contains_paywalled_content":false,"_jetpack_memberships_contains_paid_content":false,"footnotes":"","jetpack_publicize_message":"","jetpack_publicize_feature_enabled":true,"jetpack_social_post_already_shared":true,"jetpack_social_options":{"image_generator_settings":{"template":"highway","default_image_id":0,"font":"","enabled":false},"version":2}},"categories":[3],"tags":[],"class_list":["post-49656","post","type-post","status-publish","format-standard","has-post-thumbnail","hentry","category-novosti"],"acf":{"facebook_opis":""},"jetpack_publicize_connections":[],"jetpack_featured_media_url":"https:\/\/i0.wp.com\/historiografija.hr\/wp-content\/uploads\/2025\/11\/Pozivnica-20.11.jpg?fit=283%2C567&ssl=1","jetpack_sharing_enabled":true,"jetpack-related-posts":[],"_links":{"self":[{"href":"https:\/\/historiografija.hr\/index.php?rest_route=\/wp\/v2\/posts\/49656","targetHints":{"allow":["GET"]}}],"collection":[{"href":"https:\/\/historiografija.hr\/index.php?rest_route=\/wp\/v2\/posts"}],"about":[{"href":"https:\/\/historiografija.hr\/index.php?rest_route=\/wp\/v2\/types\/post"}],"author":[{"embeddable":true,"href":"https:\/\/historiografija.hr\/index.php?rest_route=\/wp\/v2\/users\/2"}],"replies":[{"embeddable":true,"href":"https:\/\/historiografija.hr\/index.php?rest_route=%2Fwp%2Fv2%2Fcomments&post=49656"}],"version-history":[{"count":1,"href":"https:\/\/historiografija.hr\/index.php?rest_route=\/wp\/v2\/posts\/49656\/revisions"}],"predecessor-version":[{"id":49658,"href":"https:\/\/historiografija.hr\/index.php?rest_route=\/wp\/v2\/posts\/49656\/revisions\/49658"}],"wp:featuredmedia":[{"embeddable":true,"href":"https:\/\/historiografija.hr\/index.php?rest_route=\/wp\/v2\/media\/49657"}],"wp:attachment":[{"href":"https:\/\/historiografija.hr\/index.php?rest_route=%2Fwp%2Fv2%2Fmedia&parent=49656"}],"wp:term":[{"taxonomy":"category","embeddable":true,"href":"https:\/\/historiografija.hr\/index.php?rest_route=%2Fwp%2Fv2%2Fcategories&post=49656"},{"taxonomy":"post_tag","embeddable":true,"href":"https:\/\/historiografija.hr\/index.php?rest_route=%2Fwp%2Fv2%2Ftags&post=49656"}],"curies":[{"name":"wp","href":"https:\/\/api.w.org\/{rel}","templated":true}]}}