{"id":49618,"date":"2025-11-14T22:00:49","date_gmt":"2025-11-14T22:00:49","guid":{"rendered":"https:\/\/historiografija.hr\/?p=49618"},"modified":"2025-11-14T22:00:49","modified_gmt":"2025-11-14T22:00:49","slug":"predavanje-matee-brstilo-resetar-hrvatski-povijesni-muzej-i-realizacija-prvog-stalnog-postava","status":"publish","type":"post","link":"https:\/\/historiografija.hr\/?p=49618","title":{"rendered":"Predavanje Matee Brstilo Re\u0161etar: Hrvatski povijesni muzej i realizacija prvog stalnog postava"},"content":{"rendered":"\n<p>\u010cetvrtak, 20. studenoga 2025. u 18:00 sati, Mala dvorana Matice hrvatske, Ulica Matice hrvatske 2, Strossmayerov trg 4, Zagreb<\/p>\n\n\n\n<hr class=\"wp-block-separator has-alpha-channel-opacity\"\/>\n\n\n\n<p>Hrvatski povijesni muzej nakon zagreba\u010dkog potresa 2020. godine napokon je dobio priliku da realizira svoj prvi stalni postav.&nbsp;Muzeolo\u0161ki program i preliminarna koncepcija proizlaze iz novog prostornog rje\u0161enja prema kojem muzej ostaje&nbsp;u baroknoj Pala\u010di Vojkov\u0107-Or\u0161i\u0107-Kulmer-Rauch, gdje djeluje od 1959., ali se \u0161iri i na novu zgradu, obli\u017enju Pala\u010du hidrometeorolo\u0161kog zavoda. Pripremni radovi koji vode ka izvedbenom projektu oblikovanja novog stalnog postava odvijaju se u specifi\u010dnim okolnostima \u2013 paralelno s rokovima ograni\u010denim obnovom obje pala\u010de. Izazov realizacije &nbsp;le\u017ei u \u010dinjenici da se&nbsp;koncepcijski novi postav promi\u0161lja na dvije lokacije. U slo\u017eenom interdisciplinarnom procesu nastajanja stalnog muzejskog postava sudjeluju stru\u010dnjaci raznih profila \u2013 kustosi, povjesni\u010dari, konzervatori, pedagozi, dizajneri, muzeolozi i ostali. Svrha je interdisciplinarnog rada izo\u0161travanje kriterija u odre\u0111ivanju osnovnih tematskih cjelina, kao i odabiru predmeta za uravnote\u017eenu prezentaciju stalnog postava u cjelini uva\u017eavaju\u0107i pritom potrebe i interese posjetitelja. Svjesni da postav ne mo\u017ee biti \u201esveznaju\u0107i\u201c i \u201esvepokazuju\u0107i\u201c nastojat \u0107emo posjetiteljima ponuditi odgovore na pitanje \u2013&nbsp;<em>zbog \u010dega je Hrvatska danas takva kakva jest.<\/em><\/p>\n\n\n\n<hr class=\"wp-block-separator has-alpha-channel-opacity\"\/>\n\n\n\n<p>Izvor:<\/p>\n\n\n\n<p><a href=\"https:\/\/www.matica.hr\/zbivanja\/predavanje-matee-brstilo-resetar-hrvatski-povijesni-muzej-i-realizacija-prvog-stalnog-postava-5021\">https:\/\/www.matica.hr\/zbivanja\/predavanje-matee-brstilo-resetar-hrvatski-povijesni-muzej-i-realizacija-prvog-stalnog-postava-5021<\/a><\/p>\n\n\n\n<hr class=\"wp-block-separator has-alpha-channel-opacity\"\/>\n","protected":false},"excerpt":{"rendered":"","protected":false},"author":2,"featured_media":751,"comment_status":"open","ping_status":"open","sticky":false,"template":"","format":"standard","meta":{"_acf_changed":false,"jetpack_post_was_ever_published":false,"_jetpack_newsletter_access":"","_jetpack_dont_email_post_to_subs":false,"_jetpack_newsletter_tier_id":0,"_jetpack_memberships_contains_paywalled_content":false,"_jetpack_memberships_contains_paid_content":false,"footnotes":"","jetpack_publicize_message":"","jetpack_publicize_feature_enabled":true,"jetpack_social_post_already_shared":true,"jetpack_social_options":{"image_generator_settings":{"template":"highway","default_image_id":0,"font":"","enabled":false},"version":2}},"categories":[3],"tags":[],"class_list":["post-49618","post","type-post","status-publish","format-standard","has-post-thumbnail","hentry","category-novosti"],"acf":{"facebook_opis":""},"jetpack_publicize_connections":[],"jetpack_featured_media_url":"https:\/\/i0.wp.com\/historiografija.hr\/wp-content\/uploads\/2012\/05\/matica-hrvatska-logo.png?fit=275%2C183&ssl=1","jetpack_sharing_enabled":true,"jetpack-related-posts":[],"_links":{"self":[{"href":"https:\/\/historiografija.hr\/index.php?rest_route=\/wp\/v2\/posts\/49618","targetHints":{"allow":["GET"]}}],"collection":[{"href":"https:\/\/historiografija.hr\/index.php?rest_route=\/wp\/v2\/posts"}],"about":[{"href":"https:\/\/historiografija.hr\/index.php?rest_route=\/wp\/v2\/types\/post"}],"author":[{"embeddable":true,"href":"https:\/\/historiografija.hr\/index.php?rest_route=\/wp\/v2\/users\/2"}],"replies":[{"embeddable":true,"href":"https:\/\/historiografija.hr\/index.php?rest_route=%2Fwp%2Fv2%2Fcomments&post=49618"}],"version-history":[{"count":1,"href":"https:\/\/historiografija.hr\/index.php?rest_route=\/wp\/v2\/posts\/49618\/revisions"}],"predecessor-version":[{"id":49619,"href":"https:\/\/historiografija.hr\/index.php?rest_route=\/wp\/v2\/posts\/49618\/revisions\/49619"}],"wp:featuredmedia":[{"embeddable":true,"href":"https:\/\/historiografija.hr\/index.php?rest_route=\/wp\/v2\/media\/751"}],"wp:attachment":[{"href":"https:\/\/historiografija.hr\/index.php?rest_route=%2Fwp%2Fv2%2Fmedia&parent=49618"}],"wp:term":[{"taxonomy":"category","embeddable":true,"href":"https:\/\/historiografija.hr\/index.php?rest_route=%2Fwp%2Fv2%2Fcategories&post=49618"},{"taxonomy":"post_tag","embeddable":true,"href":"https:\/\/historiografija.hr\/index.php?rest_route=%2Fwp%2Fv2%2Ftags&post=49618"}],"curies":[{"name":"wp","href":"https:\/\/api.w.org\/{rel}","templated":true}]}}