{"id":49612,"date":"2025-11-14T21:47:11","date_gmt":"2025-11-14T21:47:11","guid":{"rendered":"https:\/\/historiografija.hr\/?p=49612"},"modified":"2025-11-14T21:48:10","modified_gmt":"2025-11-14T21:48:10","slug":"predavanja-i-vodstva-uz-izlozbu-u-pocetku-bijase-kraljevstvo-1100-godina-hrvatskoga-kraljevstva","status":"publish","type":"post","link":"https:\/\/historiografija.hr\/?p=49612","title":{"rendered":"Predavanja i vodstva uz izlo\u017ebu \u201cU po\u010detku bija\u0161e Kraljevstvo \u2013 1100 godina Hrvatskoga kraljevstva\u201d"},"content":{"rendered":"\n<p>Dragi posjetitelji,<\/p>\n\n\n\n<p>pozivamo Vas na predavanja i vodstva koja \u0107e se odr\u017eati u na\u0161oj Galeriji u sklopu izlo\u017ebe \u201cU po\u010detku bija\u0161e Kraljevstvo \u2013 1100 godina Hrvatskoga Kraljevstva\u201d.<\/p>\n\n\n\n<p>Sva doga\u0111anja zapo\u010dinju u 18 sati. Predavanja su besplatna i odr\u017eavaju se u predavaonici Galerije, a za vodstva se napla\u0107uje najpovoljnija grupna ulaznica u iznosu od 5 eura. Trajanje doga\u0111anja je maksimalno sat vremena.<\/p>\n\n\n\n<p>Radujemo se Va\u0161oj posjeti!<\/p>\n\n\n\n<p>Va\u0161a Galerija Klovi\u0107evi dvori<\/p>\n\n\n\n<hr class=\"wp-block-separator has-alpha-channel-opacity\"\/>\n\n\n\n<figure class=\"wp-block-image size-large\"><img data-recalc-dims=\"1\" loading=\"lazy\" decoding=\"async\" width=\"724\" height=\"1024\" data-attachment-id=\"49613\" data-permalink=\"https:\/\/historiografija.hr\/?attachment_id=49613\" data-orig-file=\"https:\/\/i0.wp.com\/historiografija.hr\/wp-content\/uploads\/2025\/11\/Raspored.webp?fit=1086%2C1536&amp;ssl=1\" data-orig-size=\"1086,1536\" data-comments-opened=\"1\" data-image-meta=\"{&quot;aperture&quot;:&quot;0&quot;,&quot;credit&quot;:&quot;&quot;,&quot;camera&quot;:&quot;&quot;,&quot;caption&quot;:&quot;&quot;,&quot;created_timestamp&quot;:&quot;0&quot;,&quot;copyright&quot;:&quot;&quot;,&quot;focal_length&quot;:&quot;0&quot;,&quot;iso&quot;:&quot;0&quot;,&quot;shutter_speed&quot;:&quot;0&quot;,&quot;title&quot;:&quot;&quot;,&quot;orientation&quot;:&quot;0&quot;}\" data-image-title=\"Raspored\" data-image-description=\"\" data-image-caption=\"\" data-large-file=\"https:\/\/i0.wp.com\/historiografija.hr\/wp-content\/uploads\/2025\/11\/Raspored.webp?fit=724%2C1024&amp;ssl=1\" src=\"https:\/\/i0.wp.com\/historiografija.hr\/wp-content\/uploads\/2025\/11\/Raspored.webp?resize=724%2C1024&#038;ssl=1\" alt=\"\" class=\"wp-image-49613\" srcset=\"https:\/\/i0.wp.com\/historiografija.hr\/wp-content\/uploads\/2025\/11\/Raspored.webp?resize=724%2C1024&amp;ssl=1 724w, https:\/\/i0.wp.com\/historiografija.hr\/wp-content\/uploads\/2025\/11\/Raspored.webp?resize=212%2C300&amp;ssl=1 212w, https:\/\/i0.wp.com\/historiografija.hr\/wp-content\/uploads\/2025\/11\/Raspored.webp?resize=768%2C1086&amp;ssl=1 768w, https:\/\/i0.wp.com\/historiografija.hr\/wp-content\/uploads\/2025\/11\/Raspored.webp?w=1086&amp;ssl=1 1086w\" sizes=\"auto, (max-width: 724px) 100vw, 724px\" \/><\/figure>\n\n\n\n<hr class=\"wp-block-separator has-alpha-channel-opacity\"\/>\n\n\n\n<p>Izvor:<\/p>\n\n\n\n<figure class=\"wp-block-embed is-type-wp-embed is-provider-galerija-klovi-evi-dvori wp-block-embed-galerija-klovi-evi-dvori\"><div class=\"wp-block-embed__wrapper\">\n<blockquote class=\"wp-embedded-content\" data-secret=\"BAeM65WUnG\"><a href=\"https:\/\/gkd.hr\/2025\/11\/14\/predavanja-i-vodstva-uz-izlozbu-u-pocetku-bijase-kraljevstvo-1100-godina-hrvatskoga-kraljevstva\/\">Predavanja i vodstva uz izlo\u017ebu &#8220;U po\u010detku bija\u0161e Kraljevstvo &#8211; 1100 godina Hrvatskoga kraljevstva&#8221;<\/a><\/blockquote><iframe loading=\"lazy\" class=\"wp-embedded-content\" sandbox=\"allow-scripts\" security=\"restricted\" style=\"position: absolute; visibility: hidden;\" title=\"&#8220;Predavanja i vodstva uz izlo\u017ebu &#8220;U po\u010detku bija\u0161e Kraljevstvo &#8211; 1100 godina Hrvatskoga kraljevstva&#8221;&#8221; &#8212; Galerija Klovi\u0107evi dvori\" src=\"https:\/\/gkd.hr\/2025\/11\/14\/predavanja-i-vodstva-uz-izlozbu-u-pocetku-bijase-kraljevstvo-1100-godina-hrvatskoga-kraljevstva\/embed\/#?secret=kKJhumhgLv#?secret=BAeM65WUnG\" data-secret=\"BAeM65WUnG\" width=\"600\" height=\"338\" frameborder=\"0\" marginwidth=\"0\" marginheight=\"0\" scrolling=\"no\"><\/iframe>\n<\/div><\/figure>\n\n\n\n<hr class=\"wp-block-separator has-alpha-channel-opacity\"\/>\n","protected":false},"excerpt":{"rendered":"","protected":false},"author":2,"featured_media":49614,"comment_status":"open","ping_status":"open","sticky":false,"template":"","format":"standard","meta":{"_acf_changed":false,"jetpack_post_was_ever_published":false,"_jetpack_newsletter_access":"","_jetpack_dont_email_post_to_subs":false,"_jetpack_newsletter_tier_id":0,"_jetpack_memberships_contains_paywalled_content":false,"_jetpack_memberships_contains_paid_content":false,"footnotes":"","jetpack_publicize_message":"","jetpack_publicize_feature_enabled":true,"jetpack_social_post_already_shared":true,"jetpack_social_options":{"image_generator_settings":{"template":"highway","default_image_id":0,"font":"","enabled":false},"version":2}},"categories":[10,3],"tags":[],"class_list":["post-49612","post","type-post","status-publish","format-standard","has-post-thumbnail","hentry","category-izlozbe","category-novosti"],"acf":{"facebook_opis":""},"jetpack_publicize_connections":[],"jetpack_featured_media_url":"https:\/\/i0.wp.com\/historiografija.hr\/wp-content\/uploads\/2025\/11\/Izlozba_1100.webp?fit=1080%2C1350&ssl=1","jetpack_sharing_enabled":true,"jetpack-related-posts":[],"_links":{"self":[{"href":"https:\/\/historiografija.hr\/index.php?rest_route=\/wp\/v2\/posts\/49612","targetHints":{"allow":["GET"]}}],"collection":[{"href":"https:\/\/historiografija.hr\/index.php?rest_route=\/wp\/v2\/posts"}],"about":[{"href":"https:\/\/historiografija.hr\/index.php?rest_route=\/wp\/v2\/types\/post"}],"author":[{"embeddable":true,"href":"https:\/\/historiografija.hr\/index.php?rest_route=\/wp\/v2\/users\/2"}],"replies":[{"embeddable":true,"href":"https:\/\/historiografija.hr\/index.php?rest_route=%2Fwp%2Fv2%2Fcomments&post=49612"}],"version-history":[{"count":3,"href":"https:\/\/historiografija.hr\/index.php?rest_route=\/wp\/v2\/posts\/49612\/revisions"}],"predecessor-version":[{"id":49617,"href":"https:\/\/historiografija.hr\/index.php?rest_route=\/wp\/v2\/posts\/49612\/revisions\/49617"}],"wp:featuredmedia":[{"embeddable":true,"href":"https:\/\/historiografija.hr\/index.php?rest_route=\/wp\/v2\/media\/49614"}],"wp:attachment":[{"href":"https:\/\/historiografija.hr\/index.php?rest_route=%2Fwp%2Fv2%2Fmedia&parent=49612"}],"wp:term":[{"taxonomy":"category","embeddable":true,"href":"https:\/\/historiografija.hr\/index.php?rest_route=%2Fwp%2Fv2%2Fcategories&post=49612"},{"taxonomy":"post_tag","embeddable":true,"href":"https:\/\/historiografija.hr\/index.php?rest_route=%2Fwp%2Fv2%2Ftags&post=49612"}],"curies":[{"name":"wp","href":"https:\/\/api.w.org\/{rel}","templated":true}]}}