{"id":49598,"date":"2025-11-13T23:10:59","date_gmt":"2025-11-13T23:10:59","guid":{"rendered":"https:\/\/historiografija.hr\/?p=49598"},"modified":"2025-11-13T23:10:59","modified_gmt":"2025-11-13T23:10:59","slug":"tomislav-croatias-first-king","status":"publish","type":"post","link":"https:\/\/historiografija.hr\/?p=49598","title":{"rendered":"Tomislav, Croatia\u2019s First King"},"content":{"rendered":"\n<p><strong>Uredila Mirjana Poli\u0107 Bobi\u0107<\/strong><\/p>\n\n\n\n<hr class=\"wp-block-separator has-alpha-channel-opacity\"\/>\n\n\n\n<p>Godine 2025. obilje\u017eavamo 1100. obljetnicu jednog od prijelomnih trenutaka u hrvatskoj povijesti: kada je hrvatski vladar Tomislav slu\u017ebeno priznat kao kralj, u dokumentima i korespondenciji sa Svetom Stolicom. Ovaj doga\u0111aj predstavlja va\u017enu prekretnicu, ne samo za Hrvatsku nego i za \u0161iru povijest ovog dijela Europe.<\/p>\n\n\n\n<p>U ovom svesku predstavljamo \u010detrnaest izvanrednih studija na engleskom jeziku&nbsp;posve\u0107enih ovom povijesnom liku. Devet radova detaljno istra\u017euje kralja Tomislava i njegovo doba, oslanjaju\u0107i se na suvremena povijesna i arheolo\u0161ka istra\u017eivanja. Preostalih pet studija bavi se naslije\u0111em Tomislavove li\u010dnosti u nacionalnom imaginariju i umjetnosti, kao i politi\u010dkim interpretacijama njegovog lika i vremena kroz stolje\u0107a.<\/p>\n\n\n\n<p>Svezak je namijenjen \u0161irokoj publici: povjesni\u010darima i stru\u010dnjacima iz inozemstva, ljubiteljima srednjovjekovne povijesti, znati\u017eeljnicima koji \u017eele bolje razumjeti korijene Hrvatske i njen povijesni zna\u010daj unutar Europe. Svi koji \u017eele zaviriti u doba prvog hrvatskog kralja, njegovu vladavinu i trajni utjecaj na kulturni identitet Hrvatske, prona\u0107i \u0107e u ovim radovima bogatstvo informacija, interpretacija i inspiracije.<\/p>\n\n\n\n<p>Pridru\u017eite nam se u \u010ditanju ovoga posebnoga izdanja koje spaja rigoroznu znanstvenu analizu s fascinantnim pri\u010dama iz pro\u0161losti, otkrivaju\u0107i kralja Tomislava kao simbol hrvatskog srednjovjekovlja i trajnog kulturnog naslje\u0111a.<\/p>\n\n\n\n<hr class=\"wp-block-separator has-alpha-channel-opacity\"\/>\n\n\n\n<p>Biblioteka: Signa Croatica<\/p>\n\n\n\n<p>Broj stranica: 307<\/p>\n\n\n\n<p>Godina izdanja: 2025.<\/p>\n\n\n\n<p>Izdava\u010d: Matica hrvatska<\/p>\n\n\n\n<p>Mjesto: Zagreb<\/p>\n\n\n\n<p><strong>PDF-ovi<\/strong>: Uvodne stranice<\/p>\n\n\n\n<hr class=\"wp-block-separator has-alpha-channel-opacity\"\/>\n\n\n\n<p>Izvor:<\/p>\n\n\n\n<p><a href=\"https:\/\/www.matica.hr\/knjige\/tomislav-croatias-first-king-1483\">https:\/\/www.matica.hr\/knjige\/tomislav-croatias-first-king-1483<\/a><\/p>\n\n\n\n<p><a href=\"https:\/\/www.matica.hr\/novosti\/nova-knjiga-matice-hrvatske-na-engleskom-jeziku-tomislav-croatias-first-king-458\">https:\/\/www.matica.hr\/novosti\/nova-knjiga-matice-hrvatske-na-engleskom-jeziku-tomislav-croatias-first-king-458<\/a><\/p>\n\n\n\n<hr class=\"wp-block-separator has-alpha-channel-opacity\"\/>\n","protected":false},"excerpt":{"rendered":"","protected":false},"author":2,"featured_media":49599,"comment_status":"open","ping_status":"open","sticky":false,"template":"","format":"standard","meta":{"_acf_changed":false,"jetpack_post_was_ever_published":false,"_jetpack_newsletter_access":"","_jetpack_dont_email_post_to_subs":false,"_jetpack_newsletter_tier_id":0,"_jetpack_memberships_contains_paywalled_content":false,"_jetpack_memberships_contains_paid_content":false,"footnotes":"","jetpack_publicize_message":"","jetpack_publicize_feature_enabled":true,"jetpack_social_post_already_shared":true,"jetpack_social_options":{"image_generator_settings":{"template":"highway","default_image_id":0,"font":"","enabled":false},"version":2}},"categories":[8,3],"tags":[],"class_list":["post-49598","post","type-post","status-publish","format-standard","has-post-thumbnail","hentry","category-knjige","category-novosti"],"acf":{"facebook_opis":""},"jetpack_publicize_connections":[],"jetpack_featured_media_url":"https:\/\/i0.wp.com\/historiografija.hr\/wp-content\/uploads\/2025\/11\/tomislav-croatias-first-king.jpeg?fit=300%2C438&ssl=1","jetpack_sharing_enabled":true,"jetpack-related-posts":[],"_links":{"self":[{"href":"https:\/\/historiografija.hr\/index.php?rest_route=\/wp\/v2\/posts\/49598","targetHints":{"allow":["GET"]}}],"collection":[{"href":"https:\/\/historiografija.hr\/index.php?rest_route=\/wp\/v2\/posts"}],"about":[{"href":"https:\/\/historiografija.hr\/index.php?rest_route=\/wp\/v2\/types\/post"}],"author":[{"embeddable":true,"href":"https:\/\/historiografija.hr\/index.php?rest_route=\/wp\/v2\/users\/2"}],"replies":[{"embeddable":true,"href":"https:\/\/historiografija.hr\/index.php?rest_route=%2Fwp%2Fv2%2Fcomments&post=49598"}],"version-history":[{"count":1,"href":"https:\/\/historiografija.hr\/index.php?rest_route=\/wp\/v2\/posts\/49598\/revisions"}],"predecessor-version":[{"id":49600,"href":"https:\/\/historiografija.hr\/index.php?rest_route=\/wp\/v2\/posts\/49598\/revisions\/49600"}],"wp:featuredmedia":[{"embeddable":true,"href":"https:\/\/historiografija.hr\/index.php?rest_route=\/wp\/v2\/media\/49599"}],"wp:attachment":[{"href":"https:\/\/historiografija.hr\/index.php?rest_route=%2Fwp%2Fv2%2Fmedia&parent=49598"}],"wp:term":[{"taxonomy":"category","embeddable":true,"href":"https:\/\/historiografija.hr\/index.php?rest_route=%2Fwp%2Fv2%2Fcategories&post=49598"},{"taxonomy":"post_tag","embeddable":true,"href":"https:\/\/historiografija.hr\/index.php?rest_route=%2Fwp%2Fv2%2Ftags&post=49598"}],"curies":[{"name":"wp","href":"https:\/\/api.w.org\/{rel}","templated":true}]}}