{"id":49579,"date":"2025-11-13T22:13:35","date_gmt":"2025-11-13T22:13:35","guid":{"rendered":"https:\/\/historiografija.hr\/?p=49579"},"modified":"2025-11-13T22:13:35","modified_gmt":"2025-11-13T22:13:35","slug":"odrziva-istina-povijesni-revizionizam-u-trendu","status":"publish","type":"post","link":"https:\/\/historiografija.hr\/?p=49579","title":{"rendered":"Odr\u017eiva istina: Povijesni revizionizam u trendu"},"content":{"rendered":"\n<p>Na portalu Odr\u017eiva istina objavljen je 13. studenog 2025. prilog Emila \u010can\u010dara \u201ePovijesni revizionizam u trendu\u201c.<\/p>\n\n\n\n<hr class=\"wp-block-separator has-alpha-channel-opacity\"\/>\n\n\n\n<p>Prilog je dostupan na sljede\u0107oj poveznici:<\/p>\n\n\n\n<figure class=\"wp-block-embed is-type-wp-embed is-provider-odr-iva-istina wp-block-embed-odr-iva-istina\"><div class=\"wp-block-embed__wrapper\">\n<blockquote class=\"wp-embedded-content\" data-secret=\"r9pqPjAx7P\"><a href=\"https:\/\/www.odrzivaistina.hr\/2025\/11\/13\/povijesni-revizionizam-u-trendu\/\">Povijesni revizionizam u trendu<\/a><\/blockquote><iframe loading=\"lazy\" class=\"wp-embedded-content\" sandbox=\"allow-scripts\" security=\"restricted\" style=\"position: absolute; visibility: hidden;\" title=\"&#8220;Povijesni revizionizam u trendu&#8221; &#8212; Odr\u017eiva Istina\" src=\"https:\/\/www.odrzivaistina.hr\/2025\/11\/13\/povijesni-revizionizam-u-trendu\/embed\/#?secret=hscAQ6vNaH#?secret=r9pqPjAx7P\" data-secret=\"r9pqPjAx7P\" width=\"600\" height=\"338\" frameborder=\"0\" marginwidth=\"0\" marginheight=\"0\" scrolling=\"no\"><\/iframe>\n<\/div><\/figure>\n\n\n\n<hr class=\"wp-block-separator has-alpha-channel-opacity\"\/>\n\n\n\n<p>Prilog je objavljen i na poveznici:<\/p>\n\n\n\n<p><a href=\"https:\/\/www.tocnotako.hr\/clanak\/Povijesni-revizionizam-u-trendu_ODRZIVA-ISTINA\/2309\">https:\/\/www.tocnotako.hr\/clanak\/Povijesni-revizionizam-u-trendu_ODRZIVA-ISTINA\/2309<\/a><\/p>\n\n\n\n<hr class=\"wp-block-separator has-alpha-channel-opacity\"\/>\n","protected":false},"excerpt":{"rendered":"","protected":false},"author":2,"featured_media":49580,"comment_status":"open","ping_status":"open","sticky":false,"template":"","format":"standard","meta":{"_acf_changed":false,"jetpack_post_was_ever_published":false,"_jetpack_newsletter_access":"","_jetpack_dont_email_post_to_subs":false,"_jetpack_newsletter_tier_id":0,"_jetpack_memberships_contains_paywalled_content":false,"_jetpack_memberships_contains_paid_content":false,"footnotes":"","jetpack_publicize_message":"","jetpack_publicize_feature_enabled":true,"jetpack_social_post_already_shared":true,"jetpack_social_options":{"image_generator_settings":{"template":"highway","default_image_id":0,"font":"","enabled":false},"version":2}},"categories":[3],"tags":[],"class_list":["post-49579","post","type-post","status-publish","format-standard","has-post-thumbnail","hentry","category-novosti"],"acf":{"facebook_opis":""},"jetpack_publicize_connections":[],"jetpack_featured_media_url":"https:\/\/i0.wp.com\/historiografija.hr\/wp-content\/uploads\/2025\/11\/Books.jpg?fit=1280%2C853&ssl=1","jetpack_sharing_enabled":true,"jetpack-related-posts":[],"_links":{"self":[{"href":"https:\/\/historiografija.hr\/index.php?rest_route=\/wp\/v2\/posts\/49579","targetHints":{"allow":["GET"]}}],"collection":[{"href":"https:\/\/historiografija.hr\/index.php?rest_route=\/wp\/v2\/posts"}],"about":[{"href":"https:\/\/historiografija.hr\/index.php?rest_route=\/wp\/v2\/types\/post"}],"author":[{"embeddable":true,"href":"https:\/\/historiografija.hr\/index.php?rest_route=\/wp\/v2\/users\/2"}],"replies":[{"embeddable":true,"href":"https:\/\/historiografija.hr\/index.php?rest_route=%2Fwp%2Fv2%2Fcomments&post=49579"}],"version-history":[{"count":1,"href":"https:\/\/historiografija.hr\/index.php?rest_route=\/wp\/v2\/posts\/49579\/revisions"}],"predecessor-version":[{"id":49581,"href":"https:\/\/historiografija.hr\/index.php?rest_route=\/wp\/v2\/posts\/49579\/revisions\/49581"}],"wp:featuredmedia":[{"embeddable":true,"href":"https:\/\/historiografija.hr\/index.php?rest_route=\/wp\/v2\/media\/49580"}],"wp:attachment":[{"href":"https:\/\/historiografija.hr\/index.php?rest_route=%2Fwp%2Fv2%2Fmedia&parent=49579"}],"wp:term":[{"taxonomy":"category","embeddable":true,"href":"https:\/\/historiografija.hr\/index.php?rest_route=%2Fwp%2Fv2%2Fcategories&post=49579"},{"taxonomy":"post_tag","embeddable":true,"href":"https:\/\/historiografija.hr\/index.php?rest_route=%2Fwp%2Fv2%2Ftags&post=49579"}],"curies":[{"name":"wp","href":"https:\/\/api.w.org\/{rel}","templated":true}]}}