{"id":49576,"date":"2025-11-13T22:06:42","date_gmt":"2025-11-13T22:06:42","guid":{"rendered":"https:\/\/historiografija.hr\/?p=49576"},"modified":"2025-11-13T22:06:42","modified_gmt":"2025-11-13T22:06:42","slug":"tribina-zrtva-i-revizija-povijesti","status":"publish","type":"post","link":"https:\/\/historiografija.hr\/?p=49576","title":{"rendered":"Tribina \u201c\u017drtva i revizija povijesti\u201d"},"content":{"rendered":"\n<p>\u201eU prostorijama Saveza antifa\u0161isti\u010dkih boraca i antifa\u0161ista RH (SABA) 11. novembra odr\u017eana je tribina \u201c\u017drtva i revizija povijesti\u201d u sklopu EU projekta \u201cUloga i polo\u017eaj \u017ertve\u201d koji provode SABA, Documenta \u2013 Centar za suo\u010davanje s pro\u0161lo\u0161\u0107u, Zveza zdru\u017eenj borcev za vrednote narodnoosvobodilnega boja Slovenije (Zveza) i ogranak Nacionalne asocijacije partizana Italije (ANPI) iz Trsta.\u201c (<em>Novosti<\/em>)<\/p>\n\n\n\n<hr class=\"wp-block-separator has-alpha-channel-opacity\"\/>\n\n\n\n<p>Op\u0161irnije:<\/p>\n\n\n\n<p><a href=\"https:\/\/www.portalnovosti.com\/poziv-na-dijalog-o-zrtvama-i-zlocincima\">https:\/\/www.portalnovosti.com\/poziv-na-dijalog-o-zrtvama-i-zlocincima<\/a><\/p>\n\n\n\n<figure class=\"wp-block-embed is-type-wp-embed is-provider-savez-antifa-isti-kih-boraca-i-antifa-ista-republike-hrvatske wp-block-embed-savez-antifa-isti-kih-boraca-i-antifa-ista-republike-hrvatske\"><div class=\"wp-block-embed__wrapper\">\n<blockquote class=\"wp-embedded-content\" data-secret=\"NQvBfOcGn7\"><a href=\"https:\/\/sabh.hr\/konferencija-zrtva-i-revizija-povijesti\/\">Konferencija: &#8220;\u017dRTVA I REVIZIJA POVIJESTI!&#8221;<\/a><\/blockquote><iframe loading=\"lazy\" class=\"wp-embedded-content\" sandbox=\"allow-scripts\" security=\"restricted\" style=\"position: absolute; visibility: hidden;\" title=\"&#8220;Konferencija: &#8220;\u017dRTVA I REVIZIJA POVIJESTI!&#8221;&#8221; &#8212; Savez antifa\u0161isti\u010dkih boraca i antifa\u0161ista Republike Hrvatske\" src=\"https:\/\/sabh.hr\/konferencija-zrtva-i-revizija-povijesti\/embed\/#?secret=mJSA5tSkbl#?secret=NQvBfOcGn7\" data-secret=\"NQvBfOcGn7\" width=\"600\" height=\"338\" frameborder=\"0\" marginwidth=\"0\" marginheight=\"0\" scrolling=\"no\"><\/iframe>\n<\/div><\/figure>\n\n\n\n<hr class=\"wp-block-separator has-alpha-channel-opacity\"\/>\n","protected":false},"excerpt":{"rendered":"","protected":false},"author":2,"featured_media":49577,"comment_status":"open","ping_status":"open","sticky":false,"template":"","format":"standard","meta":{"_acf_changed":false,"jetpack_post_was_ever_published":false,"_jetpack_newsletter_access":"","_jetpack_dont_email_post_to_subs":false,"_jetpack_newsletter_tier_id":0,"_jetpack_memberships_contains_paywalled_content":false,"_jetpack_memberships_contains_paid_content":false,"footnotes":"","jetpack_publicize_message":"","jetpack_publicize_feature_enabled":true,"jetpack_social_post_already_shared":true,"jetpack_social_options":{"image_generator_settings":{"template":"highway","default_image_id":0,"font":"","enabled":false},"version":2}},"categories":[3],"tags":[],"class_list":["post-49576","post","type-post","status-publish","format-standard","has-post-thumbnail","hentry","category-novosti"],"acf":{"facebook_opis":""},"jetpack_publicize_connections":[],"jetpack_featured_media_url":"https:\/\/i0.wp.com\/historiografija.hr\/wp-content\/uploads\/2025\/11\/The-role-of-victim.png?fit=500%2C500&ssl=1","jetpack_sharing_enabled":true,"jetpack-related-posts":[],"_links":{"self":[{"href":"https:\/\/historiografija.hr\/index.php?rest_route=\/wp\/v2\/posts\/49576","targetHints":{"allow":["GET"]}}],"collection":[{"href":"https:\/\/historiografija.hr\/index.php?rest_route=\/wp\/v2\/posts"}],"about":[{"href":"https:\/\/historiografija.hr\/index.php?rest_route=\/wp\/v2\/types\/post"}],"author":[{"embeddable":true,"href":"https:\/\/historiografija.hr\/index.php?rest_route=\/wp\/v2\/users\/2"}],"replies":[{"embeddable":true,"href":"https:\/\/historiografija.hr\/index.php?rest_route=%2Fwp%2Fv2%2Fcomments&post=49576"}],"version-history":[{"count":1,"href":"https:\/\/historiografija.hr\/index.php?rest_route=\/wp\/v2\/posts\/49576\/revisions"}],"predecessor-version":[{"id":49578,"href":"https:\/\/historiografija.hr\/index.php?rest_route=\/wp\/v2\/posts\/49576\/revisions\/49578"}],"wp:featuredmedia":[{"embeddable":true,"href":"https:\/\/historiografija.hr\/index.php?rest_route=\/wp\/v2\/media\/49577"}],"wp:attachment":[{"href":"https:\/\/historiografija.hr\/index.php?rest_route=%2Fwp%2Fv2%2Fmedia&parent=49576"}],"wp:term":[{"taxonomy":"category","embeddable":true,"href":"https:\/\/historiografija.hr\/index.php?rest_route=%2Fwp%2Fv2%2Fcategories&post=49576"},{"taxonomy":"post_tag","embeddable":true,"href":"https:\/\/historiografija.hr\/index.php?rest_route=%2Fwp%2Fv2%2Ftags&post=49576"}],"curies":[{"name":"wp","href":"https:\/\/api.w.org\/{rel}","templated":true}]}}